{"id":8977,"date":"2022-11-05T21:09:38","date_gmt":"2022-11-05T20:09:38","guid":{"rendered":"https:\/\/mbsniezna.rzeszow.pl\/?p=8977"},"modified":"2022-11-05T21:09:38","modified_gmt":"2022-11-05T20:09:38","slug":"intencje-mszalne-7-11-13-11-2022-r","status":"publish","type":"post","link":"https:\/\/mbsniezna.rzeszow.pl\/index.php\/2022\/11\/05\/intencje-mszalne-7-11-13-11-2022-r\/","title":{"rendered":"Intencje mszalne\u00a0 7.11\u2013 13.11. 2022 r."},"content":{"rendered":"<p>Poniedzia\u0142ek 7.11<\/p>\n<table cellspacing=\"0\" cellpadding=\"0\">\n<tbody>\n<tr>\n<td valign=\"middle\">7.00<\/td>\n<td valign=\"top\">++ Proboszczowie i wikariusze pracuj\u0105cy w parafii Budziw\u00f3j.<span class=\"Apple-converted-space\">&nbsp;<\/span><\/td>\n<\/tr>\n<tr>\n<td valign=\"middle\">18.00<\/td>\n<td valign=\"top\"><b>1. ++ Stanis\u0142aw J\u00f3zef Naw\u00f3j ++ z rodziny<span class=\"Apple-converted-space\">&nbsp;<\/span><\/b><\/p>\n<p>* +<b>Jan <\/b>Bal od OSP Zalesie. +<b>J\u00f3zef<\/b> Solecki od rodziny Majchr\u00f3w i Skib\u00f3w + <b>Tadeusz<\/b> Szybiak od Beaty i Adama Miazga (ks. Damian) +<b>Piotr<\/b> Kopa\u0144ski (7) + <b>J\u00f3zef<\/b> Guga\u0142a (7)<span class=\"Apple-converted-space\">&nbsp;<\/span><\/td>\n<\/tr>\n<\/tbody>\n<\/table>\n<p>Wtorek 8.11<\/p>\n<table cellspacing=\"0\" cellpadding=\"0\">\n<tbody>\n<tr>\n<td valign=\"middle\">7.00<\/td>\n<td valign=\"top\">1. + + Ksi\u0119\u017ca rodacy z Budziwoja<span class=\"Apple-converted-space\">&nbsp;<\/span><\/td>\n<\/tr>\n<tr>\n<td valign=\"middle\">18.00<span class=\"Apple-converted-space\">&nbsp;<\/span><\/td>\n<td valign=\"top\">1. <b>+Marian Giba\u0142a 13 r. \u015b. <\/b><span class=\"Apple-converted-space\">&nbsp;<\/span><\/p>\n<p>2. + <b>Aniela Kalita<\/b><\/p>\n<p>* +<b>Jerzy<\/b> Kuzdro od Adama ii Marii Kuzdro z Lubeni, + <b>J\u00f3zef<\/b> Solecki od rodziny Rabczak +<b>Joanna <\/b>Pa\u0142ka od s\u0105siad\u00f3w Leniart\u00f3w (ks. Damian)<span class=\"Apple-converted-space\">&nbsp; <\/span>+<b>Piotr<\/b> Kopa\u0144ski (8) + <b>J\u00f3zef<\/b> Guga\u0142a (8)<\/td>\n<\/tr>\n<\/tbody>\n<\/table>\n<p>\u015aroda 9.11<\/p>\n<table cellspacing=\"0\" cellpadding=\"0\">\n<tbody>\n<tr>\n<td valign=\"middle\">7.00<\/td>\n<td valign=\"top\">1. + Maria i W\u0142adys\u0142aw Go\u015b <span class=\"Apple-converted-space\">&nbsp;<\/span><\/td>\n<\/tr>\n<tr>\n<td valign=\"middle\">18.00<\/td>\n<td valign=\"top\">1. ++ <b>Anna J\u00f3zef Pa\u015bkiewicz<\/b><\/p>\n<p>2. + <b>Antonina Leg\u0119\u0107<\/b><span class=\"Apple-converted-space\">&nbsp;<\/span><\/p>\n<p>* <b>+ J\u00f3zef<\/b> Ko\u0142wa od Dyrekcji i wsp\u00f3\u0142pracownik\u00f3w syna Adama z MOPS Rzesz\u00f3w, + <b>Jan <\/b>Bal od rodziny Warzybok<span class=\"Apple-converted-space\">&nbsp;<\/span><\/p>\n<p>+<b>Piotr<\/b> Kopa\u0144ski (9) + <b>J\u00f3zef<\/b> Guga\u0142a (9) +<b> Joanna<\/b> Pa\u0142ka od Renaty z rodzin\u0105 (ks. Damian)<span class=\"Apple-converted-space\">&nbsp;<\/span><\/td>\n<\/tr>\n<\/tbody>\n<\/table>\n<p>Czwartek 10.11<\/p>\n<table cellspacing=\"0\" cellpadding=\"0\">\n<tbody>\n<tr>\n<td valign=\"middle\">7.00<\/td>\n<td valign=\"top\">1. + Emilia Franciszek ++ z rodziny O\u017cy\u0142o<span class=\"Apple-converted-space\">&nbsp;<\/span><\/td>\n<\/tr>\n<tr>\n<td valign=\"middle\">18.00<\/td>\n<td valign=\"top\">1. + <b>Wojciech Stefania Trela 29 r. \u015b.<\/b><span class=\"Apple-converted-space\">&nbsp;<\/span><\/p>\n<p>2. <b>+ Stanis\u0142aw Urbanek 1 r. \u015b.<span class=\"Apple-converted-space\">&nbsp;<\/span><\/b><\/p>\n<p>* + <b>J\u00f3zef <\/b>Solecki od s\u0105siad\u00f3w Michalskich, + <b>Jan<\/b> Bal od wsp\u00f3\u0142pracownik\u00f3w brata Andrzeja.<span class=\"Apple-converted-space\">&nbsp;<\/span><\/p>\n<p>+<b>Piotr<\/b> Kopa\u0144ski (10) + <b>J\u00f3zef<\/b> Guga\u0142a (10) +<b>Joanna <\/b>Pa\u0142ka od Renaty Krok z rodzin\u0105 (ks. Damian)<\/td>\n<\/tr>\n<\/tbody>\n<\/table>\n<p>Pi\u0105tek 11.11<\/p>\n<table cellspacing=\"0\" cellpadding=\"0\">\n<tbody>\n<tr>\n<td valign=\"middle\">7.00<\/td>\n<td valign=\"top\">1. O Bo\u017ce b\u0142ogos\u0142awie\u0144stwo i opiek\u0119 MB w 1 urodziny dla Nikodema<\/p>\n<p>2. + Anna 22 r. \u015b. W\u0142adys\u0142aw Pelczar<span class=\"Apple-converted-space\">&nbsp;<\/span><\/td>\n<\/tr>\n<tr>\n<td valign=\"middle\">18.00<\/td>\n<td valign=\"top\"><b>1. + Agnieszka Homik 4 r. \u015b.<span class=\"Apple-converted-space\">&nbsp;<\/span><\/b><\/p>\n<p><b>2. + Zbigniew Janina G\u0142odowscy od dzieci<span class=\"Apple-converted-space\">&nbsp;<\/span><\/b><\/p>\n<p>*<b>+ J\u00f3zef<\/b> Ko\u0142wa od Dyrekcji i wsp\u00f3\u0142pracownik\u00f3w syna Adama z MOPS Rzesz\u00f3w,<span class=\"Apple-converted-space\">&nbsp; <\/span>+ <b>Jerzy<\/b> Kuzdro od rodziny Chmiel<span class=\"Apple-converted-space\">&nbsp;<\/span><\/p>\n<p>+<b>Piotr<\/b> Kopa\u0144ski (11) + <b>J\u00f3zef<\/b> Guga\u0142a (11)<\/td>\n<\/tr>\n<\/tbody>\n<\/table>\n<p>Sobota 12.11<\/p>\n<table cellspacing=\"0\" cellpadding=\"0\">\n<tbody>\n<tr>\n<td valign=\"middle\">7.00<\/td>\n<td valign=\"top\">1. + Bronis\u0142awa Gawron<span class=\"Apple-converted-space\">&nbsp;<\/span><\/td>\n<\/tr>\n<tr>\n<td valign=\"middle\">18.00<\/td>\n<td valign=\"top\">1. O Bo\u017ce b\u0142ogos\u0142awie\u0144stwo i potrzebne \u0142aski dla Karoliny w 18 urodziny.<span class=\"Apple-converted-space\">&nbsp;<\/span><\/p>\n<p>*+ <b>Jerzy <\/b>Kuzdro od znajomych c\u00f3wrki Magdy, + <b>Jan<\/b> Bal od wsp\u00f3\u0142pracownik\u00f3w brata Andrzeja.<\/p>\n<p>+<b>Piotr<\/b> Kopa\u0144ski (12) + <b>J\u00f3zef<\/b> Guga\u0142a (12)<\/td>\n<\/tr>\n<\/tbody>\n<\/table>\n<p>NIEDZIELA 13.11<\/p>\n<table cellspacing=\"0\" cellpadding=\"0\">\n<tbody>\n<tr>\n<td valign=\"middle\">7.00<\/td>\n<td valign=\"top\">1. + Maria Pa\u015bkiewicz Eugeniusz 4 r. \u015b.<span class=\"Apple-converted-space\">&nbsp;<\/span><\/td>\n<\/tr>\n<tr>\n<td valign=\"middle\">9.00<\/td>\n<td valign=\"top\">1. Dzi\u0119kczynna o Bo\u017ce b\u0142ogos\u0142awie\u0144stwo w 35 rocznic\u0119 \u015blubu Danuty i Piotra<span class=\"Apple-converted-space\">&nbsp;<\/span><\/td>\n<\/tr>\n<tr>\n<td valign=\"middle\">10.30<\/td>\n<td valign=\"top\">1.+Katarzyna Szyd\u0142owska 39 r. \u015b.<span class=\"Apple-converted-space\">&nbsp;<\/span><\/p>\n<p>* +<b>Piotr<\/b> Kopa\u0144ski (12) + <b>J\u00f3zef<\/b> Guga\u0142a (12)<\/td>\n<\/tr>\n<tr>\n<td valign=\"middle\">12.00<\/td>\n<td valign=\"top\">1. Za parafian \u017cywych i zmar\u0142ych<\/td>\n<\/tr>\n<tr>\n<td valign=\"middle\">16.00<\/td>\n<td valign=\"top\">1.+ Stanis\u0142aw Janusz Kotula<\/td>\n<\/tr>\n<tr>\n<td valign=\"middle\">18.00<\/td>\n<td valign=\"top\">1. O Bo\u017ce b\u0142ogos\u0142awie\u0144stwo dla siostry Miriam<span class=\"Apple-converted-space\">&nbsp;<\/span><\/td>\n<\/tr>\n<\/tbody>\n<\/table>\n","protected":false},"excerpt":{"rendered":"<p>&#8230;<\/p>\n","protected":false},"author":1,"featured_media":7584,"comment_status":"closed","ping_status":"open","sticky":false,"template":"","format":"standard","meta":{"ngg_post_thumbnail":0,"footnotes":""},"categories":[4,25,13],"tags":[],"class_list":["post-8977","post","type-post","status-publish","format-standard","has-post-thumbnail","hentry","category-intencje","category-news","category-newsy"],"_links":{"self":[{"href":"https:\/\/mbsniezna.rzeszow.pl\/index.php\/wp-json\/wp\/v2\/posts\/8977","targetHints":{"allow":["GET"]}}],"collection":[{"href":"https:\/\/mbsniezna.rzeszow.pl\/index.php\/wp-json\/wp\/v2\/posts"}],"about":[{"href":"https:\/\/mbsniezna.rzeszow.pl\/index.php\/wp-json\/wp\/v2\/types\/post"}],"author":[{"embeddable":true,"href":"https:\/\/mbsniezna.rzeszow.pl\/index.php\/wp-json\/wp\/v2\/users\/1"}],"replies":[{"embeddable":true,"href":"https:\/\/mbsniezna.rzeszow.pl\/index.php\/wp-json\/wp\/v2\/comments?post=8977"}],"version-history":[{"count":1,"href":"https:\/\/mbsniezna.rzeszow.pl\/index.php\/wp-json\/wp\/v2\/posts\/8977\/revisions"}],"predecessor-version":[{"id":8978,"href":"https:\/\/mbsniezna.rzeszow.pl\/index.php\/wp-json\/wp\/v2\/posts\/8977\/revisions\/8978"}],"wp:featuredmedia":[{"embeddable":true,"href":"https:\/\/mbsniezna.rzeszow.pl\/index.php\/wp-json\/wp\/v2\/media\/7584"}],"wp:attachment":[{"href":"https:\/\/mbsniezna.rzeszow.pl\/index.php\/wp-json\/wp\/v2\/media?parent=8977"}],"wp:term":[{"taxonomy":"category","embeddable":true,"href":"https:\/\/mbsniezna.rzeszow.pl\/index.php\/wp-json\/wp\/v2\/categories?post=8977"},{"taxonomy":"post_tag","embeddable":true,"href":"https:\/\/mbsniezna.rzeszow.pl\/index.php\/wp-json\/wp\/v2\/tags?post=8977"}],"curies":[{"name":"wp","href":"https:\/\/api.w.org\/{rel}","templated":true}]}}