{"id":8987,"date":"2022-11-20T08:32:16","date_gmt":"2022-11-20T07:32:16","guid":{"rendered":"https:\/\/mbsniezna.rzeszow.pl\/?p=8987"},"modified":"2022-11-20T08:32:16","modified_gmt":"2022-11-20T07:32:16","slug":"intencje-mszalne-21-27-11-2022-r","status":"publish","type":"post","link":"https:\/\/mbsniezna.rzeszow.pl\/index.php\/2022\/11\/20\/intencje-mszalne-21-27-11-2022-r\/","title":{"rendered":"INTENCJE MSZALNE 21-27.11.2022 r."},"content":{"rendered":"<p>&nbsp;<\/p>\n<p>Poniedzia\u0142ek: 21.11<\/p>\n<table cellspacing=\"0\" cellpadding=\"0\">\n<tbody>\n<tr>\n<td valign=\"middle\">7.00<\/td>\n<td valign=\"top\">1. +Ks. Adam Drewniak<\/p>\n<p>2. +Krystyna Wac\u0142awek od wnuczki |Izabeli z rodzin\u0105<\/td>\n<\/tr>\n<tr>\n<td valign=\"middle\">18.00<\/td>\n<td valign=\"top\">1.+W\u0142adys\u0142aw Szwed (3 rocz.)<\/p>\n<p>*+Tadeusz Szybiak od Agnieszki Gom\u00f3\u0142ka \u2013 J\u0119drzej\u00f3w; +J\u00f3zef Solecki od rodziny Rabczak -RPA<\/p>\n<p>*+Piotr Kopa\u0144ski (21) \u2013 Krasnojarsk, +J\u00f3zef Guga\u0142a (21) &#8211; Tarnoszyn<\/td>\n<\/tr>\n<\/tbody>\n<\/table>\n<p>Wtorek: 22.11<\/p>\n<table cellspacing=\"0\" cellpadding=\"0\">\n<tbody>\n<tr>\n<td valign=\"middle\">7.00<\/td>\n<td valign=\"top\">1. +Ks. W\u0142adys\u0142aw Drewniak<\/p>\n<p>2. +Wiktoria Dr\u0105\u017cek od wnuka Mariusza z rodzin\u0105<\/td>\n<\/tr>\n<tr>\n<td valign=\"middle\">18.00<\/td>\n<td valign=\"top\">1. Dzi\u0119kczynna i o Bo\u017ce B\u0142ogos\u0142awie\u0144stwo dla Heleny Obara w 85 urodziny<\/p>\n<p>2. O b\u0142ogos\u0142awie\u0144stwo Bo\u017ce i opiek\u0119 Matki Naj\u015bwi\u0119tszej dla \u0141ukasza w 18 urodziny<\/p>\n<p>*+Aleksander Mazur od kuzynki Ryszardy z rodzin\u0105 \u2013 J\u0119drzej\u00f3w, +Maria Piekarz od rodziny Gliw\u00f3w &#8211; RPA<\/p>\n<p>*+Piotr Kopa\u0144ski (22) \u2013 Krasnojarsk, +J\u00f3zef Guga\u0142a (22) &#8211; Tarnoszyn<\/td>\n<\/tr>\n<\/tbody>\n<\/table>\n<p>\u015aroda: 23.11<\/p>\n<table cellspacing=\"0\" cellpadding=\"0\">\n<tbody>\n<tr>\n<td valign=\"middle\">7.00<\/td>\n<td valign=\"top\">1.<span class=\"Apple-converted-space\">&nbsp; <\/span>+Ks. Stanis\u0142aw Ry\u015b<\/td>\n<\/tr>\n<tr>\n<td valign=\"middle\">18.00<\/td>\n<td valign=\"top\">1. +Stanis\u0142awa, Pawe\u0142 Mikrut<\/p>\n<p>2. +Longin Pi\u0119ta<\/p>\n<p>*+Jan Bal od Andrzeja Pr\u0119dkiego z rodzin\u0105 \u2013 J\u0119drzej\u00f3w, +J\u00f3zef Ko\u0142wa od swat\u00f3w z Medyni G\u0142ogowskiej &#8211; RPA<\/p>\n<p>*+Piotr Kopa\u0144ski (23) \u2013 Krasnojarska, +J\u00f3zef Guga\u0142a (23) &#8211; Tarnoszyn<\/td>\n<\/tr>\n<\/tbody>\n<\/table>\n<p>Czwartek 24.11<\/p>\n<table cellspacing=\"0\" cellpadding=\"0\">\n<tbody>\n<tr>\n<td valign=\"middle\">7.00<\/td>\n<td valign=\"top\">1. +Ks. J\u00f3zef Pa\u015bciak<\/td>\n<\/tr>\n<tr>\n<td valign=\"middle\">18.00<\/td>\n<td valign=\"top\">1. ++ siostry r\u00f3\u017ca\u0144cowe z r\u00f3\u017cy Teresy Basiura<\/p>\n<p>2. +Dariusz Wac\u0142awek od Marii i Les\u0142awa G\u0142odowskich<\/p>\n<p>*+Jerzy Kuzdro od Stanis\u0142awa i W\u0142adys\u0142awa Palczak \u2013 J\u0119drzej\u00f3w, +Stanis\u0142awa Pa\u015bko od Haliny T\u0142uczek z rodzin\u0105 &#8211; RPA<\/p>\n<p>*+Piotr Kopa\u0144ski (24) \u2013 Krasnojarsk, +J\u00f3zef Guga\u0142a (24) &#8211; Tarnoszyn<\/td>\n<\/tr>\n<\/tbody>\n<\/table>\n<p>Pi\u0105tek 25.11<\/p>\n<table cellspacing=\"0\" cellpadding=\"0\">\n<tbody>\n<tr>\n<td valign=\"middle\">7.00<\/td>\n<td valign=\"top\">1. +Ks. W\u0142adys\u0142aw Ba\u0107<\/p>\n<p>2. +Julia, W\u0142adys\u0142aw, ++ z rodziny<\/p>\n<p>3. +Joanna Pa\u0142ka od kuzynki Eweliny i kuzyna Krzysztofa<\/td>\n<\/tr>\n<tr>\n<td valign=\"middle\">18.00<\/td>\n<td valign=\"top\">1. +Weronika Murias od rodziny Go\u017adzieli\u0144skich<\/p>\n<p>2. +Boles\u0142aw Michalski (15 rocz.)<\/p>\n<p>3. +Dariusz Wac\u0142awek od Doroty i Dariusza Borkowskich<\/p>\n<p>*+Stanis\u0142awa Pa\u015bko od Danuty z rodzin\u0105, +J\u00f3zef Ko\u0142wa od ws\u00f3\u0142pracownil\u00f3w z Firmy EuroTrans &#8211; RPA<\/p>\n<p>*+Piotr Kopa\u0144ski (25) \u2013 Krasnojarsk, +J\u00f3zef Guga\u0142a (25) &#8211; Tarnoszyn<\/td>\n<\/tr>\n<\/tbody>\n<\/table>\n<p>Sobota 26.11<\/p>\n<table cellspacing=\"0\" cellpadding=\"0\">\n<tbody>\n<tr>\n<td valign=\"middle\">7.00<\/td>\n<td valign=\"top\">1. +Ks. Stanis\u0142aw Turek<\/p>\n<p>2. +Jan Biestek, Zofia i J\u00f3zef Kukla<\/td>\n<\/tr>\n<tr>\n<td valign=\"middle\">18.000<\/td>\n<td valign=\"top\">1. O b\u0142ogos\u0142awie\u0144stwo Bo\u017ce i opiek\u0119 Matki Bo\u017cej dla Zuzi w pierwsz\u0105 rocznice urodzin<\/p>\n<p>2. +Stanis\u0142aw Ba\u0142a (6 rocz.)<\/p>\n<p>3. +Joanna Pa\u0142ka od rodzic\u00f3w<\/p>\n<p>*+J\u00f3zef Ko\u0142wa od kole\u017canek z pracy z rejonu IV MOPS Rzesz\u00f3w \u2013 J\u0119drzej\u00f3w, +Maria Piekarz od s\u0105siad\u00f3w z Budziwojskiej-RPA<\/p>\n<p>*+Piotr Kopa\u0144ski (26) \u2013 Krasnojarsk, +J\u00f3zef Guga\u0142a (26) &#8211; Tarnoszyn<\/td>\n<\/tr>\n<\/tbody>\n<\/table>\n<p>Niedziela<span class=\"Apple-converted-space\">&nbsp; <\/span>27.11<\/p>\n<table cellspacing=\"0\" cellpadding=\"0\">\n<tbody>\n<tr>\n<td valign=\"middle\">7.00<\/td>\n<td valign=\"top\">1. +Stanis\u0142aw, Zofia Szczypek<\/td>\n<\/tr>\n<tr>\n<td valign=\"middle\">9.00<\/td>\n<td valign=\"top\">1. O b\u0142og. Bo\u017ce dla Andrzeja w 40 urodziny<\/p>\n<p>2. +Zdzis\u0142aw Ciebiera<\/td>\n<\/tr>\n<tr>\n<td valign=\"middle\">10.30<\/td>\n<td valign=\"top\">1. +Stanis\u0142aw Dudek (19 rocz.)<\/p>\n<p>*+Piotr Kopa\u0144ski (27) \u2013 Krasnojarsk, +J\u00f3zef Guga\u0142a (27) \u2013 Tarnoszyn<span class=\"Apple-converted-space\">&nbsp;<\/span><\/td>\n<\/tr>\n<tr>\n<td valign=\"middle\">12.00<\/td>\n<td valign=\"top\">1. Za parafian \u017cywych i zmar\u0142ych<\/p>\n<p>2. +Ks. Piotr Szczupiel<\/td>\n<\/tr>\n<tr>\n<td valign=\"middle\">16.00<\/td>\n<td valign=\"top\">1. O b\u0142ogos\u0142awie\u0144stwo Bo\u017ce i opiek\u0119 Matki Naj\u015bwi\u0119tszej dla rodziny Dziedzic\u00f3w<\/td>\n<\/tr>\n<tr>\n<td valign=\"middle\">18.00<\/td>\n<td valign=\"top\">1. +Alfred, Zofia Pr\u0119dki<\/td>\n<\/tr>\n<\/tbody>\n<\/table>\n","protected":false},"excerpt":{"rendered":"<p>&#8230;<\/p>\n","protected":false},"author":1,"featured_media":7628,"comment_status":"closed","ping_status":"open","sticky":false,"template":"","format":"standard","meta":{"ngg_post_thumbnail":0,"footnotes":""},"categories":[4,25,13],"tags":[],"class_list":["post-8987","post","type-post","status-publish","format-standard","has-post-thumbnail","hentry","category-intencje","category-news","category-newsy"],"_links":{"self":[{"href":"https:\/\/mbsniezna.rzeszow.pl\/index.php\/wp-json\/wp\/v2\/posts\/8987","targetHints":{"allow":["GET"]}}],"collection":[{"href":"https:\/\/mbsniezna.rzeszow.pl\/index.php\/wp-json\/wp\/v2\/posts"}],"about":[{"href":"https:\/\/mbsniezna.rzeszow.pl\/index.php\/wp-json\/wp\/v2\/types\/post"}],"author":[{"embeddable":true,"href":"https:\/\/mbsniezna.rzeszow.pl\/index.php\/wp-json\/wp\/v2\/users\/1"}],"replies":[{"embeddable":true,"href":"https:\/\/mbsniezna.rzeszow.pl\/index.php\/wp-json\/wp\/v2\/comments?post=8987"}],"version-history":[{"count":1,"href":"https:\/\/mbsniezna.rzeszow.pl\/index.php\/wp-json\/wp\/v2\/posts\/8987\/revisions"}],"predecessor-version":[{"id":8988,"href":"https:\/\/mbsniezna.rzeszow.pl\/index.php\/wp-json\/wp\/v2\/posts\/8987\/revisions\/8988"}],"wp:featuredmedia":[{"embeddable":true,"href":"https:\/\/mbsniezna.rzeszow.pl\/index.php\/wp-json\/wp\/v2\/media\/7628"}],"wp:attachment":[{"href":"https:\/\/mbsniezna.rzeszow.pl\/index.php\/wp-json\/wp\/v2\/media?parent=8987"}],"wp:term":[{"taxonomy":"category","embeddable":true,"href":"https:\/\/mbsniezna.rzeszow.pl\/index.php\/wp-json\/wp\/v2\/categories?post=8987"},{"taxonomy":"post_tag","embeddable":true,"href":"https:\/\/mbsniezna.rzeszow.pl\/index.php\/wp-json\/wp\/v2\/tags?post=8987"}],"curies":[{"name":"wp","href":"https:\/\/api.w.org\/{rel}","templated":true}]}}