{"id":9080,"date":"2023-01-14T23:53:42","date_gmt":"2023-01-14T22:53:42","guid":{"rendered":"https:\/\/mbsniezna.rzeszow.pl\/?p=9080"},"modified":"2023-01-14T23:53:42","modified_gmt":"2023-01-14T22:53:42","slug":"ii-niedziela-zwykla-15-stycznia-2023-r","status":"publish","type":"post","link":"https:\/\/mbsniezna.rzeszow.pl\/index.php\/2023\/01\/14\/ii-niedziela-zwykla-15-stycznia-2023-r\/","title":{"rendered":"II NIEDZIELA ZWYK\u0141A 15 STYCZNIA 2023 R."},"content":{"rendered":"<p>&nbsp;<\/p>\n<ol>\n<li>We wtorek o 17.00 spotkanie op\u0142atkowe naszej scholii. Po Mszy wieczornej nabo\u017ce\u0144stwo do \u015bw. Antoniego.<\/li>\n<\/ol>\n<ol start=\"2\">\n<li>W \u015brod\u0119 Nowenna do Matki Bo\u017cej \u2013 zapraszamy czcicieli Cudownego Medalika.<\/li>\n<\/ol>\n<ol start=\"3\">\n<li>W czwartek uroczysto\u015b\u0107<span class=\"Apple-converted-space\">&nbsp; <\/span>\u015bw. J\u00f3zefa Sebastiana Pelczara &#8211; patrona naszej diecezji.<span class=\"Apple-converted-space\">&nbsp; <\/span>O 14.00 pogrzeb \u015bp. Antoniego Fornal z Potok\u00f3w, od 17.15 adoracja i mo\u017cliwo\u015b\u0107 spowiedzi.<\/li>\n<\/ol>\n<ol start=\"4\">\n<li>W pi\u0105tek nabo\u017ce\u0144stwo do Bo\u017cego Mi\u0142osierdzia \u2013 na modlitw\u0119 zapraszamy cz\u0142onk\u00f3w grupy Koronka Mi\u0142osierdzia z Konaj\u0105cych.<\/li>\n<\/ol>\n<ol start=\"5\">\n<li>W sobot\u0119 \u015bw. Agnieszki.<\/li>\n<\/ol>\n<ol start=\"6\">\n<li>W sobot\u0119 o 9.00 wyjazd pielgrzymki do grobu i muzeum rodziny Ulm\u00f3w w Markowej. S\u0105 jeszcze wolne miejsca. Zapisy w zakrystii. Koszt 30 z\u0142.<\/li>\n<\/ol>\n<ol start=\"7\">\n<li>Przysz\u0142a niedziela w Ko\u015bciele prze\u017cywana jest jako Niedziela S\u0142owa Bo\u017cego. Na Mszy \u015bw. o 10.30 wyst\u0105pi Grupa Kol\u0119dnicza z<span class=\"Apple-converted-space\">&nbsp; <\/span>naszej Koloni. R\u00f3\u017caniec r\u00f3\u017ca Teresy Basiura.<\/li>\n<\/ol>\n<ol start=\"8\">\n<li>B\u00f3g zap\u0142a\u0107 za ofiary na sprz\u0105tanie ko\u015bcio\u0142a. W tym tygodniu z ul. Senatorskiej prosimy rodziny z numer\u00f3w parzystych od 2 do 68: 2, 6, 12, 14, 14a, 24, 26, 30, 34, 36, 38, 40, 42, 44, 68.<\/li>\n<\/ol>\n<ol start=\"9\">\n<li>B\u00f3g zap\u0142a\u0107 za dzisiejsz\u0105 sk\u0142adk\u0119 inwestycyjn\u0105. W tym roku planowane s\u0105 nast\u0119puj\u0105ce prace:<\/li>\n<\/ol>\n<p>*dalszy ci\u0105g renowacji elewacji ko\u015bcio\u0142a (\u0142uszczy si\u0119 i przyjmuje wod\u0119)<\/p>\n<p>*remont g\u0142\u00f3wnych schod\u00f3w (trzeba prze\u0142o\u017cy\u0107 bo si\u0119 ruszaj\u0105)<\/p>\n<p>*remont schod\u00f3w przy wej\u015bciu do zakrystii scholi &#8211; ca\u0142o\u015b\u0107 opad\u0142a<\/p>\n<p>*wymiana o\u015bwietlenia nad wej\u015bciem g\u0142\u00f3wnym do ko\u015bcio\u0142a<\/p>\n<p>*remont dachu na kaplicy cmentarnej &#8211; przecieka<\/p>\n<p>*malowanie dachu na kaplicy cmentarnej<\/p>\n<p>*malowanie wn\u0119trza kaplicy<\/p>\n<p>*remont schod\u00f3w do kaplicy cmentarnej (wymiana p\u0142ytek)<\/p>\n<p>*remont kanalizacji burzowej &#8211; rury s\u0105 zamulone i nie odprowadzaj\u0105 wody od budynk\u00f3w) &#8211; konieczne s\u0105 nowe pod\u0142\u0105czenia do budynk\u00f3w i linia g\u0142\u00f3wna<\/p>\n<p>*budowa kanalizacji na parkingu i odprowadzenia do ul. Strzekc\u00f3w<\/p>\n<ol start=\"10\">\n<li>Zako\u0144czyli\u015bmy wizyt\u0119 duszpastersk\u0105 parafii. Odwiedzili\u015bmy nowych mieszka\u0144c\u00f3w w szereg\u00f3wkach i domach jednorodzinnych. Dzi\u0119kujemy za te spotkania, za wsp\u00f3ln\u0105 modlitw\u0119, za rozmowy i za z\u0142o\u017cone ofiary. Pozostali parafianie przychodzili na spotkania kol\u0119dowe do ko\u015bcio\u0142a. Obecno\u015b\u0107 by\u0142a liczna. Rozwa\u017cali\u015bmy temat \u201eRodzina domowym Ko\u015bcio\u0142em\u201d. B\u00f3g zap\u0142a\u0107 za wsp\u00f3lna modlitw\u0119 i sk\u0142adane ofiary.<\/li>\n<\/ol>\n<ol start=\"11\">\n<li>Dzisiaj ko\u0144czymy w naszej parafii Rok \u015awi\u0119tego Zygmunta Szcz\u0119snego Feli\u0144skiego z racji 200-lecia jego urodzin. Go\u015bcimy najwy\u017csze w\u0142adze Zgromadzenia Si\u00f3str Franciszkanek Rodziny Maryji: matk\u0119 generaln\u0105 s. Ma\u0142gorzat\u0119 Burek z<span class=\"Apple-converted-space\">&nbsp; <\/span>Warszawy, matk\u0119 prowincjaln\u0105 z Krakowa s. Ma\u0142gorzat\u0119 Kap\u0142on. Obecna jest tak\u017ce s. Danuta Fudali i nasza rodaczka s. Izabela Pa\u0142ka.<\/li>\n<\/ol>\n<ol start=\"12\">\n<li>Jest taki pomys\u0142, aby owocem tego roku w naszej parafii by\u0142o powstanie<span class=\"Apple-converted-space\">&nbsp; <\/span>prowadzonej przez Siostry Franciszkanki Rodziny Maryi Wsp\u00f3lnoty Przyjaci\u00f3\u0142 \u015bw. Zygmunta Szcz\u0119snego Feli\u0144skiego. Spotkanie organizacyjne odb\u0119dzie si\u0119 17 lutego po Mszy wieczornej w przedszkolu.<\/li>\n<\/ol>\n<ol start=\"13\">\n<li>Dzisiaj na Mszach \u015bw. o<span class=\"Apple-converted-space\">&nbsp; <\/span>9.00 i 10.30 wyst\u0105pi ch\u00f3r ze S\u0142ociny, a o 12.00 Zesp\u00f3\u0142 Budziwojce wraz z kapel\u0105.<\/li>\n<\/ol>\n<ol start=\"14\">\n<li>20 stycznia rozpoczn\u0105 si\u0119 weekendowe katechezy przedma\u0142\u017ce\u0144skie w Sanktuarium w Niechobrzu i w Domu Rekolekcyjnym Tabor. Szczeg\u00f3\u0142y na parafialnym FB.<\/li>\n<\/ol>\n<ol start=\"15\">\n<li>Na stoliczku za \u0142awkami jest darmowa broszura pod tytu\u0142em \u201eJeste\u015bmy w po\u0142owie drogi\u201d \u2013 m\u00f3wi\u0105ca o ochronie \u017cycia ludzkiego w Polsce.<\/li>\n<\/ol>\n<ol start=\"16\">\n<li>W sobot\u0119 21 stycznia o godzinie 18.00 w Domu Kultury \u201eCountry\u201d na Herbowej b\u0119dzie<span class=\"Apple-converted-space\">&nbsp; <\/span>przygotowane przez Uniwersytet Rzeszowski widowisko \u201eOd wiosny do wiosny\u201d. Wst\u0119p bezp\u0142atny.<\/li>\n<\/ol>\n","protected":false},"excerpt":{"rendered":"<p>&#8230;<\/p>\n","protected":false},"author":1,"featured_media":7666,"comment_status":"closed","ping_status":"open","sticky":false,"template":"","format":"standard","meta":{"ngg_post_thumbnail":0,"footnotes":""},"categories":[25,13,14],"tags":[],"class_list":["post-9080","post","type-post","status-publish","format-standard","has-post-thumbnail","hentry","category-news","category-newsy","category-ogloszenia_duszp"],"_links":{"self":[{"href":"https:\/\/mbsniezna.rzeszow.pl\/index.php\/wp-json\/wp\/v2\/posts\/9080","targetHints":{"allow":["GET"]}}],"collection":[{"href":"https:\/\/mbsniezna.rzeszow.pl\/index.php\/wp-json\/wp\/v2\/posts"}],"about":[{"href":"https:\/\/mbsniezna.rzeszow.pl\/index.php\/wp-json\/wp\/v2\/types\/post"}],"author":[{"embeddable":true,"href":"https:\/\/mbsniezna.rzeszow.pl\/index.php\/wp-json\/wp\/v2\/users\/1"}],"replies":[{"embeddable":true,"href":"https:\/\/mbsniezna.rzeszow.pl\/index.php\/wp-json\/wp\/v2\/comments?post=9080"}],"version-history":[{"count":1,"href":"https:\/\/mbsniezna.rzeszow.pl\/index.php\/wp-json\/wp\/v2\/posts\/9080\/revisions"}],"predecessor-version":[{"id":9081,"href":"https:\/\/mbsniezna.rzeszow.pl\/index.php\/wp-json\/wp\/v2\/posts\/9080\/revisions\/9081"}],"wp:featuredmedia":[{"embeddable":true,"href":"https:\/\/mbsniezna.rzeszow.pl\/index.php\/wp-json\/wp\/v2\/media\/7666"}],"wp:attachment":[{"href":"https:\/\/mbsniezna.rzeszow.pl\/index.php\/wp-json\/wp\/v2\/media?parent=9080"}],"wp:term":[{"taxonomy":"category","embeddable":true,"href":"https:\/\/mbsniezna.rzeszow.pl\/index.php\/wp-json\/wp\/v2\/categories?post=9080"},{"taxonomy":"post_tag","embeddable":true,"href":"https:\/\/mbsniezna.rzeszow.pl\/index.php\/wp-json\/wp\/v2\/tags?post=9080"}],"curies":[{"name":"wp","href":"https:\/\/api.w.org\/{rel}","templated":true}]}}