{"id":9102,"date":"2023-02-18T23:13:01","date_gmt":"2023-02-18T22:13:01","guid":{"rendered":"https:\/\/mbsniezna.rzeszow.pl\/?p=9102"},"modified":"2023-02-18T23:13:01","modified_gmt":"2023-02-18T22:13:01","slug":"intencje-mszalne-20-26-02-2023-r","status":"publish","type":"post","link":"https:\/\/mbsniezna.rzeszow.pl\/index.php\/2023\/02\/18\/intencje-mszalne-20-26-02-2023-r\/","title":{"rendered":"<strong>INTENCJE MSZALNE\u00a0 20 \u2013 26.02. 2023 R.<\/strong>"},"content":{"rendered":"\n<p><\/p>\n\n\n\n<p>Poniedzia\u0142ek 20.02<\/p>\n\n\n\n<p>7.00 O zdrowie i b\u0142ogos\u0142awie\u0144stwo Bo\u017ce dla J\u00f3zefa<\/p>\n\n\n\n<p>7.00 +Agnieszka Pojnar&nbsp; z domu Twardak od kole\u017canek i koleg\u00f3w z&nbsp; LO w Dynowie<\/p>\n\n\n\n<p>18.00 +Jan Ziemniak<\/p>\n\n\n\n<p>18.00 +Tadeusz Szybiak od Danuty i Jana Doron z rodzin\u0105<\/p>\n\n\n\n<p>*+Augustyn Mazur od rodziny Kuczy\u0144skich \u2013 ks. Damian poza parafi\u0105<\/p>\n\n\n\n<p>Wtorek 21.02<\/p>\n\n\n\n<p>7.00 O opiek\u0119 Matki Bo\u017cej nad rodzin\u0105 Kotul\u00f3w<\/p>\n\n\n\n<p>7.00 +Augustyn Mazur od Teresy i Czes\u0142awa Szewc\u00f3w<\/p>\n\n\n\n<p>7.00 +Jan Bal od Przemys\u0142awa i Jolanty Janik<\/p>\n\n\n\n<p>18.00 O Bo\u017ce b\u0142ogos\u0142awie\u0144stwo dla Weroniki w 4 urodziny<\/p>\n\n\n\n<p>18.00 +Kazimiera (25 rocz.), Augustyn (4 rocz.) Piekie\u0142ek<\/p>\n\n\n\n<p>18.00 +Tadeusz Szybiak od kuzynki Dominiki i Pauliny z m\u0119\u017cem<\/p>\n\n\n\n<p>18.00 +Stanis\u0142awa Pa\u015bko od syna Mariusza z rodzin\u0105<\/p>\n\n\n\n<p>\u015aroda Popielcowa 22.02<\/p>\n\n\n\n<p>7.00 +Mariusz T\u0142uczek<\/p>\n\n\n\n<p>9.00 +Zbigniew \u017bar\u00f3w<\/p>\n\n\n\n<p>18.00 +Stanis\u0142awa, Franciszek, Danuta Hajnosz<\/p>\n\n\n\n<p>18.00 +J\u00f3zef Ko\u0142wa od syna Adama i wnuka Alana<\/p>\n\n\n\n<p>18.00 +J\u00f3zef Solecki od Grzegorza B\u0142o\u0144skiego z rodzin\u0105<\/p>\n\n\n\n<p>20.00 ++ siostry r\u00f3\u017ca\u0144cowe z r\u00f3\u017cy El\u017cbiety G\u0142odowskiej<\/p>\n\n\n\n<p>Czwartek 23.02<\/p>\n\n\n\n<p>7.00 +Adam Domino od c\u00f3rki Joanny<\/p>\n\n\n\n<p>7.00 +Jan Bal od rodziny Lubas\u00f3w<\/p>\n\n\n\n<p>7.00 +Jerzy Kuzdro od El\u017cbiety Wierzchowskiej z rodzin\u0105<\/p>\n\n\n\n<p>18.00 ++ dusze w czy\u015b\u0107cu cierpi\u0105ce<\/p>\n\n\n\n<p>18.00 +J\u00f3zef, Aniela Konkol<\/p>\n\n\n\n<p>18.00 +Maria Go\u015b od wnuka Macieja z rodzin\u0105<\/p>\n\n\n\n<p>Pi\u0105tek 24.02.&nbsp;<\/p>\n\n\n\n<p>7.00 +Genowefa, Helena, Tadeusz G\u0142odowscy<\/p>\n\n\n\n<p>7.00 +Jerzy Kuzdro od braci z rodzinami<\/p>\n\n\n\n<p>7.00 +Stanis\u0142awa Pa\u015bko od siostry J\u00f3zefy Smalarz z rodzin\u0105 \u2013 zako\u0144czenie Mszy pogrzebowych<\/p>\n\n\n\n<p>18.00 Dzi\u0119kczynna i o Bo\u017ce b\u0142ogos\u0142awie\u0144stwo dla Darii w 8 urodziny<\/p>\n\n\n\n<p>18.00 +Stanis\u0142awa, Zofia, Wojciech Kowalscy<\/p>\n\n\n\n<p>18.00 +Czes\u0142awa Podg\u00f3rska od c\u00f3rki z m\u0119\u017cem<\/p>\n\n\n\n<p>Sobota \u2013 25.02<\/p>\n\n\n\n<p>7.00 +J\u00f3zef Ko\u0142wa od siostrzenicy z rodzin\u0105<\/p>\n\n\n\n<p>18.00 +Czes\u0142awa Kotula (4 rocz.)<\/p>\n\n\n\n<p>18.00 +Emil Piz\u0142o od \u017cony<\/p>\n\n\n\n<p>Niedziela \u2013 26.02<\/p>\n\n\n\n<p>7.00 +Emilia Piszcz, Adam Piszcz<\/p>\n\n\n\n<p>9.00 +Franciszek Pasierb (9 rocz.)<\/p>\n\n\n\n<p>10.30 +Andrzej Pa\u0142ka (26 rocz.) od mamy<\/p>\n\n\n\n<p>12.00 Za parafian \u017cywych i zmar\u0142ych<\/p>\n\n\n\n<p>16.00 +Stanis\u0142aw, Stanis\u0142awa, Krystyna, Wanda<\/p>\n\n\n\n<p>18.00 +J\u00f3zef Solecki od c\u00f3rki Anny<\/p>\n","protected":false},"excerpt":{"rendered":"<p>&#8230;<\/p>\n","protected":false},"author":1,"featured_media":7637,"comment_status":"closed","ping_status":"open","sticky":false,"template":"","format":"standard","meta":{"ngg_post_thumbnail":0,"footnotes":""},"categories":[4,25,13],"tags":[],"class_list":["post-9102","post","type-post","status-publish","format-standard","has-post-thumbnail","hentry","category-intencje","category-news","category-newsy"],"_links":{"self":[{"href":"https:\/\/mbsniezna.rzeszow.pl\/index.php\/wp-json\/wp\/v2\/posts\/9102","targetHints":{"allow":["GET"]}}],"collection":[{"href":"https:\/\/mbsniezna.rzeszow.pl\/index.php\/wp-json\/wp\/v2\/posts"}],"about":[{"href":"https:\/\/mbsniezna.rzeszow.pl\/index.php\/wp-json\/wp\/v2\/types\/post"}],"author":[{"embeddable":true,"href":"https:\/\/mbsniezna.rzeszow.pl\/index.php\/wp-json\/wp\/v2\/users\/1"}],"replies":[{"embeddable":true,"href":"https:\/\/mbsniezna.rzeszow.pl\/index.php\/wp-json\/wp\/v2\/comments?post=9102"}],"version-history":[{"count":1,"href":"https:\/\/mbsniezna.rzeszow.pl\/index.php\/wp-json\/wp\/v2\/posts\/9102\/revisions"}],"predecessor-version":[{"id":9103,"href":"https:\/\/mbsniezna.rzeszow.pl\/index.php\/wp-json\/wp\/v2\/posts\/9102\/revisions\/9103"}],"wp:featuredmedia":[{"embeddable":true,"href":"https:\/\/mbsniezna.rzeszow.pl\/index.php\/wp-json\/wp\/v2\/media\/7637"}],"wp:attachment":[{"href":"https:\/\/mbsniezna.rzeszow.pl\/index.php\/wp-json\/wp\/v2\/media?parent=9102"}],"wp:term":[{"taxonomy":"category","embeddable":true,"href":"https:\/\/mbsniezna.rzeszow.pl\/index.php\/wp-json\/wp\/v2\/categories?post=9102"},{"taxonomy":"post_tag","embeddable":true,"href":"https:\/\/mbsniezna.rzeszow.pl\/index.php\/wp-json\/wp\/v2\/tags?post=9102"}],"curies":[{"name":"wp","href":"https:\/\/api.w.org\/{rel}","templated":true}]}}