{"id":9170,"date":"2023-04-01T22:46:42","date_gmt":"2023-04-01T20:46:42","guid":{"rendered":"https:\/\/mbsniezna.rzeszow.pl\/?p=9170"},"modified":"2023-04-01T22:46:42","modified_gmt":"2023-04-01T20:46:42","slug":"ogloszenia-niedziela-palmowa","status":"publish","type":"post","link":"https:\/\/mbsniezna.rzeszow.pl\/index.php\/2023\/04\/01\/ogloszenia-niedziela-palmowa\/","title":{"rendered":"OG\u0141OSZENIA \u2013 NIEDZIELA PALMOWA"},"content":{"rendered":"\n<p><strong>2 kwietnia 2023 r.<\/strong><\/p>\n\n\n\n<ol class=\"wp-block-list\">\n<li>Dzisiaj o godz. 6.30 Droga Krzy\u017cowa z Janem Paw\u0142em II, 17.00 Gorzkie \u017bale z kazaniem pasyjnym i sk\u0142adk\u0105 na kwiaty do Bo\u017cego Grobu.<\/li>\n<\/ol>\n\n\n\n<ol class=\"wp-block-list\" start=\"2\">\n<li>Dzisiaj prze\u017cywamy 18 rocznic\u0119 \u015bmierci \u015bw. Jana Paw\u0142a II. Jeste\u015bmy mu wdzi\u0119czni za to, \u017ce gorliwie umacnia\u0142 braci w wierze. \u015alady jego pasterskiej pos\u0142ugi s\u0105 w ka\u017cdym z nas.<\/li>\n<\/ol>\n\n\n\n<p>Zapraszamy na modlitw\u0119 o 21.00 \u2013 od\u015bpiewamy Apel Jasnog\u00f3rski, a potem rozwa\u017cymy&nbsp; chwalebn\u0105 cz\u0119\u015b\u0107 r\u00f3\u017ca\u0144ca \u015bw. z rozwa\u017caniami Jana Paw\u0142a II.&nbsp; O 21.37 w godzinie jego \u015bmierci uderz\u0105 dzwony. Tradycyjnie na naszych mostkach przy ul. Jana Paw\u0142a II ustawmy p\u0142on\u0105ce znicze pami\u0119ci.<\/p>\n\n\n\n<ol class=\"wp-block-list\" start=\"3\">\n<li>W Rzeszowie dzisiaj Marsz Modlitwy ze \u015bw. Janem Paw\u0142em II: o 18.00 wyj\u015bcie spod ko\u015bcio\u0142a \u015bw. Kr\u00f3lowej Jadwigi, przemarsz do katedry, o 19.00 Msza \u015bw., a po niej przej\u015bcie pod pomnik Jana Paw\u0142a II w Parku Papieskim.<\/li>\n<\/ol>\n\n\n\n<ol class=\"wp-block-list\" start=\"4\">\n<li>W Wielk\u0105 \u015arod\u0119 spowied\u017a parafialna. Godziny spowiedzi: od 9.00 do 12.00 (z przerw\u0105 od 10.30 do 11.00), po po\u0142udniu od 16.00 do 18.00 i wieczorem od 19.00 do 21.00. Obch\u00f3d \u015awi\u0105t Wielkanocnych rozpoczyna si\u0119 w Wielki Czwartek Msz\u0105 Wieczerzy Pa\u0144skiej i do tego czasu nale\u017cy by\u0107 wyspowiadanym.<\/li>\n<\/ol>\n\n\n\n<ol class=\"wp-block-list\" start=\"5\">\n<li>We wtorek o 13.00 pogrzeb \u015bp. Mariusza \u015alemp z ul. Budziwojskiej.<\/li>\n<\/ol>\n\n\n\n<ol class=\"wp-block-list\" start=\"6\">\n<li>We wtorek i \u015brod\u0119 o 17.00&nbsp; pr\u00f3ba&nbsp; scholii \u2013 zapraszamy&nbsp; dawne scholanki.<\/li>\n<\/ol>\n\n\n\n<ol class=\"wp-block-list\" start=\"7\">\n<li>W Wielki Czwartek Msza \u015awi\u0119ta Wieczerzy Pa\u0144skiej o 18.00, adoracja w ciemnicy do 24.00: \u015bpiewanie pie\u015bni \u201eGdy Jezus mi\u0142y by\u0142 w Betaniji\u201d, &nbsp; o 21.00 adoracja prowadzona przez m\u0142odzie\u017c; spowied\u017a od 22.00 do 23.00; o 23.00 adoracja rodzin.<\/li>\n<\/ol>\n\n\n\n<ol class=\"wp-block-list\" start=\"8\">\n<li>Wielki Pi\u0105tek \u2013 adoracja w ciemnicy r\u00f3\u017c r\u00f3\u017ca\u0144cowych od 9.00; spowied\u017a od 8.00 do 9.00; o 15.00 Koronka do Bo\u017cego Mi\u0142osierdzia \u2013 rozpocz\u0119cie Nowenny przed \u015awi\u0119tem Mi\u0142osierdzia; 18.00 Droga Krzy\u017cowa, a po niej Liturgia Wielkopi\u0105tkowa; 20.00 \u2013 24.00&nbsp; adoracja krzy\u017ca i adoracja Pana Jezusa w Bo\u017cym Grobie \u2013 rodzice niech prowadz\u0105 dzieci, 20.00 Gorzkie \u017bale; 21.00 \u2013 adoracja prowadzona przez m\u0142odzie\u017c; spowied\u017a od 22.00 do 23.00; obowi\u0105zuje post \u015bcis\u0142y.<\/li>\n<\/ol>\n\n\n\n<ol class=\"wp-block-list\" start=\"9\">\n<li>Wielka Sobota \u2013 adoracja przy Bo\u017cym Grobie od 8.00; od 8.00 do 9.00 spowied\u017a; od 8.00 adoracja poszczeg\u00f3lnych ulic &#8211; serdecznie zapraszamy; po\u015bwi\u0119cenie pokarm\u00f3w w ko\u015bciele co godzina od 9.00 do 13.00; na Przylasku o 10.00, o 10.30 w D\u0119bin\u00f3wce; o 11.00 w Domu Kultury Country; o 15.00 Koronka do Bo\u017cego Mi\u0142osierdzia; Liturgia Wigilii Paschalnej o 19.00 \u2013 przynosimy \u015bwiece \u2013 odnowienie przyrzecze\u0144 chrzcielnych; wieczorem adoracji ju\u017c nie b\u0119dzie.<\/li>\n<\/ol>\n\n\n\n<ol class=\"wp-block-list\" start=\"10\">\n<li>W Wielk\u0105 Sobot\u0119 po liturgii udamy si\u0119 procesyjnie z zapalonymi zniczami na cmentarz, aby&nbsp; zmar\u0142ym zanie\u015b\u0107 radosn\u0105 nowin\u0119 o zmartwychwstaniu.<\/li>\n<\/ol>\n\n\n\n<ol class=\"wp-block-list\" start=\"11\">\n<li>Wielkanoc \u2013 rezurekcja o 6.00, adoruj\u0105 zelatorzy r\u00f3\u017c (id\u0105 ze \u015bwiecami za baldachimem); do obraz\u00f3w prosimy schol\u0119 i panie z ch\u00f3ru; kolejne Msze \u015bw. o 9.00 \u2013 z Nowenn\u0105 do Mi\u0142osierdzia, 10.30, 12.00, 16.00 i 18.00.<\/li>\n<\/ol>\n\n\n\n<ol class=\"wp-block-list\" start=\"12\">\n<li>Poniedzia\u0142ek Wielkanocy \u2013 porz\u0105dek Mszy niedzielny: 7.00 \u2013 z Nowenn\u0105 przed \u015awi\u0119tem Mi\u0142osierdzia, 9.00, 10.30, 12.00 &#8211; po tej Mszy szafarze zanios\u0105 Komuni\u0119 chorym, 16.00 i 18.00.&nbsp;<\/li>\n<\/ol>\n\n\n\n<ol class=\"wp-block-list\" start=\"13\">\n<li>Naszych stra\u017cak\u00f3w prosimy o podj\u0119cie stra\u017cy przy Bo\u017cym Grobie oraz o obs\u0142ug\u0119 procesji na cmentarz i procesji rezurekcyjnej. Msza \u015bw. w ich intencji i ich rodzin b\u0119dzie w Poniedzia\u0142ek Wielkanocny o godz. 10.30.<\/li>\n<\/ol>\n\n\n\n<ol class=\"wp-block-list\" start=\"14\">\n<li>Dzi\u0119kujemy za tradycyjny dar wielkoczwartkowy na ko\u015bci\u00f3\u0142. B\u00f3g zap\u0142a\u0107.<\/li>\n<\/ol>\n\n\n\n<ol class=\"wp-block-list\" start=\"15\">\n<li>Dzi\u0119kujemy za ofiary z\u0142o\u017cone na ciemnic\u0119, Bo\u017cy Gr\u00f3b i kwiaty.<\/li>\n<\/ol>\n\n\n\n<ol class=\"wp-block-list\" start=\"16\">\n<li>Siostrze Teresie i osobom, kt\u00f3re j\u0105 wspomagaj\u0105 dzi\u0119kujemy za przygotowanie dekoracji na Triduum Paschalne.<\/li>\n<\/ol>\n\n\n\n<ol class=\"wp-block-list\" start=\"17\">\n<li>Zapowiedzi: Pawe\u0142 Powaga \u2013 Kinga Pieni\u0105\u017cek (zap. I), Tomasz Pajda \u2013 Oliwia Filar (zap. I), Adrian Trzeciak \u2013 Karolina Wr\u00f3bel (zap. II),.<\/li>\n<\/ol>\n\n\n\n<ol class=\"wp-block-list\" start=\"18\">\n<li>B\u00f3g zap\u0142a\u0107 za ofiary na sprz\u0105tanie ko\u015bcio\u0142a.&nbsp; W tym tygodniu prosimy parafian z ul. Senatorskiej, numery nieparzyste od 219D\/6b do 243\/3 &nbsp; &#8211;&nbsp; 219D\/6b, 219E\/5a, 219H\/2a, 219I\/1a, 221A,&nbsp; 221B, 223, 237, 239\/1, 239\/2,&nbsp; 239\/3, 241\/3, 243\/1, 243\/2,&nbsp; 243\/3.<\/li>\n<\/ol>\n\n\n\n<ol class=\"wp-block-list\" start=\"19\">\n<li>Wysy\u0142aj\u0105c kartki \u015bwi\u0105teczne \u2013 te tradycyjne i elektroniczne \u2013 dbajmy, aby mia\u0142y wyra\u017any element religijny m\u00f3wi\u0105cy o zmartwychwstaniu Pana Jezusa.<\/li>\n<\/ol>\n\n\n\n<ol class=\"wp-block-list\" start=\"20\">\n<li>Dok\u0142adny program Triduum Paschalnego jest wy\u0142o\u017cony na stoliczku za \u0142awkami (500 sztuk) oraz jest zamieszczony na parafialnym FB. Tam te\u017c s\u0105 zamieszczone terminy adoracji r\u00f3\u017c i poszczeg\u00f3lnych ulic.<\/li>\n<\/ol>\n\n\n\n<ol class=\"wp-block-list\" start=\"21\">\n<li>Jest nowy numer darmowej gazety \u201eDobre Nowiny\u201d.<\/li>\n<\/ol>\n\n\n\n<ol class=\"wp-block-list\" start=\"22\">\n<li>Z wyprzedzeniem zapowiadamy spotkania rodzic\u00f3w dzieci komunijnych: w czwartek po \u015bwi\u0119tach klasy III a i b, we wtorek 25 kwietnia klasy III b i c. Spotkania b\u0119d\u0105 w ko\u015bciele o godz. 19.00.<\/li>\n<\/ol>\n\n\n\n<ol class=\"wp-block-list\" start=\"23\">\n<li>\u201eBadania historyczne wykazuj\u0105, \u017ce kard. Wojty\u0142a prawid\u0142o reagowa\u0142 na przest\u0119pstwa pedofilii\u201d \u2013 tytu\u0142 artyku\u0142u na naszym FB. Okazuje si\u0119, \u017ce zarzuty stawiane kard. Wojtyle nie maja podstaw. To trzeba koniecznie przeczyta\u0107. Nie mo\u017cemy bezmy\u015blnie przyjmowa\u0107 tez stawianych przez wrog\u00f3w Ko\u015bcio\u0142a i Jana Paw\u0142a II.<\/li>\n<\/ol>\n","protected":false},"excerpt":{"rendered":"<p>&#8230;<\/p>\n","protected":false},"author":1,"featured_media":6788,"comment_status":"closed","ping_status":"open","sticky":false,"template":"","format":"standard","meta":{"ngg_post_thumbnail":0,"footnotes":""},"categories":[25,13,14],"tags":[],"class_list":["post-9170","post","type-post","status-publish","format-standard","has-post-thumbnail","hentry","category-news","category-newsy","category-ogloszenia_duszp"],"_links":{"self":[{"href":"https:\/\/mbsniezna.rzeszow.pl\/index.php\/wp-json\/wp\/v2\/posts\/9170","targetHints":{"allow":["GET"]}}],"collection":[{"href":"https:\/\/mbsniezna.rzeszow.pl\/index.php\/wp-json\/wp\/v2\/posts"}],"about":[{"href":"https:\/\/mbsniezna.rzeszow.pl\/index.php\/wp-json\/wp\/v2\/types\/post"}],"author":[{"embeddable":true,"href":"https:\/\/mbsniezna.rzeszow.pl\/index.php\/wp-json\/wp\/v2\/users\/1"}],"replies":[{"embeddable":true,"href":"https:\/\/mbsniezna.rzeszow.pl\/index.php\/wp-json\/wp\/v2\/comments?post=9170"}],"version-history":[{"count":1,"href":"https:\/\/mbsniezna.rzeszow.pl\/index.php\/wp-json\/wp\/v2\/posts\/9170\/revisions"}],"predecessor-version":[{"id":9171,"href":"https:\/\/mbsniezna.rzeszow.pl\/index.php\/wp-json\/wp\/v2\/posts\/9170\/revisions\/9171"}],"wp:featuredmedia":[{"embeddable":true,"href":"https:\/\/mbsniezna.rzeszow.pl\/index.php\/wp-json\/wp\/v2\/media\/6788"}],"wp:attachment":[{"href":"https:\/\/mbsniezna.rzeszow.pl\/index.php\/wp-json\/wp\/v2\/media?parent=9170"}],"wp:term":[{"taxonomy":"category","embeddable":true,"href":"https:\/\/mbsniezna.rzeszow.pl\/index.php\/wp-json\/wp\/v2\/categories?post=9170"},{"taxonomy":"post_tag","embeddable":true,"href":"https:\/\/mbsniezna.rzeszow.pl\/index.php\/wp-json\/wp\/v2\/tags?post=9170"}],"curies":[{"name":"wp","href":"https:\/\/api.w.org\/{rel}","templated":true}]}}