{"id":9172,"date":"2023-04-09T05:30:57","date_gmt":"2023-04-09T03:30:57","guid":{"rendered":"https:\/\/mbsniezna.rzeszow.pl\/?p=9172"},"modified":"2023-04-09T05:30:57","modified_gmt":"2023-04-09T03:30:57","slug":"intencje-mszalne-10-16-kwietnia-2023","status":"publish","type":"post","link":"https:\/\/mbsniezna.rzeszow.pl\/index.php\/2023\/04\/09\/intencje-mszalne-10-16-kwietnia-2023\/","title":{"rendered":"INTENCJE MSZALNE 10 \u2013 16 KWIETNIA 2023"},"content":{"rendered":"\n<p>Poniedzia\u0142ek Wielkanocny 10 kwietnia<\/p>\n\n\n\n<p>7.00 + Maria, W\u0142adys\u0142aw Go\u015b<\/p>\n\n\n\n<p>9.00 Dzi\u0119kczynna za 75 lat \u017cycia Eugenii od m\u0119\u017ca, o Bo\u017ce b\u0142ogos\u0142awie\u0144stwo i zdrowie<\/p>\n\n\n\n<p>9.00 +Stanis\u0142aw Cag<\/p>\n\n\n\n<p>10.30 +Antoni Bewszko (2 rocz.)<\/p>\n\n\n\n<p>10.30 O b\u0142ogos\u0142awie\u0144stwo Bo\u017ce dla stra\u017cak\u00f3w i ich rodzin z OSP Budziw\u00f3j i OSP D\u0119bina<\/p>\n\n\n\n<p>*+ Emil Piz\u0142o od Danuty Pasternak z rodzin\u0105 \u2013 DDR Tabor<\/p>\n\n\n\n<p>*+Janusz Pr\u0119dki od mamy &#8211; J\u0119drzej\u00f3w<\/p>\n\n\n\n<p>12.00 Za parafian<\/p>\n\n\n\n<p>16.00 +Anna Pitera<\/p>\n\n\n\n<p>18.00 +Anna G\u0142owacka-Dyl\u0105g<\/p>\n\n\n\n<p>Wtorek 11 kwietnia&nbsp;<\/p>\n\n\n\n<p>7.00 O zdrowie i b\u0142og. Bo\u017ce dla ksi\u0119dza proboszcza<\/p>\n\n\n\n<p>18.00+Boles\u0142aw, Maria Kyc<\/p>\n\n\n\n<p>18.00 ++ z rodziny Buczek i Chru\u015bcik<\/p>\n\n\n\n<p>*+Augustyn Mazur od Lucyny i Tadeusza Pa\u015bko \u2013 x. Damian poza parafi\u0105<\/p>\n\n\n\n<p>*+Czes\u0142awa Podg\u00f3rska od wnuczki Agnieszki \u2013 Tabor<\/p>\n\n\n\n<p>*+Janusz Pr\u0119dki od siostry Danuty i Rafa\u0142a Zawi\u0142o<\/p>\n\n\n\n<p>\u015aroda 12 kwietnia<\/p>\n\n\n\n<p>7.00 +Stanis\u0142aw, Bronis\u0142awa, Teresa Kotula<\/p>\n\n\n\n<p>7.00 +Augustyn Mazur&nbsp; od Haliny Jacek<\/p>\n\n\n\n<p>18.00+Emil Piz\u0142o od Zofii i Ma\u0142gorzaty Pa\u0142ka<\/p>\n\n\n\n<p>18.00 +Tadeusz Szybiak od Woj. Inspektoratu Artyku\u0142\u00f3w Rolno-Spo\u017cywczych w Rzeszowie \u2013 zako\u0144czenie &nbsp;<\/p>\n\n\n\n<p>18.00 +Kinga i Boles\u0142aw Piekarz, Urszula Piekarz-G\u0142uszczyk, ++ z rodz. Kotul\u00f3w od Gra\u017cyny Pasierb<\/p>\n\n\n\n<p>18.00+Anna, Paulina Ku\u017aniar, Eugeniusz Lasota, ++ z rodziny<\/p>\n\n\n\n<p>*+Maria Go\u015b od chrze\u015bnicy Marty z rodzin\u0105<\/p>\n\n\n\n<p>*+Janusz Pr\u0119dki od s\u0105siad\u00f3w siostry \u2013 J\u0119drzej\u00f3w<\/p>\n\n\n\n<p>Czwartek 13 kwietnia<\/p>\n\n\n\n<p>7.00 O b\u0142og. Bo\u017ce dla uczestnik\u00f3w Drogi Krzy\u017cowej na G\u00f3r\u0119 Grzywack\u0105&nbsp; i ich rodzin<\/p>\n\n\n\n<p>7.00 +Czes\u0142awa Podg\u00f3rska od Krystyny B\u0142o\u0144skiej z rodzin\u0105<\/p>\n\n\n\n<p>18.00 O zdrowie i b\u0142og. Bo\u017ce dla S\u0142awomira W\u00f3jtowicz w dniu 40 urodzin od \u017cony i syna<\/p>\n\n\n\n<p>18.00 +Ks. Kazimierz Guzy<\/p>\n\n\n\n<p>18.00 +Maria Go\u015b od rodziny O\u017cy\u0142\u00f3w \u2013 zako\u0144czenie Mszy pogrzebowych<\/p>\n\n\n\n<p>*+Zofia Pr\u0119dka od c\u00f3rki Danuty z m\u0119\u017cem &#8211; J\u0119drzej\u00f3w<\/p>\n\n\n\n<p>*+Maria Piekarz od El\u017cbiety i Janusza Ko\u015bciak\u00f3w<\/p>\n\n\n\n<p>Pi\u0105tek 14 kwietnia<\/p>\n\n\n\n<p>7.00 +Ks. Kazimierz \u017bydzik od uczestnik\u00f3w Drogi Krzy\u017cowej na G\u00f3r\u0119 Grzywack\u0105<\/p>\n\n\n\n<p>7.00 +Czes\u0142awa Podg\u00f3rska od Krystyny B\u0142o\u0144skiej&nbsp; z rodzin\u0105<\/p>\n\n\n\n<p>7.00 +Emil Piz\u0142o od \u017cony<\/p>\n\n\n\n<p>18.00 +Emil Kuczmarz (7 rocz.) od dzieci<\/p>\n\n\n\n<p>18.00 +Stanis\u0142aw Szklarz<\/p>\n\n\n\n<p>18.00 +Jerzy Kuzdro od rodziny O\u017cy\u0142\u00f3w i Misiewicz\u00f3w \u2013 zak. Mszy pogrzebowych<\/p>\n\n\n\n<p>*+J\u00f3zef Ko\u0142wa od kole\u017canek i koleg\u00f3w z pracy z Rejonu IV Patrycji, Malwiny, Kariny &#8211; Tabor<\/p>\n\n\n\n<p>*+Zofia Pr\u0119dka od wnuczki Bereniki z Mi\u0142oszkiem \u2013 J\u0119drzej\u00f3w<\/p>\n\n\n\n<p>Sobota 15 kwietnia<\/p>\n\n\n\n<p>7.00 +Anna Baran<\/p>\n\n\n\n<p>7.00 +Emil Piz\u0142o od c\u00f3rki Jolanty z M\u0119\u017cem<\/p>\n\n\n\n<p>7.00 +Czes\u0142awa Podg\u00f3rska od chrze\u015bnicy Renaty<\/p>\n\n\n\n<p>18.00 O zdrowie, Bo\u017ce b\u0142ogos\u0142awie\u0144stwo, opiek\u0119 Matki Naj\u015bw. dla Hanny Augustynek<\/p>\n\n\n\n<p>18.00 O Bo\u017ce b\u0142ogos\u0142awie\u0144stwo dla Mieczys\u0142awa i Bo\u017ceny O\u017cy\u0142o w 40-lecie ma\u0142\u017ce\u0144stwa<\/p>\n\n\n\n<p>*+ Augustyn Mazur od Aleksandry Skoczylas z rodzin\u0105<\/p>\n\n\n\n<p>*+ Zofia Pr\u0119dka -od kole\u017canki z Niemiec mamy Danusi<\/p>\n\n\n\n<p>Niedziela 16 kwietnia<\/p>\n\n\n\n<p>7.00 +Helena, Franciszek, Marianna Go\u015b, ++ z rodziny<\/p>\n\n\n\n<p>9.00 O b\u0142og. Bo\u017ce i opiek\u0119 Matki Naj\u015bwi\u0119tszej dla ca\u0142ej rodziny<\/p>\n\n\n\n<p>10.30 +Stefan Rzeszutko<\/p>\n\n\n\n<p>12.00 Za parafian \u017cywych i zmar\u0142ych<\/p>\n\n\n\n<p>16.00 ++Emilia Kot (1 rocz.), W\u0142adys\u0142aw<\/p>\n\n\n\n<p>18.00 O b\u0142og. Bo\u017ce i opiek\u0119 Matki Naj\u015bw. dla Mateusza Olszewskiego z racji urodzin.<\/p>\n\n\n\n<p><\/p>\n","protected":false},"excerpt":{"rendered":"<p>&#8230;<\/p>\n","protected":false},"author":1,"featured_media":6846,"comment_status":"closed","ping_status":"open","sticky":false,"template":"","format":"standard","meta":{"ngg_post_thumbnail":0,"footnotes":""},"categories":[4,25,13],"tags":[],"class_list":["post-9172","post","type-post","status-publish","format-standard","has-post-thumbnail","hentry","category-intencje","category-news","category-newsy"],"_links":{"self":[{"href":"https:\/\/mbsniezna.rzeszow.pl\/index.php\/wp-json\/wp\/v2\/posts\/9172","targetHints":{"allow":["GET"]}}],"collection":[{"href":"https:\/\/mbsniezna.rzeszow.pl\/index.php\/wp-json\/wp\/v2\/posts"}],"about":[{"href":"https:\/\/mbsniezna.rzeszow.pl\/index.php\/wp-json\/wp\/v2\/types\/post"}],"author":[{"embeddable":true,"href":"https:\/\/mbsniezna.rzeszow.pl\/index.php\/wp-json\/wp\/v2\/users\/1"}],"replies":[{"embeddable":true,"href":"https:\/\/mbsniezna.rzeszow.pl\/index.php\/wp-json\/wp\/v2\/comments?post=9172"}],"version-history":[{"count":1,"href":"https:\/\/mbsniezna.rzeszow.pl\/index.php\/wp-json\/wp\/v2\/posts\/9172\/revisions"}],"predecessor-version":[{"id":9173,"href":"https:\/\/mbsniezna.rzeszow.pl\/index.php\/wp-json\/wp\/v2\/posts\/9172\/revisions\/9173"}],"wp:featuredmedia":[{"embeddable":true,"href":"https:\/\/mbsniezna.rzeszow.pl\/index.php\/wp-json\/wp\/v2\/media\/6846"}],"wp:attachment":[{"href":"https:\/\/mbsniezna.rzeszow.pl\/index.php\/wp-json\/wp\/v2\/media?parent=9172"}],"wp:term":[{"taxonomy":"category","embeddable":true,"href":"https:\/\/mbsniezna.rzeszow.pl\/index.php\/wp-json\/wp\/v2\/categories?post=9172"},{"taxonomy":"post_tag","embeddable":true,"href":"https:\/\/mbsniezna.rzeszow.pl\/index.php\/wp-json\/wp\/v2\/tags?post=9172"}],"curies":[{"name":"wp","href":"https:\/\/api.w.org\/{rel}","templated":true}]}}