{"id":9174,"date":"2023-04-09T05:31:54","date_gmt":"2023-04-09T03:31:54","guid":{"rendered":"https:\/\/mbsniezna.rzeszow.pl\/?p=9174"},"modified":"2023-04-09T05:31:54","modified_gmt":"2023-04-09T03:31:54","slug":"ogloszenia-niedziela-wielkanocna","status":"publish","type":"post","link":"https:\/\/mbsniezna.rzeszow.pl\/index.php\/2023\/04\/09\/ogloszenia-niedziela-wielkanocna\/","title":{"rendered":"OG\u0141OSZENIA \u2013NIEDZIELA WIELKANOCNA"},"content":{"rendered":"\n<p><strong>09 KWIETNIA 2023 R.<\/strong><\/p>\n\n\n\n<ol class=\"wp-block-list\">\n<li>Dzisiaj Niedziela Zmartwychwstania Pa\u0144skiego \u2013 porz\u0105dek Mszy niedzielny.<\/li>\n<\/ol>\n\n\n\n<ol class=\"wp-block-list\" start=\"2\">\n<li>Jutro drugi dzie\u0144 \u015bwi\u0105t \u2013 porz\u0105dek Mszy tak\u017ce niedzielny<\/li>\n<\/ol>\n\n\n\n<ol class=\"wp-block-list\" start=\"3\">\n<li>W tygodniu po Mszy wieczornej Nowenna przed \u015awi\u0119tem Mi\u0142osierdzia.<\/li>\n<\/ol>\n\n\n\n<ol class=\"wp-block-list\" start=\"4\">\n<li>W czwartek od 17.15 adoracja Naj\u015bwi\u0119tszego Sakramentu w ciszy.<\/li>\n<\/ol>\n\n\n\n<ol class=\"wp-block-list\" start=\"5\">\n<li>W czwartek o 19.00 w ko\u015bciele spotkanie rodzic\u00f3w dzieci komunijnych z klas IIIa i IIIb \u2013 zapraszamy.<\/li>\n<\/ol>\n\n\n\n<ol class=\"wp-block-list\" start=\"6\">\n<li>W pi\u0105tek z racji Oktawy Wielkanocnej nie ma wstrzemi\u0119\u017aliwo\u015bci od pokarm\u00f3w mi\u0119snych.<\/li>\n<\/ol>\n\n\n\n<ol class=\"wp-block-list\" start=\"7\">\n<li>W pi\u0105tek spotkania oazy: 16.30 m\u0142odsza, 19.00 starsza.<\/li>\n<\/ol>\n\n\n\n<ol class=\"wp-block-list\" start=\"8\">\n<li>W przysz\u0142\u0105 niedziel\u0119 \u015awi\u0119to Bo\u017cego Mi\u0142osierdzia \u2013 sk\u0142adka na Caritas Diecezji Rzeszowskiej.<\/li>\n<\/ol>\n\n\n\n<ol class=\"wp-block-list\" start=\"9\">\n<li>Zapowiedzi: Pawe\u0142 Powaga \u2013 Kinga Pieni\u0105\u017cek (zap. II), Tomasz Pajda \u2013 Oliwia Filar (zap. II), Adrian Trzeciak \u2013 Karolina Wr\u00f3bel (zap. III).<\/li>\n<\/ol>\n\n\n\n<ol class=\"wp-block-list\" start=\"10\">\n<li>B\u00f3g zap\u0142a\u0107 za ofiary na sprz\u0105tanie ko\u015bcio\u0142a. W tym tygodniu prosimy rodziny z ul. Senatorskiej, numery nieparzyste od 249A\/1 do 259: &nbsp; &nbsp; &nbsp; 249A\/1, 249A\/5, 249b\/1, 249B\/3, 249B\/4, 249B\/5, 249C\/1, 249C\/6, 253, 255\/3, 255\/4, 257, 259.<\/li>\n<\/ol>\n\n\n\n<ol class=\"wp-block-list\" start=\"11\">\n<li>Bardzo serdecznie dzi\u0119kujemy za ja\u0142mu\u017cn\u0119 wielkopostn\u0105 sk\u0142adan\u0105 do Skarbony Chleb \u015bw. Antoniego. Tymi ofiarami wspieramy medyczn\u0105&nbsp; pos\u0142ug\u0119 misyjn\u0105 s. J\u00f3zefy S\u0142aby ze Zgromadzenia Si\u00f3str Boromeuszek w Zambii. Siostra przes\u0142a\u0142a podzi\u0119kowanie. Jest do obejrzenia na naszym FB.<\/li>\n<\/ol>\n\n\n\n<ol class=\"wp-block-list\" start=\"12\">\n<li>Bardzo serdecznie dzi\u0119kujemy wszystkim zaanga\u017cowanym w liturgi\u0119 Triduum Paschalnego:<\/li>\n<\/ol>\n\n\n\n<p>* Liturgicznej S\u0142u\u017cbie O\u0142tarza: ministrantom, lektorom za przygotowanie liturgii;&nbsp;<\/p>\n\n\n\n<p>* oazie za prowadzenie adoracji dla m\u0142odzie\u017cy;<\/p>\n\n\n\n<p>* scholii parafialnej, s. Anieli, instrumentalistom oraz panom organistom: Krzysztofowi, Rafa\u0142owi i Maciejowi za przygotowanie \u015bpiew\u00f3w, a tak\u017ce paniom ch\u00f3rzystkom i panu dyrygentowi Andrzejowi.<\/p>\n\n\n\n<p>&nbsp;* panom szafarzom za pomoc w rozdzielaniu Komunii \u015bw.;<\/p>\n\n\n\n<p>* stra\u017cakom z OSP Budziw\u00f3j i OSP D\u0119bina za stra\u017c przy Bo\u017cym Grobie, przygotowanie ogniska w Wigili\u0119 Paschaln\u0105 oraz za pomoc w przeprowadzeniu procesji na cmentarz i procesji rezurekcyjnej. Jutro o godz. 10.30 b\u0119dzie Msza \u015bw. za naszych stra\u017cak\u00f3w, za ich rodziny oraz&nbsp; w intencji stra\u017cak\u00f3w zmar\u0142ych;<\/p>\n\n\n\n<p>* sprz\u0105taj\u0105cym ko\u015bci\u00f3\u0142&nbsp; Annie i Piotrowi za porz\u0105dek w \u015bwi\u0105tyni;<\/p>\n\n\n\n<p>&nbsp;* siostrze zakrystiance Teresie&nbsp; za przygotowanie Ciemnicy, Bo\u017cego Grobu oraz za udekorowanie ko\u015bcio\u0142a na \u015bwi\u0119ta&nbsp; oraz wszystkim osobom z parafii kt\u00f3re siostr\u0119 w tej&nbsp; pracy w r\u00f3\u017cny spos\u00f3b wspomaga\u0142y;<\/p>\n\n\n\n<p>*dzi\u0119kujemy za ofiary na kwiaty, na Bo\u017cy Gr\u00f3b i Ciemnic\u0119 oraz za dar wielkoczwartkowy.<\/p>\n\n\n\n<p>* ksi\u0119\u017com wsp\u00f3\u0142pracownikom \u2013 ks. Damianowi i ks. Micha\u0142owi za ofiarn\u0105 pos\u0142ug\u0119 w konfesjonale i za g\u0142oszenie s\u0142owa Bo\u017cego, oraz za przygotowanie i przeprowadzenie liturgii Triduum Paschalnego.&nbsp;<\/p>\n\n\n\n<p>*ksi\u0119dzu diakonowi Rafa\u0142owi za wspomaganie kap\u0142an\u00f3w w ich pos\u0142ugiwaniu.<\/p>\n","protected":false},"excerpt":{"rendered":"<p>&#8230;<\/p>\n","protected":false},"author":1,"featured_media":6845,"comment_status":"closed","ping_status":"open","sticky":false,"template":"","format":"standard","meta":{"ngg_post_thumbnail":0,"footnotes":""},"categories":[25,13,14],"tags":[],"class_list":["post-9174","post","type-post","status-publish","format-standard","has-post-thumbnail","hentry","category-news","category-newsy","category-ogloszenia_duszp"],"_links":{"self":[{"href":"https:\/\/mbsniezna.rzeszow.pl\/index.php\/wp-json\/wp\/v2\/posts\/9174","targetHints":{"allow":["GET"]}}],"collection":[{"href":"https:\/\/mbsniezna.rzeszow.pl\/index.php\/wp-json\/wp\/v2\/posts"}],"about":[{"href":"https:\/\/mbsniezna.rzeszow.pl\/index.php\/wp-json\/wp\/v2\/types\/post"}],"author":[{"embeddable":true,"href":"https:\/\/mbsniezna.rzeszow.pl\/index.php\/wp-json\/wp\/v2\/users\/1"}],"replies":[{"embeddable":true,"href":"https:\/\/mbsniezna.rzeszow.pl\/index.php\/wp-json\/wp\/v2\/comments?post=9174"}],"version-history":[{"count":1,"href":"https:\/\/mbsniezna.rzeszow.pl\/index.php\/wp-json\/wp\/v2\/posts\/9174\/revisions"}],"predecessor-version":[{"id":9175,"href":"https:\/\/mbsniezna.rzeszow.pl\/index.php\/wp-json\/wp\/v2\/posts\/9174\/revisions\/9175"}],"wp:featuredmedia":[{"embeddable":true,"href":"https:\/\/mbsniezna.rzeszow.pl\/index.php\/wp-json\/wp\/v2\/media\/6845"}],"wp:attachment":[{"href":"https:\/\/mbsniezna.rzeszow.pl\/index.php\/wp-json\/wp\/v2\/media?parent=9174"}],"wp:term":[{"taxonomy":"category","embeddable":true,"href":"https:\/\/mbsniezna.rzeszow.pl\/index.php\/wp-json\/wp\/v2\/categories?post=9174"},{"taxonomy":"post_tag","embeddable":true,"href":"https:\/\/mbsniezna.rzeszow.pl\/index.php\/wp-json\/wp\/v2\/tags?post=9174"}],"curies":[{"name":"wp","href":"https:\/\/api.w.org\/{rel}","templated":true}]}}