{"id":9242,"date":"2023-07-23T00:12:48","date_gmt":"2023-07-22T22:12:48","guid":{"rendered":"https:\/\/mbsniezna.rzeszow.pl\/?p=9242"},"modified":"2023-07-23T00:12:48","modified_gmt":"2023-07-22T22:12:48","slug":"ogloszenia-xvi-niedziela-zwykla-23-lipca-2023-r","status":"publish","type":"post","link":"https:\/\/mbsniezna.rzeszow.pl\/index.php\/2023\/07\/23\/ogloszenia-xvi-niedziela-zwykla-23-lipca-2023-r\/","title":{"rendered":"\u00a0OG\u0141OSZENIA XVI NIEDZIELA ZWYK\u0141A \u2013 23 LIPCA 2023 R."},"content":{"rendered":"\n<ol class=\"wp-block-list\">\n<li>W poniedzia\u0142ek wspomnienie \u015bw. Kingi.<\/li>\n<\/ol>\n\n\n\n<ol class=\"wp-block-list\" start=\"2\">\n<li>We wtorek \u015bwi\u0119to \u015bw. Jakuba Aposto\u0142a \u2013 nabo\u017ce\u0144stwo do \u015bw. Antoniego.<\/li>\n<\/ol>\n\n\n\n<ol class=\"wp-block-list\" start=\"3\">\n<li>We \u015brod\u0119 \u015bw. Joachima i Anny&nbsp; &#8211; rodzic\u00f3w Naj\u015bwi\u0119tszej Maryi Panny \u2013 Nowenna do Matki Bo\u017cej \u015anie\u017cnej.<\/li>\n<\/ol>\n\n\n\n<ol class=\"wp-block-list\" start=\"4\">\n<li>We czwartek adoracja Naj\u015bwi\u0119tszego Sakramentu od godz. 17.15 i mo\u017cliwo\u015b\u0107 spowiedzi.<\/li>\n<\/ol>\n\n\n\n<ol class=\"wp-block-list\" start=\"5\">\n<li>W czwartek po Mszy w przedszkolu spotkanie Wsp\u00f3lnoty Przyjaci\u00f3\u0142 \u015bw. Zygmunta Feli\u0144skiego.<\/li>\n<\/ol>\n\n\n\n<ol class=\"wp-block-list\" start=\"6\">\n<li>W pi\u0105tek wspomnienie \u015bw. Szarbela \u2013 modlitwa przy jego relikwiach.<\/li>\n<\/ol>\n\n\n\n<ol class=\"wp-block-list\" start=\"7\">\n<li>W sobot\u0119 wspomnienie \u015bw. Marty, Marii i \u0141azarza.<\/li>\n<\/ol>\n\n\n\n<ol class=\"wp-block-list\" start=\"8\">\n<li>W niedziel\u0119 r\u00f3\u017caniec r\u00f3\u017ca Krystyny \u015al\u0105czka \u2013 na intencj\u0119 o powo\u0142ania kap\u0142a\u0144skie, zakonne i misyjne.<\/li>\n<\/ol>\n\n\n\n<ol class=\"wp-block-list\" start=\"9\">\n<li>Zapowiedzi: Oskar D\u0105browski \u2013 Kinga Cie\u015bla (I), Mateusz \u017buber \u2013 Joanna Szulc (I), Piotr Kilarecki \u2013 Oliwia Szuba (I),&nbsp; Krystian Skoczylas i Violetta Zg\u00f3rska (II), Kamil Mucha i Weronika Knap (II) .<\/li>\n<\/ol>\n\n\n\n<ol class=\"wp-block-list\" start=\"10\">\n<li>B\u00f3g zap\u0142a\u0107 za sk\u0142adk\u0119 inwestycyjn\u0105 z ostatniej niedzieli, kt\u00f3ra wynios\u0142a 9 tys. z\u0142. B\u00f3g zap\u0142a\u0107 za ofiary wp\u0142acane na konto parafialne.<\/li>\n<\/ol>\n\n\n\n<ol class=\"wp-block-list\" start=\"11\">\n<li>B\u00f3g zap\u0142a\u0107 za ofiary na sprz\u0105tanie ko\u015bcio\u0142a. W tym tygodniu prosimy rodziny z ul. Budziwojskiej numery parzyste od 244 do318 (244, 248, 250, 252, 254, 258, 260, 264, 280, 286, 286a, 288, 296, 300, 308, 316, 318).<\/li>\n<\/ol>\n\n\n\n<ol class=\"wp-block-list\" start=\"12\">\n<li>W dniach od 11 do 13 sierpnia organizowany jest parafialny wyjazd na Ukrain\u0119. G\u0142\u00f3wne miejsca to: D\u017awiniaczka \u2013 miejsce pobytu po zes\u0142aniu \u015bw. Zygmunta Szcz\u0119snego Feli\u0144skiego, gdzie prowadzi\u0142 duszpasterstwo, uczy\u0142 \u017cy\u0107 w zgodzie Polak\u00f3w i Ukrai\u0144c\u00f3w, gdzie te\u017c wybudowa\u0142 ko\u015bci\u00f3\u0142, kt\u00f3ry ostatnio zosta\u0142 odbudowany; drugie miejsce to Dublany ko\u0142o Sambora \u2013 miejsce m\u0119cze\u0144skiej \u015bmierci rodaka budziwojskiego ks. Piotra Szczupiela \u2013 nawiedzimy jego gr\u00f3b, a w kaplicy cmentarnej odprawimy Msz\u0119 \u015bw. w jego intencji. Koszt 500 z\u0142. Potrzebny jest wa\u017cny paszport. Zapisy od dzi\u015b w zakrystii. Program zamieszczony jest na FB i plakat na drzwiach.<\/li>\n<\/ol>\n\n\n\n<ol class=\"wp-block-list\" start=\"13\">\n<li>Dzisiaj po Mszach \u015bw. zbi\u00f3rka do puszek na zakup pojazd\u00f3w dla&nbsp;<\/li>\n<\/ol>\n\n\n\n<p>misjonarzy.<\/p>\n","protected":false},"excerpt":{"rendered":"<p>&#8230;<\/p>\n","protected":false},"author":1,"featured_media":7585,"comment_status":"closed","ping_status":"open","sticky":false,"template":"","format":"standard","meta":{"ngg_post_thumbnail":0,"footnotes":""},"categories":[25,13,14],"tags":[],"class_list":["post-9242","post","type-post","status-publish","format-standard","has-post-thumbnail","hentry","category-news","category-newsy","category-ogloszenia_duszp"],"_links":{"self":[{"href":"https:\/\/mbsniezna.rzeszow.pl\/index.php\/wp-json\/wp\/v2\/posts\/9242","targetHints":{"allow":["GET"]}}],"collection":[{"href":"https:\/\/mbsniezna.rzeszow.pl\/index.php\/wp-json\/wp\/v2\/posts"}],"about":[{"href":"https:\/\/mbsniezna.rzeszow.pl\/index.php\/wp-json\/wp\/v2\/types\/post"}],"author":[{"embeddable":true,"href":"https:\/\/mbsniezna.rzeszow.pl\/index.php\/wp-json\/wp\/v2\/users\/1"}],"replies":[{"embeddable":true,"href":"https:\/\/mbsniezna.rzeszow.pl\/index.php\/wp-json\/wp\/v2\/comments?post=9242"}],"version-history":[{"count":1,"href":"https:\/\/mbsniezna.rzeszow.pl\/index.php\/wp-json\/wp\/v2\/posts\/9242\/revisions"}],"predecessor-version":[{"id":9243,"href":"https:\/\/mbsniezna.rzeszow.pl\/index.php\/wp-json\/wp\/v2\/posts\/9242\/revisions\/9243"}],"wp:featuredmedia":[{"embeddable":true,"href":"https:\/\/mbsniezna.rzeszow.pl\/index.php\/wp-json\/wp\/v2\/media\/7585"}],"wp:attachment":[{"href":"https:\/\/mbsniezna.rzeszow.pl\/index.php\/wp-json\/wp\/v2\/media?parent=9242"}],"wp:term":[{"taxonomy":"category","embeddable":true,"href":"https:\/\/mbsniezna.rzeszow.pl\/index.php\/wp-json\/wp\/v2\/categories?post=9242"},{"taxonomy":"post_tag","embeddable":true,"href":"https:\/\/mbsniezna.rzeszow.pl\/index.php\/wp-json\/wp\/v2\/tags?post=9242"}],"curies":[{"name":"wp","href":"https:\/\/api.w.org\/{rel}","templated":true}]}}