{"id":9256,"date":"2023-08-19T21:05:50","date_gmt":"2023-08-19T19:05:50","guid":{"rendered":"https:\/\/mbsniezna.rzeszow.pl\/?p=9256"},"modified":"2023-08-19T21:05:50","modified_gmt":"2023-08-19T19:05:50","slug":"xx-niedziela-zwykla-20-sierpnia-2023-r","status":"publish","type":"post","link":"https:\/\/mbsniezna.rzeszow.pl\/index.php\/2023\/08\/19\/xx-niedziela-zwykla-20-sierpnia-2023-r\/","title":{"rendered":"\u00a0XX NIEDZIELA ZWYK\u0141A \u2013 20 sierpnia 2023 r."},"content":{"rendered":"\n<ol class=\"wp-block-list\">\n<li>Jutro w naszej parafii rozpoczynamy przygotowanie do beatyfikacji rodziny Ulm\u00f3w. Modli\u0107 si\u0119 b\u0119dziemy o obfite jej owoce w naszych rodzinach. Przygotowanie b\u0119dzie trwa\u0142o 20 dni \u2013 czyli tyle ile jest tajemnic r\u00f3\u017ca\u0144ca.&nbsp; Przez ten czas w dni powszednie po Mszy wieczornej, a w niedziele po prymarii odmawia\u0107 b\u0119dziemy kolejn\u0105 tajemnic\u0119 r\u00f3\u017ca\u0144ca z rozwa\u017caniem.&nbsp;<\/li>\n<\/ol>\n\n\n\n<p>Obok wystawionego w prezbiterium obrazu rodziny Ulm\u00f3w b\u0119dzie koszyk, do kt\u00f3rego b\u0119dzie mo\u017cna sk\u0142ada\u0107 pro\u015bby o ich or\u0119downictwo przed Bogiem. Pro\u015bby z\u0142o\u017cone w poszczeg\u00f3lne dni odczytywane b\u0119d\u0105 przed dziesi\u0105tkiem r\u00f3\u017ca\u0144ca. Serdecznie zapraszamy do udzia\u0142u w tej modlitwie i do sk\u0142adania pr\u00f3\u015bb.<\/p>\n\n\n\n<p>Na parafialnym FB ka\u017cdego&nbsp; zamieszcza\u0107 b\u0119dziemy kilkuminutowe rozwa\u017canie do drodze \u015bwi\u0119to\u015bci Ulm\u00f3w z Radia Fara.<\/p>\n\n\n\n<ol class=\"wp-block-list\" start=\"2\">\n<li>W naszej parafii pragniemy rozwija\u0107 kult b\u0142ogos\u0142awionej rodziny Ulm\u00f3w w nast\u0119puj\u0105cy spos\u00f3b:<\/li>\n<\/ol>\n\n\n\n<p>&#8211; w niedziel\u0119 24 wrze\u015bnia na Mszy \u015bw. o godz. 12.00 b\u0119dzie uroczyste wprowadzenie na sta\u0142e do naszej parafii ich relikwii. Uroczysto\u015bci przewodniczy\u0142 b\u0119dzie ks. bp Stanis\u0142aw Jamrozek z Przemy\u015bla.<\/p>\n\n\n\n<p>&#8211; od 1 pa\u017adziernika rozpocznie si\u0119 peregrynacja relikwii po ch\u0119tnych rodzinach naszej parafii \u2013 szczeg\u00f3\u0142y za tydzie\u0144.<\/p>\n\n\n\n<p>&#8211; ustanowienie&nbsp; cotygodniowego nabo\u017ce\u0144stwa z pro\u015bbami i podzi\u0119kowaniami<\/p>\n\n\n\n<p>&#8211; w przysz\u0142o\u015bci wybudowanie w ko\u015bciele o\u0142tarza, w kt\u00f3rym by\u0142yby relikwie i obraz Ulm\u00f3w. Zapraszamy do aktywnego w\u0142\u0105czenia si\u0119 w te dzia\u0142ania.<\/p>\n\n\n\n<ol class=\"wp-block-list\" start=\"3\">\n<li>W niedziel\u0119 13 sierpnia 20 osobowa delegacja z naszej parafii by\u0142a w Dublanach ko\u0142o Sambora, gdzie pochowany jest rodak Budziwojski&nbsp; ks. Piotr Szczupiel, kt\u00f3ry bohatersko odda\u0142 \u017cycie w obronie krzy\u017ca 29 czerwca 1941 r. Najpierw modlili\u015bmy si\u0119 przy jego grobie, a potem w kaplicy cmentarnej odprawili\u015bmy za niego Msz\u0119 \u015bw., w kt\u00f3rej uczestniczyli tak\u017ce miejscowi Polacy. Po Mszy \u015bw. odby\u0142o si\u0119 wsp\u00f3lne spotkanie.<\/li>\n<\/ol>\n\n\n\n<p>W niedziel\u0119 17 wrze\u015bnia na Mszy \u015bw. o godz. 12.00 b\u0119dzie promocja ksi\u0105\u017cki o ks. Szczupielu.<\/p>\n\n\n\n<ol class=\"wp-block-list\" start=\"4\">\n<li>W \u015brod\u0119 wspomnienie b\u0142. ks. W\u0142adys\u0142awa Findysza \u2013 m\u0119czennika. Jest nam bliski bo jego&nbsp; relikwie zosta\u0142y z\u0142o\u017cone w o\u0142tarzu naszego ko\u015bcio\u0142a podczas jego konsekracji,<\/li>\n<\/ol>\n\n\n\n<ol class=\"wp-block-list\" start=\"5\">\n<li>W niedziel\u0119 r\u00f3\u017caniec poprowadzi r\u00f3\u017ca Krystyny \u015al\u0105czka.<\/li>\n<\/ol>\n\n\n\n<ol class=\"wp-block-list\" start=\"6\">\n<li>Zapowiedzi: Andrzej Wojtowicz i Joanna Leszcy\u0144ska (zap. I),&nbsp; Sebastian Carlos Fajardo Castaneda (czyt. Fahardo Castanieda) \u2013 Patrycja Krzyszto\u0144 (II), Mateusz Sobkowicz i Monika Feret (II).<\/li>\n<\/ol>\n\n\n\n<ol class=\"wp-block-list\" start=\"7\">\n<li>B\u00f3g zap\u0142a\u0107 za ofiary na sprz\u0105tanie ko\u015bcio\u0142a, w tym tygodniu prosimy rodziny z ul. Por\u0105bki numery nieparzyste od 133a do163c (133a, 133c, 135c, 137, 137c, 137f, 137g, 139, 143b, 147, 155, 157, 159,163b, 163c).<\/li>\n<\/ol>\n\n\n\n<ol class=\"wp-block-list\" start=\"8\">\n<li>B\u00f3g zap\u0142a\u0107 za dzisiejsz\u0105 sk\u0142adk\u0119 inwestycyjn\u0105.<\/li>\n<\/ol>\n\n\n\n<ol class=\"wp-block-list\" start=\"9\">\n<li>W Instytucie Teologicznym w Rzeszowie dzia\u0142a Akademia Biblijna. Daje ona mo\u017cliwo\u015b\u0107 g\u0142\u0119bszego poznania Pisma \u015bw. i jego przes\u0142ania. Zach\u0119camy do zapisania si\u0119. Wi\u0119cej szczeg\u00f3\u0142\u00f3w na parafialnym. FB.<\/li>\n<\/ol>\n\n\n\n<ol class=\"wp-block-list\" start=\"10\">\n<li>Bardzo serdecznie dzi\u0119kujemy Zespo\u0142owi \u201eBudziwojce\u201d i Zespo\u0142owi \u201eWeso\u0142e Kumoszki\u201d z mieszka\u0144cami Kolonii za przygotowanie wie\u0144c\u00f3w do\u017cynkowych. Dzi\u0119kujemy orszakom z wie\u0144cami na czele z gospodarzami.&nbsp; Dzi\u0119kujemy zespo\u0142om \u015bpiewaczym wraz z instrumentalistami za zaanga\u017cowanie w liturgi\u0119. Dzi\u0119kujemy za stroje ludowe i \u015bpiew oraz za piel\u0119gnowanie postawy wdzi\u0119czno\u015bci Bogu i rolnikom za chleb powszedni i za wszelkie plony.<\/li>\n<\/ol>\n\n\n\n<ol class=\"wp-block-list\" start=\"11\">\n<li>W przysz\u0142\u0105 niedziel\u0119 w katedrze do\u017cynki diecezjalne, program na plakacie i na FB.<\/li>\n<\/ol>\n\n\n\n<ol class=\"wp-block-list\" start=\"12\">\n<li>Na stoliczku jest darmowe czasopismo \u201ePrzymierze z Maryj\u0105\u201d. Ten numer zawiera ciekawe artyku\u0142y mi\u0119dzy innymi o Bitwie Warszawskiej 1920 r. Zapraszamy do lektury.<\/li>\n<\/ol>\n\n\n\n<ol class=\"wp-block-list\" start=\"13\">\n<li>Od dzisiaj parafia nasza ma nowego ks. wikariusza. Jest nim ks. Szymon K\u0142ak. Pochodzi on z parafii \u015bw. J\u00f3zefa Sebastiana Pelczara w Rzeszowie. Po \u015bwi\u0119ceniach przez 3 lata pracowa\u0142 w Czudcu. Budziw\u00f3j jest jego drug\u0105 parafi\u0105.<\/li>\n<\/ol>\n\n\n\n<p>Ks. Szymonie bardzo serdecznie witamy ci\u0119 w naszej parafii. \u017byczymy wielu \u0142ask Bo\u017cych w duszpasterskim pos\u0142ugiwaniu. Zawierzamy ci\u0119 ufnie opiece Matki Bo\u017cej \u015anie\u017cnej: &#8222;Pod Twoj\u0105 obron\u0119&#8230;&#8221;<\/p>\n","protected":false},"excerpt":{"rendered":"<p>&#8230;<\/p>\n","protected":false},"author":1,"featured_media":8276,"comment_status":"closed","ping_status":"open","sticky":false,"template":"","format":"standard","meta":{"ngg_post_thumbnail":0,"footnotes":""},"categories":[25,13,14],"tags":[],"class_list":["post-9256","post","type-post","status-publish","format-standard","has-post-thumbnail","hentry","category-news","category-newsy","category-ogloszenia_duszp"],"_links":{"self":[{"href":"https:\/\/mbsniezna.rzeszow.pl\/index.php\/wp-json\/wp\/v2\/posts\/9256","targetHints":{"allow":["GET"]}}],"collection":[{"href":"https:\/\/mbsniezna.rzeszow.pl\/index.php\/wp-json\/wp\/v2\/posts"}],"about":[{"href":"https:\/\/mbsniezna.rzeszow.pl\/index.php\/wp-json\/wp\/v2\/types\/post"}],"author":[{"embeddable":true,"href":"https:\/\/mbsniezna.rzeszow.pl\/index.php\/wp-json\/wp\/v2\/users\/1"}],"replies":[{"embeddable":true,"href":"https:\/\/mbsniezna.rzeszow.pl\/index.php\/wp-json\/wp\/v2\/comments?post=9256"}],"version-history":[{"count":1,"href":"https:\/\/mbsniezna.rzeszow.pl\/index.php\/wp-json\/wp\/v2\/posts\/9256\/revisions"}],"predecessor-version":[{"id":9257,"href":"https:\/\/mbsniezna.rzeszow.pl\/index.php\/wp-json\/wp\/v2\/posts\/9256\/revisions\/9257"}],"wp:featuredmedia":[{"embeddable":true,"href":"https:\/\/mbsniezna.rzeszow.pl\/index.php\/wp-json\/wp\/v2\/media\/8276"}],"wp:attachment":[{"href":"https:\/\/mbsniezna.rzeszow.pl\/index.php\/wp-json\/wp\/v2\/media?parent=9256"}],"wp:term":[{"taxonomy":"category","embeddable":true,"href":"https:\/\/mbsniezna.rzeszow.pl\/index.php\/wp-json\/wp\/v2\/categories?post=9256"},{"taxonomy":"post_tag","embeddable":true,"href":"https:\/\/mbsniezna.rzeszow.pl\/index.php\/wp-json\/wp\/v2\/tags?post=9256"}],"curies":[{"name":"wp","href":"https:\/\/api.w.org\/{rel}","templated":true}]}}