{"id":9276,"date":"2023-09-09T23:01:37","date_gmt":"2023-09-09T21:01:37","guid":{"rendered":"https:\/\/mbsniezna.rzeszow.pl\/?p=9276"},"modified":"2023-09-09T23:01:37","modified_gmt":"2023-09-09T21:01:37","slug":"intencje-mszalne-11-17-09-2023-r","status":"publish","type":"post","link":"https:\/\/mbsniezna.rzeszow.pl\/index.php\/2023\/09\/09\/intencje-mszalne-11-17-09-2023-r\/","title":{"rendered":"INTENCJE MSZALNE 11 -17.09.2023 R."},"content":{"rendered":"\n<p>Poniedzia\u0142ek 11 wrze\u015bnia<\/p>\n\n\n\n<p>7.00 O \u0142ask\u0119 nawr\u00f3cenia, mi\u0142osierdzie Bo\u017ce, cierpliwo\u015b\u0107 i nadziej\u0119 w trudnej sytuacji dla Jacka<\/p>\n\n\n\n<p>7.00 +J\u00f3zef Matu\u0142a (10 rocz.), Eugenia<\/p>\n\n\n\n<p>18.00 +Czes\u0142aw Worosz od Bogumi\u0142y z rodzin\u0105<\/p>\n\n\n\n<p>*+Alicja G\u0142odowska (11), +Wojciech Ko\u0142odziej, +Danuta Chotkowska (11)<\/p>\n\n\n\n<p>*+Stanis\u0142aw Cag od rodziny Jamrozk\u00f3w (ks. Micha\u0142 poza parafi\u0105)<\/p>\n\n\n\n<p>*+Eugeniusz Baran od pracownik\u00f3w POM w Tyczynie (Abchazja)<\/p>\n\n\n\n<p>*+Jerzy Krzto\u0144 od wsp\u00f3\u0142prac. syna Jacka z Zak\u0142adu Narz\u0119dziowego PW w Rzeszowie (Krasnojarsk)<\/p>\n\n\n\n<p>Wtorek 12 wrze\u015bnia<\/p>\n\n\n\n<p>7.00 O Bo\u017ce b\u0142ogos\u0142awie\u0144stwo, o nawr\u00f3cenie i potrzebne \u0142aski dla Micha\u0142a i Joanny<\/p>\n\n\n\n<p>7.00 +Bogus\u0142aw Sta\u0144czyk<\/p>\n\n\n\n<p>18.00 Dzi\u0119kczynna i o Bo\u017ce b\u0142ogos\u0142awie\u0144stwo dla Diany w 1 urodziny<\/p>\n\n\n\n<p>18.00 +Marek Grzelak w dniu urodzin<\/p>\n\n\n\n<p>18.00 +Jan W\u0105s-Po\u0142oty\u0144ski, ++ z rodzin Po\u0142oty\u0144skich i Podulka<\/p>\n\n\n\n<p>18.00 +Danuta Kie\u015b od c\u00f3rki Aleksandry, Krzysztofa i Emilki<\/p>\n\n\n\n<p>&nbsp;*+Alicja G\u0142odowska (12), +Wojciech Ko\u0142odziej (12), +Danuta Chotkowska (12)<\/p>\n\n\n\n<p>*+Eugeniusz Baran od pracownik\u00f3w POM w Tyczynie (Abchazja)<\/p>\n\n\n\n<p>*+Jerzy Krzto\u0144 od wsp\u00f3\u0142prac. syna Jacka z Zak\u0142adu Narz\u0119dziowego PW w Rzeszowie (Krasnojarsk)<\/p>\n\n\n\n<p>\u015aroda 13 wrze\u015bnia<\/p>\n\n\n\n<p>7.00 O Bo\u017ce b\u0142ogos\u0142awie\u0144stwo, nawr\u00f3cenie i potrzebne \u0142aski dla Micha\u0142a i Joanny<\/p>\n\n\n\n<p>7.00 +Stanis\u0142aw Cag od rodziny Chy\u0142\u00f3w<\/p>\n\n\n\n<p>7.00 +Danuta Kie\u015b od s\u0105siad\u00f3w Bal\u00f3w i Myrd\u00f3w<\/p>\n\n\n\n<p>18.00 O b\u0142og. Bo\u017ce dla dzieci, rodzic\u00f3w, wychowawc\u00f3w i pracownik\u00f3w Przedszkola si\u00f3str<\/p>\n\n\n\n<p>18.00 +Aniela, Kazimierz Wilga<\/p>\n\n\n\n<p>18.00 +Eugenia, Stanis\u0142aw, Janusz Kotula<\/p>\n\n\n\n<p>*+Alicja G\u0142odowska (13), +Wojciech Ko\u0142odziej (13), +Danuta Chotkowska (13)<\/p>\n\n\n\n<p>*+Eugeniusz Baran od pracownik\u00f3w POM w Tyczynie (Abchazja)<\/p>\n\n\n\n<p>*+Jerzy Krzto\u0144 od wsp\u00f3\u0142prac. syna Jacka z Zak\u0142adu Narz\u0119dziowego PW w Rzeszowie (Krasnojarsk)<\/p>\n\n\n\n<p>Czwartek 14 wrze\u015bnia<\/p>\n\n\n\n<p>7.00 +Anna G\u0142owacka od cioci Krystyny z Bielska Bia\u0142ej<\/p>\n\n\n\n<p>7.00 +Emilia Kot od chrze\u015bniaka Edwarda<\/p>\n\n\n\n<p>18.00 +Krystyna Szyd\u0142owska (36 rocz.)<\/p>\n\n\n\n<p>18.00 +Katarzyna, Franciszek Konkol<\/p>\n\n\n\n<p>18.00 +Mariusz Bursztyn od rodziny Nowak\u00f3w i Tabisz\u00f3w<\/p>\n\n\n\n<p>18.00 +Stanis\u0142aw Cag od chrze\u015bnicy Anny z ca\u0142a rodzin\u0105<\/p>\n\n\n\n<p>*+Alicja G\u0142odowska (14), +Wojciech Ko\u0142odziej (14), +Danuta Chotkowska (14)<\/p>\n\n\n\n<p>* +Stefan Pa\u0142ka od siostry Zofii Mik z Mogielnicy (Abchazja)<\/p>\n\n\n\n<p>*+Jerzy Krzto\u0144 od wsp\u00f3\u0142prac. syna Jacka z Zak\u0142adu Narz\u0119dziowego PW w Rzeszowie (Krasnojarsk)<\/p>\n\n\n\n<p>Pi\u0105tek 15 wrze\u015bnia<\/p>\n\n\n\n<p>7.00 +Julia, W\u0142adys\u0142aw, ++ z rodziny<\/p>\n\n\n\n<p>7.00 +Danuta Kie\u015b od rodziny R\u00f3g<\/p>\n\n\n\n<p>18.00 O Bo\u017ce b\u0142ogos\u0142awie\u0144stwo dla Anny i Andrzeja.<\/p>\n\n\n\n<p>18.00 +Czes\u0142aw Worosz od Krystyny Grzelak<\/p>\n\n\n\n<p>18.00 +Stanis\u0142aw Cag od rodziny Stec<\/p>\n\n\n\n<p>*+Alicja G\u0142odowska (15), +Wojciech Ko\u0142odziej (15), +Danuta Chotkowska (15)<\/p>\n\n\n\n<p>*+Emilia Kot od chrze\u015bniaka Edwarda (ks. Micha\u0142 poza parafi\u0105)<\/p>\n\n\n\n<p>* +Stefan Pa\u0142ka od rodziny Kaszuba i Basara ze Zg\u0142obnia (Abchazja)<\/p>\n\n\n\n<p>*+Jerzy Krzto\u0144 od wsp\u00f3\u0142prac. syna Jacka z Zak\u0142adu Narz\u0119dziowego PW w Rzeszowie (Krasnojarsk)<\/p>\n\n\n\n<p>Sobota 16 wrze\u015bnia<\/p>\n\n\n\n<p>7.00 +Stanis\u0142aw Cag od siostry Barbary z m\u0119\u017cem Andrzejem<\/p>\n\n\n\n<p>18.00 O zdrowie i b\u0142ogos\u0142awie\u0144stwo Bo\u017ce dla Nikoli w 5 urodziny<\/p>\n\n\n\n<p>18.00 +Aleksandra Majcher (18 rocz.)<\/p>\n\n\n\n<p>*+Alicja G\u0142odowska (16), +Wojciech Ko\u0142odziej (16), +Danuta Chotkowska (16)<\/p>\n\n\n\n<p>*+Emilia Kot od rodziny Piech (ks. Micha\u0142 poza parafi\u0105)<\/p>\n\n\n\n<p>* +Stefan Pa\u0142ka od rodziny P\u0142onka (Abchazja)<\/p>\n\n\n\n<p>*+Jerzy Krzto\u0144 od wsp\u00f3\u0142prac. syna Jacka z Zak\u0142adu Narz\u0119dziowego PW w Rzeszowie (Krasnojarsk)<\/p>\n\n\n\n<p>Niedziela 17 wrze\u015bnia<\/p>\n\n\n\n<p>7.00 O b\u0142ogos\u0142awie\u0144stwo Bo\u017ce i opiek\u0119 Matki Najswi\u0119tszej dla si\u00f3str z r\u00f3\u017cy Olgi Kotula<\/p>\n\n\n\n<p>9.00 Dzi\u0119kczynna za szcz\u0119\u015bliwie zdana matur\u0119 i o dalsze dary Ducha \u015awi\u0119tego na studiach dla Filipa<\/p>\n\n\n\n<p>*+Alicja G\u0142odowska (17), +Wojciech Ko\u0142odziej (17), +Danuta Chotkowska (17)<\/p>\n\n\n\n<p>* +Stefan Pa\u0142ka od Krystyny i Piotra (Abchazja)<\/p>\n\n\n\n<p>10.30 Dzi\u0119kczynna za \u0142aski 50-lecia ma\u0142\u017ce\u0144stwa dla Krystyny i Edwarda Pitera<\/p>\n\n\n\n<p>*+Emilia Kot od szwagra J\u00f3zefa (ks. Micha\u0142 poza parafi\u0105)<\/p>\n\n\n\n<p>12.00 Za parafian \u017cywych i zmar\u0142ych<\/p>\n\n\n\n<p>12.00 +ks. Piotr Szczupiel<\/p>\n\n\n\n<p>16.00 +Jan Bal (2 rocz.)<\/p>\n\n\n\n<p>18.00 +Anna Sok\u00f3\u0142 od wnuczki Moniki z rodzin\u0105<\/p>\n","protected":false},"excerpt":{"rendered":"<p>&#8230;<\/p>\n","protected":false},"author":1,"featured_media":7717,"comment_status":"closed","ping_status":"open","sticky":false,"template":"","format":"standard","meta":{"ngg_post_thumbnail":0,"footnotes":""},"categories":[4,25,13],"tags":[],"class_list":["post-9276","post","type-post","status-publish","format-standard","has-post-thumbnail","hentry","category-intencje","category-news","category-newsy"],"_links":{"self":[{"href":"https:\/\/mbsniezna.rzeszow.pl\/index.php\/wp-json\/wp\/v2\/posts\/9276","targetHints":{"allow":["GET"]}}],"collection":[{"href":"https:\/\/mbsniezna.rzeszow.pl\/index.php\/wp-json\/wp\/v2\/posts"}],"about":[{"href":"https:\/\/mbsniezna.rzeszow.pl\/index.php\/wp-json\/wp\/v2\/types\/post"}],"author":[{"embeddable":true,"href":"https:\/\/mbsniezna.rzeszow.pl\/index.php\/wp-json\/wp\/v2\/users\/1"}],"replies":[{"embeddable":true,"href":"https:\/\/mbsniezna.rzeszow.pl\/index.php\/wp-json\/wp\/v2\/comments?post=9276"}],"version-history":[{"count":1,"href":"https:\/\/mbsniezna.rzeszow.pl\/index.php\/wp-json\/wp\/v2\/posts\/9276\/revisions"}],"predecessor-version":[{"id":9277,"href":"https:\/\/mbsniezna.rzeszow.pl\/index.php\/wp-json\/wp\/v2\/posts\/9276\/revisions\/9277"}],"wp:featuredmedia":[{"embeddable":true,"href":"https:\/\/mbsniezna.rzeszow.pl\/index.php\/wp-json\/wp\/v2\/media\/7717"}],"wp:attachment":[{"href":"https:\/\/mbsniezna.rzeszow.pl\/index.php\/wp-json\/wp\/v2\/media?parent=9276"}],"wp:term":[{"taxonomy":"category","embeddable":true,"href":"https:\/\/mbsniezna.rzeszow.pl\/index.php\/wp-json\/wp\/v2\/categories?post=9276"},{"taxonomy":"post_tag","embeddable":true,"href":"https:\/\/mbsniezna.rzeszow.pl\/index.php\/wp-json\/wp\/v2\/tags?post=9276"}],"curies":[{"name":"wp","href":"https:\/\/api.w.org\/{rel}","templated":true}]}}