{"id":9278,"date":"2023-09-09T23:02:11","date_gmt":"2023-09-09T21:02:11","guid":{"rendered":"https:\/\/mbsniezna.rzeszow.pl\/?p=9278"},"modified":"2023-09-09T23:02:11","modified_gmt":"2023-09-09T21:02:11","slug":"xxiii-niedziela-zwykla-10-wrzesnia-2023-r","status":"publish","type":"post","link":"https:\/\/mbsniezna.rzeszow.pl\/index.php\/2023\/09\/09\/xxiii-niedziela-zwykla-10-wrzesnia-2023-r\/","title":{"rendered":"XXIII NIEDZIELA ZWYK\u0141A \u2013 10 WRZE\u015aNIA 2023 r."},"content":{"rendered":"\n<ol class=\"wp-block-list\">\n<li>Jutro o 14.00 pogrzeb \u015bp. Zbigniewa P\u0105czka z ul. Poselskiej.<\/li>\n<\/ol>\n\n\n\n<ol class=\"wp-block-list\" start=\"2\">\n<li>We wtorek uroczysto\u015b\u0107&nbsp; Matki Bo\u017cej Rzeszowskiej. Nabo\u017ce\u0144stwo do \u015bw. Antoniego.<\/li>\n<\/ol>\n\n\n\n<ol class=\"wp-block-list\" start=\"3\">\n<li>We wtorek o 19.00 w salce pod ko\u015bcio\u0142em katecheza dla doros\u0142ych.<\/li>\n<\/ol>\n\n\n\n<ol class=\"wp-block-list\" start=\"4\">\n<li>We \u015brod\u0119 o 16.30 w salce spotkanie kandydat\u00f3w na ministrant\u00f3w. Zapraszamy ch\u0142opc\u00f3w od 4 klasy.<\/li>\n<\/ol>\n\n\n\n<ol class=\"wp-block-list\" start=\"5\">\n<li>We \u015brod\u0119 o 17.30 r\u00f3\u017caniec w intencji poszanowania \u017cycia \u2013 zapraszamy cz\u0142onk\u00f3w Duchowej Adopcji. Po Mszy&nbsp; Nowenna do Matki Bo\u017cej \u015anie\u017cnej.&nbsp;<\/li>\n<\/ol>\n\n\n\n<ol class=\"wp-block-list\" start=\"6\">\n<li>We czwartek \u015bwi\u0119to Podwy\u017cszenia Krzy\u017ca. Od 17.15 adoracja i spowied\u017a.<\/li>\n<\/ol>\n\n\n\n<ol class=\"wp-block-list\" start=\"7\">\n<li>W pi\u0105tek wspomnienie Matki Bo\u017cej Bolesnej. Nabo\u017ce\u0144stwo do Bo\u017cego Mi\u0142osierdzia \u2013 zapraszamy cz\u0142onk\u00f3w Koronki za Konaj\u0105cych.<\/li>\n<\/ol>\n\n\n\n<ol class=\"wp-block-list\" start=\"8\">\n<li>W pi\u0105tek spotkania oazy: 16.30 \u2013 m\u0142odsza, 19.00 starsza.<\/li>\n<\/ol>\n\n\n\n<ol class=\"wp-block-list\" start=\"9\">\n<li>W sobot\u0119 16 dzie\u0144 miesi\u0105ca \u2013 modlitwa przez wstawiennictwo \u015bw. Jana Paw\u0142a II.<\/li>\n<\/ol>\n\n\n\n<ol class=\"wp-block-list\" start=\"10\">\n<li>Dzia\u0142aj\u0105ca w naszej parafii Wsp\u00f3lnota \u015bw. Zygmunta Feli\u0144skiego zaprasza na wyjazd do Warszawy w dniu 16 wrze\u015bnia \u2013 najbli\u017csza sobota. Program: 4.00 wyjazd, 11.00 Msza \u015bw. w katedrze \u015bw. Jana pod przewodnictwem kard. Nycza, modlitwa w kaplicy \u015bw. Zygmunta przy jego relikwiach, spotkanie i obiad w Domu Generalnym Si\u00f3str Franciszkanek Rodziny Maryi, 15.00 \u2013 zwiedzanie \u015awi\u0105tyni Opatrzno\u015bci Bo\u017cej, 16.00 \u2013 wyjazd do Rzeszowa. Koszt uzale\u017cniony od liczby uczestnik\u00f3w \u2013 do 150 z\u0142. Zapisy od dzi\u015b w zakrystii.<\/li>\n<\/ol>\n\n\n\n<ol class=\"wp-block-list\" start=\"11\">\n<li>W przysz\u0142\u0105 niedziel\u0119 o godz. 12.00 b\u0119dzie Msza \u015bw. za \u015bp. ks. Piotra Szczupiela \u2013 naszego budziwojskiego rodaka. B\u0119dzie ona po\u0142\u0105czona z promocj\u0105 publikacji o jego \u017cyciu i m\u0119cze\u0144stwie. B\u0119d\u0105 obecni historycy mi\u0119dzy innymi z Uniwersytetu Rzeszowskiego i Katolickiego Uniwersytetu Lubelskiego. Ju\u017c dzisiaj bardzo serdecznie dzi\u0119kujemy naszej parafiance&nbsp; prof. Sabinie Rejman z Uniwersytetu Rzeszowskiego za napisanie biografii ks. Szczupiela. Publikacj\u0119 w przysz\u0142\u0105 niedziel\u0119 b\u0119dzie mo\u017cna nabywa\u0107 po ka\u017cdej Mszy \u015bw. w zakrystii w cenie 5 z\u0142.<\/li>\n<\/ol>\n\n\n\n<ol class=\"wp-block-list\" start=\"12\">\n<li>Od przysz\u0142ej niedzieli Msza \u015bw. o 10.30 b\u0119dzie z udzia\u0142em dzieci. Zapraszamy dzieci przedszkolne i dzieci z m\u0142odszych klas szko\u0142y podstawowej.<\/li>\n<\/ol>\n\n\n\n<ol class=\"wp-block-list\" start=\"13\">\n<li>13.Uczni\u00f3w klas VIII, kt\u00f3rzy mieszkaj\u0105 na terenie naszej parafii, ale ucz\u0119szczaj\u0105cych do szko\u0142y poza nasz\u0105 parafi\u0105 prosimy, aby&nbsp; w tym tygodniu zapisywa\u0107 si\u0119 na bezpo\u015brednie przygotowanie do bierzmowania w naszej parafii. Zapisujemy si\u0119 elektroniczne. Formularz jest na parafialnym FB. Przygotowanie do bierzmowania i jego przyj\u0119cie ma \u0142\u0105czy\u0107 m\u0142odego cz\u0142owieka z parafi\u0105 zamieszkania. \u201eWskazania Konferencji Episkopatu Polski dotycz\u0105ce przygotowania&nbsp; do przyj\u0119cia sakramentu bierzmowania\u201d w punkcie 9 m\u00f3wi\u0105: \u201eUprzywilejowanym miejscem przygotowania bli\u017cszego i bezpo\u015bredniego do sakramentu bierzmowania jest parafia zamieszkania, a nie parafia, na terenie kt\u00f3rej znajduje si\u0119 szko\u0142a. Na tym etapie rozwoju religijnego chodzi bowiem o w\u0142\u0105czenie kandydata w \u017cycie jego parafii.\u201d Katecheci, kt\u00f3rzy obiecuj\u0105&nbsp; bierzmowanie z klas\u0105 dzia\u0142aj\u0105 nieuczciwie!!!<\/li>\n<\/ol>\n\n\n\n<ol class=\"wp-block-list\" start=\"14\">\n<li>Rozpoczynamy w parafii nowy cykl spotka\u0144 \u201eOn przyni\u00f3s\u0142 nowe \u017cycie\u201d. B\u0119dzie to katecheza i adoracja \u2013 czas refleksji i wyciszenia, aby otwiera\u0107 si\u0119 na dzia\u0142anie Bo\u017ce i stawa\u0107 si\u0119 nowym cz\u0142owiekiem. Spotkania b\u0119d\u0105&nbsp; raz w miesi\u0105cu w pi\u0105tek o godz. 19.30. Harmonogram spotka\u0144 na plakatach i na FB. Zapraszamy.<\/li>\n<\/ol>\n\n\n\n<ol class=\"wp-block-list\" start=\"15\">\n<li>Zapowiedzi:&nbsp; Micha\u0142 Choma i Patrycja Derlecka (II).<\/li>\n<\/ol>\n\n\n\n<ol class=\"wp-block-list\" start=\"16\">\n<li>B\u00f3g zap\u0142a\u0107 za ofiary na sprz\u0105tanie ko\u015bcio\u0142a. W tym tygodniu prosimy rodziny z ul. Por\u0105bki numery parzyste od 2 do 52c (2, 18\/1, 18\/2, 18\/3, 18\/5, 18\/6, 18\/8, 18\/14, 18\/16, 18\/17, 18\/18, 18\/19, 18\/21, 18\/22, 52a, 52b, 52c.<\/li>\n<\/ol>\n\n\n\n<ol class=\"wp-block-list\" start=\"17\">\n<li>Od jutra na dolnym parkingu b\u0119dzie kontener na makulatur\u0119 na misje. Zapraszamy do przynoszenia.<\/li>\n<\/ol>\n\n\n\n<ol class=\"wp-block-list\" start=\"18\">\n<li>Na feriach zimowych w dniach od 27 stycznia do 3 lutego 2024 r. parafia nasza organizuje samolotowo-autokarow\u0105 pielgrzymk\u0119 do Hiszpani. W programie mi\u0119dzy innymi: Sewilla, Gibraltar, Granada i Cordoba. Cena 590 euro i 2&nbsp;850 z\u0142.&nbsp; Szczeg\u00f3\u0142owy program na FB. Zapisy od dzisiaj po Mszach \u015bw. w zakrystii.<\/li>\n<\/ol>\n\n\n\n<ol class=\"wp-block-list\" start=\"19\">\n<li>Nasze Domy Kultury \u201eBudziw\u00f3j\u201d i \u201eCountry\u201d prowadza zapisy na r\u00f3\u017cne ciekawe zaj\u0119cia. We wtorek w domach kultury jest dzie\u0144 otwarty. Szczeg\u00f3\u0142y na naszym FB.<\/li>\n<\/ol>\n\n\n\n<ol class=\"wp-block-list\" start=\"20\">\n<li>Dzisiaj pani Krystyna z \u0141a\u0144cuta zbiera przed ko\u015bcio\u0142em ofiary na leczenie ci\u0119\u017cko chorego m\u0119\u017ca Waldemara.<\/li>\n<\/ol>\n","protected":false},"excerpt":{"rendered":"<p>&#8230;<\/p>\n","protected":false},"author":1,"featured_media":7627,"comment_status":"closed","ping_status":"open","sticky":false,"template":"","format":"standard","meta":{"ngg_post_thumbnail":0,"footnotes":""},"categories":[25,13,14],"tags":[],"class_list":["post-9278","post","type-post","status-publish","format-standard","has-post-thumbnail","hentry","category-news","category-newsy","category-ogloszenia_duszp"],"_links":{"self":[{"href":"https:\/\/mbsniezna.rzeszow.pl\/index.php\/wp-json\/wp\/v2\/posts\/9278","targetHints":{"allow":["GET"]}}],"collection":[{"href":"https:\/\/mbsniezna.rzeszow.pl\/index.php\/wp-json\/wp\/v2\/posts"}],"about":[{"href":"https:\/\/mbsniezna.rzeszow.pl\/index.php\/wp-json\/wp\/v2\/types\/post"}],"author":[{"embeddable":true,"href":"https:\/\/mbsniezna.rzeszow.pl\/index.php\/wp-json\/wp\/v2\/users\/1"}],"replies":[{"embeddable":true,"href":"https:\/\/mbsniezna.rzeszow.pl\/index.php\/wp-json\/wp\/v2\/comments?post=9278"}],"version-history":[{"count":1,"href":"https:\/\/mbsniezna.rzeszow.pl\/index.php\/wp-json\/wp\/v2\/posts\/9278\/revisions"}],"predecessor-version":[{"id":9279,"href":"https:\/\/mbsniezna.rzeszow.pl\/index.php\/wp-json\/wp\/v2\/posts\/9278\/revisions\/9279"}],"wp:featuredmedia":[{"embeddable":true,"href":"https:\/\/mbsniezna.rzeszow.pl\/index.php\/wp-json\/wp\/v2\/media\/7627"}],"wp:attachment":[{"href":"https:\/\/mbsniezna.rzeszow.pl\/index.php\/wp-json\/wp\/v2\/media?parent=9278"}],"wp:term":[{"taxonomy":"category","embeddable":true,"href":"https:\/\/mbsniezna.rzeszow.pl\/index.php\/wp-json\/wp\/v2\/categories?post=9278"},{"taxonomy":"post_tag","embeddable":true,"href":"https:\/\/mbsniezna.rzeszow.pl\/index.php\/wp-json\/wp\/v2\/tags?post=9278"}],"curies":[{"name":"wp","href":"https:\/\/api.w.org\/{rel}","templated":true}]}}