{"id":9409,"date":"2023-10-08T07:49:41","date_gmt":"2023-10-08T05:49:41","guid":{"rendered":"https:\/\/mbsniezna.rzeszow.pl\/?p=9409"},"modified":"2023-10-08T07:49:41","modified_gmt":"2023-10-08T05:49:41","slug":"intencje-mszalne-2","status":"publish","type":"post","link":"https:\/\/mbsniezna.rzeszow.pl\/index.php\/2023\/10\/08\/intencje-mszalne-2\/","title":{"rendered":"Intencje mszalne"},"content":{"rendered":"\n<p>9 \u2013 15.10.2023 r.<\/p>\n\n\n\n<p>Poniedzia\u0142ek 9 pa\u017adziernika<\/p>\n\n\n\n<p>7.00 O Bo\u017ce b\u0142ogos\u0142awie\u0144stwo dla pielgrzym\u00f3w do Cz\u0119stochowy i ich rodzin<\/p>\n\n\n\n<p>7.00 <a><\/a>+Stanis\u0142aw Cag od Grzegorza Cag z rodzin\u0105<\/p>\n\n\n\n<p>18.00 Czes\u0142awa Ziemniak (13 rocz.)<\/p>\n\n\n\n<p>18.00 +Mieczys\u0142aw Fie\u0144 (13 rocz.)<\/p>\n\n\n\n<p>*+Stefan Pa\u0142ka (9), +Eugeniusz Baran (9), +Zofia Pr\u0119dka (9)<\/p>\n\n\n\n<p>Wtorek 10 pa\u017adziernika<\/p>\n\n\n\n<p>7.00 O Bo\u017ce b\u0142ogos\u0142awie\u0144stwo dla pielgrzym\u00f3w do Cz\u0119stochowy i ich rodzin<\/p>\n\n\n\n<p>7.00 +Anna G\u0142owacka od Konrada i Karoliny Koch\u00f3w z rodzin\u0105<\/p>\n\n\n\n<p>18.00 Dzi\u0119kczynna w 18 urodziny Oli z pro\u015bba o Bo\u017ce b\u0142ogos\u0142awie\u0144stwo<\/p>\n\n\n\n<p>18.00 +Emilia Kot od c\u00f3rki Stanis\u0142awy<\/p>\n\n\n\n<p>18.00 +Danuta Kie\u015b od siostry Barbary i Erwina \u2013 zako\u0144czenie Mszy pogrzebowych<\/p>\n\n\n\n<p>*+Stefan Pa\u0142ka (10), +Eugeniusz Baran (10), +Zofia Pr\u0119dka (10)<\/p>\n\n\n\n<p>\u015aroda 11 pa\u017adziernika<\/p>\n\n\n\n<p>7.00 O Bo\u017ce b\u0142ogos\u0142awie\u0144stwo dla pielgrzym\u00f3w do Cz\u0119stochowy i ich rodzin<\/p>\n\n\n\n<p>7.00 +Stanis\u0142aw Cag od Dawida Michalskiego z rodzin\u0105<\/p>\n\n\n\n<p>18.00 +Tadeusz, Anna Domino<\/p>\n\n\n\n<p>18.00 +Bronis\u0142awa, Stanis\u0142aw \u017bar\u00f3w (rocz.)<\/p>\n\n\n\n<p>*+Emilia Kot od Danuty Doksa z Lubeni<\/p>\n\n\n\n<p>*+Stefan Pa\u0142ka (11), +Eugeniusz Baran (11), +Zofia Pr\u0119dka (11)<\/p>\n\n\n\n<p>Czwartek 12 pa\u017adziernika<\/p>\n\n\n\n<p>7.00 O Bo\u017ce b\u0142ogos\u0142awie\u0144stwo dla pielgrzym\u00f3w do Cz\u0119stochowy i ich rodzin<\/p>\n\n\n\n<p>7.00 +Emilia Kot od wnuka Tomasza<\/p>\n\n\n\n<p>7.00 +Anna G\u0142owacka od siostry Marty z rodzin\u0105<\/p>\n\n\n\n<p>18.00 O b\u0142og. Bo\u017ce o opiek\u0119 M.B \u015anie\u017cnej dla Aleksandry w 18 urodziny<\/p>\n\n\n\n<p>18.00 +Piotr, Karolina Rybka<\/p>\n\n\n\n<p>*+Stefan Pa\u0142ka (12), +Eugeniusz Baran (12), +Zofia Pr\u0119dka (12)<\/p>\n\n\n\n<p>Pi\u0105tek 13 pa\u017adziernika<\/p>\n\n\n\n<p>7.00 O Bo\u017ce b\u0142ogos\u0142awie\u0144stwo dla pielgrzym\u00f3w do Cz\u0119stochowy i ich rodzin<\/p>\n\n\n\n<p>7.00 +Stanis\u0142aw Cag od Seweryna Pr\u0119dkiego z rodzin\u0105<\/p>\n\n\n\n<p>18.00 +Krzysztof Wojtachnia (10 rocz.) od c\u00f3rki, \u017cony i mamy<\/p>\n\n\n\n<p>18.00 +Edward, Anna Mazur<\/p>\n\n\n\n<p>*+Stefan Pa\u0142ka (13), +Eugeniusz Baran (13), +Zofia Pr\u0119dka (13)<\/p>\n\n\n\n<p>Sobota 14 pa\u017adziernika<\/p>\n\n\n\n<p>7.00 + Ks. Kazimierz \u017bydzik od pielgrzym\u00f3w do Cz\u0119stochowy<\/p>\n\n\n\n<p>7.00 +Anna G\u0142owacka od G\u0142owackich z Hermanowej<\/p>\n\n\n\n<p>18.00 O zdrowie b\u0142og. Bo\u017ce dla s. Teresy i opiek\u0119 Matki Bo\u017cej dla si\u00f3str<\/p>\n\n\n\n<p>18.00 +Ks. W\u0142adys\u0142aw Rybka<\/p>\n\n\n\n<p>*+Stefan Pa\u0142ka (9), +Eugeniusz Baran (9), +Zofia Pr\u0119dka (9)<\/p>\n\n\n\n<p>Niedziela 15 pa\u017adziernika<\/p>\n\n\n\n<p>7.00 Dzi\u0119kczynna za otrzymane \u0142aski, o Bo\u017ce b\u0142ogos\u0142awie\u0144stwo, dary Ducha \u015awi\u0119tego i opiek\u0119 Matki Bo\u017cej, o \u0142ask\u0119 zdrowia dla El\u017cbiety, Andrzeja G\u0142az i ca\u0142ej ich rodziny<\/p>\n\n\n\n<p>9.00 O Bo\u017ce b\u0142ogos\u0142awie\u0144stwo dla s. Teresy w dniu imienin<\/p>\n\n\n\n<p>9.00 +Henryk Czuba<\/p>\n\n\n\n<p>*+Stefan Pa\u0142ka (15), +Eugeniusz Baran (15), +Zofia Pr\u0119dka (15)<\/p>\n\n\n\n<p>10.30 O Bo\u017ce b\u0142ogos\u0142awie\u0144stwo dla Huberta z rodzin\u0105<\/p>\n\n\n\n<p>10.30 +Anna Nalepa, El\u017cbieta, Tomasz, Franciszek, J\u00f3zef<\/p>\n\n\n\n<p>12.00 Za parafian \u017cywych i zmar\u0142ych<\/p>\n\n\n\n<p>16.00 +Zofia, Alfred Pr\u0119dki<\/p>\n\n\n\n<p>18.00 +Seweryna Pasierb (3 rocz.)<\/p>\n","protected":false},"excerpt":{"rendered":"<p>&#8230;<\/p>\n","protected":false},"author":1,"featured_media":7718,"comment_status":"closed","ping_status":"open","sticky":false,"template":"","format":"standard","meta":{"ngg_post_thumbnail":0,"footnotes":""},"categories":[4,25,13],"tags":[],"class_list":["post-9409","post","type-post","status-publish","format-standard","has-post-thumbnail","hentry","category-intencje","category-news","category-newsy"],"_links":{"self":[{"href":"https:\/\/mbsniezna.rzeszow.pl\/index.php\/wp-json\/wp\/v2\/posts\/9409","targetHints":{"allow":["GET"]}}],"collection":[{"href":"https:\/\/mbsniezna.rzeszow.pl\/index.php\/wp-json\/wp\/v2\/posts"}],"about":[{"href":"https:\/\/mbsniezna.rzeszow.pl\/index.php\/wp-json\/wp\/v2\/types\/post"}],"author":[{"embeddable":true,"href":"https:\/\/mbsniezna.rzeszow.pl\/index.php\/wp-json\/wp\/v2\/users\/1"}],"replies":[{"embeddable":true,"href":"https:\/\/mbsniezna.rzeszow.pl\/index.php\/wp-json\/wp\/v2\/comments?post=9409"}],"version-history":[{"count":1,"href":"https:\/\/mbsniezna.rzeszow.pl\/index.php\/wp-json\/wp\/v2\/posts\/9409\/revisions"}],"predecessor-version":[{"id":9410,"href":"https:\/\/mbsniezna.rzeszow.pl\/index.php\/wp-json\/wp\/v2\/posts\/9409\/revisions\/9410"}],"wp:featuredmedia":[{"embeddable":true,"href":"https:\/\/mbsniezna.rzeszow.pl\/index.php\/wp-json\/wp\/v2\/media\/7718"}],"wp:attachment":[{"href":"https:\/\/mbsniezna.rzeszow.pl\/index.php\/wp-json\/wp\/v2\/media?parent=9409"}],"wp:term":[{"taxonomy":"category","embeddable":true,"href":"https:\/\/mbsniezna.rzeszow.pl\/index.php\/wp-json\/wp\/v2\/categories?post=9409"},{"taxonomy":"post_tag","embeddable":true,"href":"https:\/\/mbsniezna.rzeszow.pl\/index.php\/wp-json\/wp\/v2\/tags?post=9409"}],"curies":[{"name":"wp","href":"https:\/\/api.w.org\/{rel}","templated":true}]}}