{"id":9416,"date":"2023-10-22T01:08:36","date_gmt":"2023-10-21T23:08:36","guid":{"rendered":"https:\/\/mbsniezna.rzeszow.pl\/?p=9416"},"modified":"2023-10-22T01:08:36","modified_gmt":"2023-10-21T23:08:36","slug":"intencje-mszalne-23-29-10-2023-r","status":"publish","type":"post","link":"https:\/\/mbsniezna.rzeszow.pl\/index.php\/2023\/10\/22\/intencje-mszalne-23-29-10-2023-r\/","title":{"rendered":"INTENCJE MSZALNE 23 \u2013 29.10.2023 r."},"content":{"rendered":"\n<p><strong>Poniedzia\u0142ek 23 pa\u017adziernika<\/strong><\/p>\n\n\n\n<p>7.00 +Anna Wr\u00f3bel<\/p>\n\n\n\n<p>7.00 +Anna G\u0142owacka od Aleksandra Jamr\u00f3z<\/p>\n\n\n\n<p>7.00 +Emilia Kot od Stanis\u0142awa Jacek<\/p>\n\n\n\n<p>18.00 +Urszula B\u0142aszczyk (1 rocz.) od siostry Gra\u017cyny Pasierb i brata Zenona Piekarz<\/p>\n\n\n\n<p>18.00 +Stanis\u0142aw Cag od Bogus\u0142awy i W\u0142adys\u0142awa Wisz<\/p>\n\n\n\n<p>*+Eugeniusz Per\u0142owski od Heleny i Kazimierza Czapor (RPA)<\/p>\n\n\n\n<p>*+Danuta Chotkowska od Krystyny z rodzin\u0105 (Abchazja)<\/p>\n\n\n\n<p>*+Zofia Pr\u0119dka (23), +Stefan Pa\u0142ka (23), +Eugeniusz Baran (23)<\/p>\n\n\n\n<p><strong>Wtorek 24 pa\u017adziernika<\/strong><\/p>\n\n\n\n<p>7.00 +Stanis\u0142aw Cag od Bogumi\u0142y i Mariana P\u0142onka<\/p>\n\n\n\n<p>7.00 +Emilia Kot od Marii i Ryszarda Sarna<\/p>\n\n\n\n<p>18.00 O Bo\u017ce b\u0142ogos\u0142awie\u0144stwo dla Marii Fie\u0144 w 18 urodziny<\/p>\n\n\n\n<p>18.00 +Stefania, Franciszek, Stanis\u0142aw Go\u015b<\/p>\n\n\n\n<p>18.00 +Zofia Busz (9 rocz.)<\/p>\n\n\n\n<p>*+Eugeniusz Per\u0142owski od Heleny i Kazimierza Czapor (RPA)<\/p>\n\n\n\n<p>*+Danuta Chotkowska od Janiny Wachta z rodzin\u0105 (Abchazja)<\/p>\n\n\n\n<p>*+Zofia Pr\u0119dka (24), +Stefan Pa\u0142ka (24), +Eugeniusz Baran (24)<\/p>\n\n\n\n<p><strong>\u015aroda 25 pa\u017adziernika<\/strong><\/p>\n\n\n\n<p>7.00 +Emilia Kot od rodziny Ch\u0142anda<\/p>\n\n\n\n<p>7.00 +Katarzyna Pietrzyk od s\u0105siad\u00f3w z ul. M\u0142y\u0144skiej<\/p>\n\n\n\n<p>7.00 +Stanis\u0142aw Cag od El\u017cbiety i Bogdana Bury<\/p>\n\n\n\n<p>18.00 +Jan, Helena Dudek<\/p>\n\n\n\n<p>18.00 +Maria Kostrzewa (1 rocz.)<\/p>\n\n\n\n<p>*+Eugeniusz Per\u0142owski od rodziny Czapor\u00f3w (RPA)<\/p>\n\n\n\n<p>*+Danuya Chotkowska od Ani i Piotra Pietrzak\u00f3w z rodzin\u0105 (Abchazja)<\/p>\n\n\n\n<p>*+Zofia Pr\u0119dka (25), +Stefan Pa\u0142ka (25), +Eugeniusz Baran (25)<\/p>\n\n\n\n<p><strong>Czwartek 26 pa\u017adziernika<\/strong><\/p>\n\n\n\n<p>7.00 +Stanis\u0142aw Cag od Adama Pietrucha z rodzin\u0105<\/p>\n\n\n\n<p>7.00 +Emilia Kot od wnuczki Joanny z rodzin\u0105<\/p>\n\n\n\n<p>7.00 +Pietryka Katarzyna od Iwony i Paw\u0142a<\/p>\n\n\n\n<p>18.00 O zdrowie i b\u0142og. Bo\u017ce dla siostrze\u0144ca<\/p>\n\n\n\n<p>18.00 Dzi\u0119kczynna i o Bo\u017ce b\u0142og. dla Olgi i Jerzego Kotula w 54-lecie ma\u0142\u017ce\u0144stwa<\/p>\n\n\n\n<p>18.00 +Antoni, Adela Kalandyk<\/p>\n\n\n\n<p>*+Eugeniusz Per\u0142owski od rodziny Czapor\u00f3w (RPA)<\/p>\n\n\n\n<p>*+Danuta Chotkowska od rodziny Czudec\u00f3w (Abchazja)<\/p>\n\n\n\n<p>*+Zofia Pr\u0119dka (26), +Stefan Pa\u0142ka (26), +Eugeniusz Baran (26)<\/p>\n\n\n\n<p><strong>Pi\u0105tek 27 pa\u017adziernika<\/strong><\/p>\n\n\n\n<p>7.00 +Czes\u0142awa Pa\u015bkiewicz od rodziny Lasot\u00f3w z Por\u0105bek<\/p>\n\n\n\n<p>7.00 +Katarzyna Pietrzyk od rodziny Bomb\u00f3w<\/p>\n\n\n\n<p>18.00 +W\u0142adys\u0142aw Kot (7 rocz.)<\/p>\n\n\n\n<p>18.00 +Mieczys\u0142aw Pa\u015bko, +Les\u0142aw Borowiec<\/p>\n\n\n\n<p>*+Eugeniusz Per\u0142owski od koleg\u00f3w i kole\u017canek c\u00f3rki Beaty z Orlen Paliw w Wide\u0142ce (RPA)<\/p>\n\n\n\n<p>*+Danuta Chotkowska od Barbary i Andrzeja Kosydar (Abchazja)<\/p>\n\n\n\n<p>*+Emilia Kot od Marzeny i Dariusza Pasierb (ks. Micha\u0142 poza parafi\u0105)<\/p>\n\n\n\n<p>*+Zofia Pr\u0119dka (27), +Stefan Pa\u0142ka (27), +Eugeniusz Baran (27)<\/p>\n\n\n\n<p><strong>Sobota 28 pa\u017adziernika<\/strong><\/p>\n\n\n\n<p>7.00 +Henryk Lis (12 rocz.) od Aleksandra z rodzin\u0105<\/p>\n\n\n\n<p>7.00 +Czes\u0142awa Pa\u015bkiewicz od rodziny G\u0142odowskich<\/p>\n\n\n\n<p>18.00 +Tadeusz Borowiec<\/p>\n\n\n\n<p>18.00 +Zbigniew \u017bar\u00f3w w dniu urodzin<\/p>\n\n\n\n<p>*+Eugeniusz Per\u0142owski od koleg\u00f3w i kole\u017canek c\u00f3rki Beaty z Orlen Paliw w Wide\u0142ce (RPA)<\/p>\n\n\n\n<p>*+Danuta Chotkowska od koleg\u00f3w Micha\u0142a (Abchazja)<\/p>\n\n\n\n<p>*+Zofia Pr\u0119dka (23), +Stefan Pa\u0142ka (23), +Eugeniusz Baran (23)<\/p>\n\n\n\n<p><strong>Niedziela 29 pa\u017adziernika<\/strong><\/p>\n\n\n\n<p>7.00 O b\u0142ogos\u0142awie\u0144stwo Bo\u017ce dla si\u00f3str r\u00f3\u017ca\u0144cowych z r\u00f3\u017cy Olgi Kotula i za ++ siostry<\/p>\n\n\n\n<p>9.00 +W\u0142adys\u0142aw T\u0142uczek<\/p>\n\n\n\n<p>*+Zofia Pr\u0119dka (29), +Stefan Pa\u0142ka (29), +Eugeniusz Baran (29)<\/p>\n\n\n\n<p>10.30 Dzi\u0119kczynna i o Bo\u017ce b\u0142ogos\u0142awie\u0144stwo dla Nikodema G\u0142\u00f3d w 2 urodziny<\/p>\n\n\n\n<p>12.00 za parafian \u017cywych i zmar\u0142ych<\/p>\n\n\n\n<p>12.00 o b\u0142og. Bo\u017ce dla ks. Szymona z racji imienin<\/p>\n\n\n\n<p>16.00 +Zdzis\u0142aw Ciebiera, Maria, J\u00f3zef, Adam<\/p>\n\n\n\n<p>18.00 +Jan Snela (21 rocz.)<\/p>\n","protected":false},"excerpt":{"rendered":"<p>&#8230;<\/p>\n","protected":false},"author":1,"featured_media":7717,"comment_status":"closed","ping_status":"open","sticky":false,"template":"","format":"standard","meta":{"ngg_post_thumbnail":0,"footnotes":""},"categories":[25,13],"tags":[],"class_list":["post-9416","post","type-post","status-publish","format-standard","has-post-thumbnail","hentry","category-news","category-newsy"],"_links":{"self":[{"href":"https:\/\/mbsniezna.rzeszow.pl\/index.php\/wp-json\/wp\/v2\/posts\/9416","targetHints":{"allow":["GET"]}}],"collection":[{"href":"https:\/\/mbsniezna.rzeszow.pl\/index.php\/wp-json\/wp\/v2\/posts"}],"about":[{"href":"https:\/\/mbsniezna.rzeszow.pl\/index.php\/wp-json\/wp\/v2\/types\/post"}],"author":[{"embeddable":true,"href":"https:\/\/mbsniezna.rzeszow.pl\/index.php\/wp-json\/wp\/v2\/users\/1"}],"replies":[{"embeddable":true,"href":"https:\/\/mbsniezna.rzeszow.pl\/index.php\/wp-json\/wp\/v2\/comments?post=9416"}],"version-history":[{"count":1,"href":"https:\/\/mbsniezna.rzeszow.pl\/index.php\/wp-json\/wp\/v2\/posts\/9416\/revisions"}],"predecessor-version":[{"id":9417,"href":"https:\/\/mbsniezna.rzeszow.pl\/index.php\/wp-json\/wp\/v2\/posts\/9416\/revisions\/9417"}],"wp:featuredmedia":[{"embeddable":true,"href":"https:\/\/mbsniezna.rzeszow.pl\/index.php\/wp-json\/wp\/v2\/media\/7717"}],"wp:attachment":[{"href":"https:\/\/mbsniezna.rzeszow.pl\/index.php\/wp-json\/wp\/v2\/media?parent=9416"}],"wp:term":[{"taxonomy":"category","embeddable":true,"href":"https:\/\/mbsniezna.rzeszow.pl\/index.php\/wp-json\/wp\/v2\/categories?post=9416"},{"taxonomy":"post_tag","embeddable":true,"href":"https:\/\/mbsniezna.rzeszow.pl\/index.php\/wp-json\/wp\/v2\/tags?post=9416"}],"curies":[{"name":"wp","href":"https:\/\/api.w.org\/{rel}","templated":true}]}}