{"id":9418,"date":"2023-10-22T01:09:36","date_gmt":"2023-10-21T23:09:36","guid":{"rendered":"https:\/\/mbsniezna.rzeszow.pl\/?p=9418"},"modified":"2023-10-22T01:09:36","modified_gmt":"2023-10-21T23:09:36","slug":"xix-niedziela-zwykla-22-pazdziernika-2023-r","status":"publish","type":"post","link":"https:\/\/mbsniezna.rzeszow.pl\/index.php\/2023\/10\/22\/xix-niedziela-zwykla-22-pazdziernika-2023-r\/","title":{"rendered":"XIX NIEDZIELA ZWYK\u0141A \u2013 22 PA\u0179DZIERNIKA 2023 R."},"content":{"rendered":"\n<ol class=\"wp-block-list\">\n<li>Dzisiaj Niedziela Misyjna \u2013 sk\u0142adka na misje.<\/li>\n<\/ol>\n\n\n\n<ol class=\"wp-block-list\" start=\"2\">\n<li>Na naszym parafialnym&nbsp; FB s\u0105 zamieszczone podzi\u0119kowania dla naszej parafii od misjonarzy z Syberii, RPA i Peru.<\/li>\n<\/ol>\n\n\n\n<ol class=\"wp-block-list\" start=\"3\">\n<li>Nabo\u017ce\u0144stwa r\u00f3\u017ca\u0144cowe w tygodniu po Mszy \u015bw. wieczornej, w niedziele po prymarii.<\/li>\n<\/ol>\n\n\n\n<ol class=\"wp-block-list\" start=\"4\">\n<li>W poniedzia\u0142ek modlitwy za wstawiennictwem b\u0142. rodziny Ulm\u00f3w. Trwa peregrynacja relikwii Ulm\u00f3w po rodzinach parafii. Prosimy o dalsze zapisywanie si\u0119.<\/li>\n<\/ol>\n\n\n\n<ol class=\"wp-block-list\" start=\"5\">\n<li>W poniedzia\u0142ek spotkanie r\u00f3\u017cy Zofii Kap\u0142on.<\/li>\n<\/ol>\n\n\n\n<ol class=\"wp-block-list\" start=\"6\">\n<li>We wtorek wspomnienie ks. Jana Balickiego. O godz. 19.00 katecheza dla doros\u0142ych w salce.<\/li>\n<\/ol>\n\n\n\n<ol class=\"wp-block-list\" start=\"7\">\n<li>S\u0105 dwa pogrzeby: poniedzia\u0142ek \u015bp. Jan Sysolak z ul. Nadziei o godz. 11.00 w Budziwoju i we wtorek \u015bp. Jan Koncewicz z Senatorskiej o godz. 13.30 na Wilkowyi.<\/li>\n<\/ol>\n\n\n\n<ol class=\"wp-block-list\" start=\"8\">\n<li>W \u015brod\u0119 o 16.30 zbi\u00f3rka kandydat\u00f3w na ministrant\u00f3w. Zapraszamy ch\u0142opc\u00f3w od klasy IV.<\/li>\n<\/ol>\n\n\n\n<ol class=\"wp-block-list\" start=\"9\">\n<li>W czwartek od 17.15 adoracja i mo\u017cliwo\u015b\u0107 spowiedzi. Nabo\u017ce\u0144stwo r\u00f3\u017ca\u0144cowe na zako\u0144czenie adoracji przed Msz\u0105 \u015bw.<\/li>\n<\/ol>\n\n\n\n<ol class=\"wp-block-list\" start=\"10\">\n<li>W pi\u0105tek spotkania oazy \u2013 16.30 m\u0142odsza, 19.00 starsza.<\/li>\n<\/ol>\n\n\n\n<ol class=\"wp-block-list\" start=\"11\">\n<li>W sobot\u0119 \u015bw. Aposto\u0142\u00f3w Szymona i Judy Tadeusza \u2013 imieniny ks. Szymona. O 10.00 pr\u00f3ba scholii.<\/li>\n<\/ol>\n\n\n\n<ol class=\"wp-block-list\" start=\"12\">\n<li>B\u00f3g zap\u0142a\u0107 za ofiary na sprz\u0105tanie ko\u015bcio\u0142a. W tym tygodniu prosimy rodziny z ul. Por\u0105bki \u2013 numery parzyste od 184 do 232 (184, 184a, 186e, 198, 200, 202, 218, 222, 224, 228, 230, 232).<\/li>\n<\/ol>\n\n\n\n<ol class=\"wp-block-list\" start=\"13\">\n<li>B\u00f3g zap\u0142a\u0107 za sk\u0142adk\u0119 inwestycyjn\u0105 z ubieg\u0142ej niedzieli. Wynios\u0142a ona 12 tys. z\u0142. B\u00f3g zap\u0142a\u0107 za ofiary wp\u0142acane na konto. Ostatnio wykonywane prace to: prze\u0142o\u017cenie schod\u00f3w g\u0142\u00f3wnych, po\u0142o\u017cenie imitacji piaskowca na \u015bcianie wej\u015bciowej, zainstalowanie nowego o\u015bwietlenia nad wej\u015bciem g\u0142\u00f3wnym, pomalowanie wszystkich drzwi wej\u015bciowych do ko\u015bcio\u0142a od strony zewn\u0119trznej.<\/li>\n<\/ol>\n\n\n\n<ol class=\"wp-block-list\" start=\"14\">\n<li>We \u015brod\u0119 na cmentarzu zostanie ustawiony du\u017cy kontener blaszany \u2013 prosimy do niego sk\u0142ada\u0107 wypalone wk\u0142ady i znicze oraz sztuczne kwiaty. Natomiast traw\u0119 i inne odpady naturalne prosimy sk\u0142ada\u0107 do \u015bmietnika murowanego. Dbajmy o segregacje \u015bmieci. Przygotujmy cmentarz na Uroczysto\u015b\u0107 Wszystkich \u015awi\u0119tych. Od \u015brody w godzinach od 9.00 do 17.00 na zapleczu kaplicy czynna b\u0119dzie toaleta. Prosimy o zachowanie porz\u0105dku.<\/li>\n<\/ol>\n\n\n\n<ol class=\"wp-block-list\" start=\"15\">\n<li>S\u0105 wy\u0142o\u017cone kartki na modlitw\u0119 wypominkow\u0105 za zmar\u0142ych.<\/li>\n<\/ol>\n\n\n\n<ol class=\"wp-block-list\" start=\"16\">\n<li>Od jutra po Mszach w zakrystii mo\u017cna zamawia\u0107 intencje mszalne na przysz\u0142y rok.<\/li>\n<\/ol>\n\n\n\n<ol class=\"wp-block-list\" start=\"17\">\n<li>W pi\u0105tek po po\u0142udniu przyje\u017cd\u017caj\u0105 do nas dzieci z mamami&nbsp; z Ukrainy. Odjad\u0105 w niedziel\u0119 po Mszy o godz. 9.00. Mamy ju\u017c mieszkanie po rodzinach dla kierowcy, nauczycielki i 16 matek ka\u017cda z jednym dzieckiem. S\u0105 jeszcze do wzi\u0119cia na nocleg 2 matki \u2013 ka\u017cda z dw\u00f3jk\u0105 dzieci. Prosimy, aby w rodzinach opr\u00f3cz noclegu da\u0107 tak\u017ce \u015bniadanie i kolacj\u0119.<\/li>\n<\/ol>\n\n\n\n<p>Szczeg\u00f3\u0142y odno\u015bnie odbierania i przywo\u017cenia go\u015bci na parking ko\u015bcielny: w pi\u0105tek odbi\u00f3r o 17.00, w sobot\u0119 przywiezienie na 9.00 rano, w sobot\u0119 odbi\u00f3r o 19.00, w niedziel\u0119&nbsp; przywiezienie na Msz\u0119 \u015bw. o 9.00 wraz z baga\u017cami, po Mszy go\u015bcie wyje\u017cd\u017caj\u0105 na Ukrain\u0119.<\/p>\n\n\n\n<p>W pi\u0105tek i w sobot\u0119 chcemy go\u015bciom da\u0107 obiad. Chcemy ich zaprowadzi\u0107 do r\u00f3\u017cnych instytucji kulturalno-o\u015bwiatowych. Ofiary na obiady i na bilety wst\u0119pu prosimy sk\u0142ada\u0107 do skarbony \u201eChleb \u015bw. Antoniego\u201d. Prezenty dla dzieci \u2013 s\u0142odycze, pasta do z\u0119b\u00f3w, ma\u0142e szampony, flamastry, d\u0142ugopisy \u2013 prosimy sk\u0142ada\u0107 do wystawionego kosza. Dzi\u0119kujemy wszystkim ofiarodawcom.<\/p>\n","protected":false},"excerpt":{"rendered":"<p>&#8230;<\/p>\n","protected":false},"author":1,"featured_media":6999,"comment_status":"closed","ping_status":"open","sticky":false,"template":"","format":"standard","meta":{"ngg_post_thumbnail":0,"footnotes":""},"categories":[25,13,14],"tags":[],"class_list":["post-9418","post","type-post","status-publish","format-standard","has-post-thumbnail","hentry","category-news","category-newsy","category-ogloszenia_duszp"],"_links":{"self":[{"href":"https:\/\/mbsniezna.rzeszow.pl\/index.php\/wp-json\/wp\/v2\/posts\/9418","targetHints":{"allow":["GET"]}}],"collection":[{"href":"https:\/\/mbsniezna.rzeszow.pl\/index.php\/wp-json\/wp\/v2\/posts"}],"about":[{"href":"https:\/\/mbsniezna.rzeszow.pl\/index.php\/wp-json\/wp\/v2\/types\/post"}],"author":[{"embeddable":true,"href":"https:\/\/mbsniezna.rzeszow.pl\/index.php\/wp-json\/wp\/v2\/users\/1"}],"replies":[{"embeddable":true,"href":"https:\/\/mbsniezna.rzeszow.pl\/index.php\/wp-json\/wp\/v2\/comments?post=9418"}],"version-history":[{"count":1,"href":"https:\/\/mbsniezna.rzeszow.pl\/index.php\/wp-json\/wp\/v2\/posts\/9418\/revisions"}],"predecessor-version":[{"id":9419,"href":"https:\/\/mbsniezna.rzeszow.pl\/index.php\/wp-json\/wp\/v2\/posts\/9418\/revisions\/9419"}],"wp:featuredmedia":[{"embeddable":true,"href":"https:\/\/mbsniezna.rzeszow.pl\/index.php\/wp-json\/wp\/v2\/media\/6999"}],"wp:attachment":[{"href":"https:\/\/mbsniezna.rzeszow.pl\/index.php\/wp-json\/wp\/v2\/media?parent=9418"}],"wp:term":[{"taxonomy":"category","embeddable":true,"href":"https:\/\/mbsniezna.rzeszow.pl\/index.php\/wp-json\/wp\/v2\/categories?post=9418"},{"taxonomy":"post_tag","embeddable":true,"href":"https:\/\/mbsniezna.rzeszow.pl\/index.php\/wp-json\/wp\/v2\/tags?post=9418"}],"curies":[{"name":"wp","href":"https:\/\/api.w.org\/{rel}","templated":true}]}}