{"id":9420,"date":"2023-10-29T09:13:52","date_gmt":"2023-10-29T08:13:52","guid":{"rendered":"https:\/\/mbsniezna.rzeszow.pl\/?p=9420"},"modified":"2023-10-29T09:13:52","modified_gmt":"2023-10-29T08:13:52","slug":"intencje-30-10-5-11-2023-r","status":"publish","type":"post","link":"https:\/\/mbsniezna.rzeszow.pl\/index.php\/2023\/10\/29\/intencje-30-10-5-11-2023-r\/","title":{"rendered":"INTENCJE 30.10. \u2013 5.11.2023 R."},"content":{"rendered":"\n<p><strong>Poniedzia\u0142ek 30 pa\u017adziernika<\/strong><\/p>\n\n\n\n<p>7.00 O potrzebne \u0142aski dla Emilii<\/p>\n\n\n\n<p>7.00 +Aleksandra<\/p>\n\n\n\n<p>18.00 O b\u0142ogos\u0142awie\u0144stwo Bo\u017ce dla Tobiasza w 4 urodziny<\/p>\n\n\n\n<p>18.00 ++Aleksandra Michalska (9 rocz.), W\u0142adys\u0142aw, Marek<\/p>\n\n\n\n<p>*+Zofia Pr\u0119dka (30), +Stefan Pa\u0142ka (30), +Eugeniusz Baran (30)<\/p>\n\n\n\n<p><strong>Wtorek 31 pa\u017adziernika<\/strong><\/p>\n\n\n\n<p>7.00 O uzdrowienie z ci\u0119\u017ckiej choroby dla mamy<\/p>\n\n\n\n<p>7.00 +Stanis\u0142aw Olsza\u0144ski<\/p>\n\n\n\n<p>18.00 +Emilia, +J\u00f3zef, +Jan Ziemniak<\/p>\n\n\n\n<p>18.00 +J\u00f3zef G\u0142odowski<\/p>\n\n\n\n<p>18.00 +Stanis\u0142aw Cag od chrze\u015bniaka Kamila Dudek<\/p>\n\n\n\n<p><strong>\u015aroda 1 listopada Uroczysto\u015b\u0107 Wszystkich \u015awi\u0119tych<\/strong><\/p>\n\n\n\n<p>7.00 ++Zofia, +Tomasz Jarosz, ++ z rodziny Jarosz\u00f3w i Bednark\u00f3w<\/p>\n\n\n\n<p>9.00 +Zbigniew Filip<\/p>\n\n\n\n<p>10.30 ++Wiktoria, +Tadeusz, +J\u00f3zef S\u0142owik<\/p>\n\n\n\n<p>10.30 +Mieczys\u0142aw Koczenasz ( 4 rocz.)<\/p>\n\n\n\n<p>12.00&nbsp; ++Aleksandra, +Antoni G\u0142odowski<\/p>\n\n\n\n<p>14.00 Za parafian \u017cywych i zmar\u0142ych<\/p>\n\n\n\n<p>14.00 +Jan G\u0142\u00f3d (4 rocz.)<\/p>\n\n\n\n<p>14.00 +Anna G\u0142owacka od \u0141ukasza i Marty Wac\u0142awek \u2013 zako\u0144czenie Mszy pogrzebowych<\/p>\n\n\n\n<p>*+Eugenia Kotula (1) \u2013 J\u0119drzej\u00f3w, +Czes\u0142awa Gutkowska (1) \u2013 Peru, +Eugeniusz Per\u0142owski (1) -Tarnoszyn<\/p>\n\n\n\n<p><strong>Czwartek 2 listopada Dzie\u0144 Zaduszny<\/strong><\/p>\n\n\n\n<p>7.00 ++ za wszystkich wiernych zmar\u0142ych<\/p>\n\n\n\n<p>7.00 +o. Adam, Janina, Marian Kotula<\/p>\n\n\n\n<p>7.00 +Emilia Kot od Marty Bielec<\/p>\n\n\n\n<p>9.00 +Stanis\u0142awa Pitera<\/p>\n\n\n\n<p>18.00 +Antonina, +Emil&nbsp; Kuczmarz (od dzieci)<\/p>\n\n\n\n<p>18.00 +Stanis\u0142aw Cag od ch\u00f3ru Fontes<\/p>\n\n\n\n<p>18.00 +Janusz B\u0142o\u0144ski<\/p>\n\n\n\n<p>*+Eugenia Kotula (2), +Czes\u0142awa Gutkowska (2), +Eugeniusz Per\u0142owski&nbsp; (2)<\/p>\n\n\n\n<p><strong>Pi\u0105tek 3 listopada<\/strong><\/p>\n\n\n\n<p>7.00 ++z rodzin Kotul\u00f3w, Kawalc\u00f3w i Brzezi\u0144skich<\/p>\n\n\n\n<p>7.00 +Marian Giba\u0142a<\/p>\n\n\n\n<p>7.00 +Longin Pitera<\/p>\n\n\n\n<p>18.00 +Jan (4 rocz.)<\/p>\n\n\n\n<p>*+Emilia Kot od Jacka Michalskiego z rodzin\u0105 \u2013 ks. Micha\u0142 poza parafi\u0105<\/p>\n\n\n\n<p>*+Eugenia Kotula (3), +Czes\u0142awa Gutkowska (3), +Eugeniusz Per\u0142owski&nbsp; (3)<\/p>\n\n\n\n<p><strong>Sobota 4 pa\u017adziernika<\/strong><\/p>\n\n\n\n<p>7.00 Wynagradzaj\u0105ca za zniewagi Niepokalanemu Sercu NMP<\/p>\n\n\n\n<p>7.00 +Stanis\u0142aw Cag od Ewy i Mieczys\u0142awa Sur\u00f3wka \u2013 zako\u0144czenie Mszy pogrzebowych<\/p>\n\n\n\n<p>18.00 O Bo\u017ce b\u0142ogos\u0142awie\u0144stwo dla Marii, o szcz\u0119\u015bliwe rozwi\u0105zanie&nbsp; i o b\u0142og. dla dziecka, o zdrowie i b\u0142ogos\u0142awie\u0144stwo dla Romana i Tomasza<\/p>\n\n\n\n<p>*+Emilia Kot od Ma\u0142gorzaty, Magdaleny i Gra\u017cyny Michalskiej \u2013 ks. Micha\u0142 poza parafi\u0105<\/p>\n\n\n\n<p>*+Eugenia Kotula (4), +Czes\u0142awa Gutkowska (4), +Eugeniusz Per\u0142owski&nbsp; (4)<\/p>\n\n\n\n<p><strong>Niedziela 5 pa\u017adziernika<\/strong><\/p>\n\n\n\n<p>7.00 O b\u0142og. Bo\u017ce dla si\u00f3str z r\u00f3\u017cy Zofii Kap\u0142on i za ++ siostry<\/p>\n\n\n\n<p>7.00 +Stefan Pa\u0142ka<\/p>\n\n\n\n<p>9.00 +Maria, +Jan, +Andrzej Kostrzewa<\/p>\n\n\n\n<p>*+Eugenia Kotula (5), +Czes\u0142awa Gutkowska (5), +Eugeniusz Per\u0142owski&nbsp; (5)<\/p>\n\n\n\n<p>10.30 +Stanis\u0142awa Chwa\u015bnik<\/p>\n\n\n\n<p>12.00 Za parafian \u017cywych i zmar\u0142ych<\/p>\n\n\n\n<p>16.00 +El\u017cbieta Rudnik w dzie\u0144 imienin<\/p>\n\n\n\n<p>18.00 +Zdzis\u0142aw Szybka (7 rocz.)<\/p>\n","protected":false},"excerpt":{"rendered":"<p>&#8230;<\/p>\n","protected":false},"author":1,"featured_media":7717,"comment_status":"closed","ping_status":"open","sticky":false,"template":"","format":"standard","meta":{"ngg_post_thumbnail":0,"footnotes":""},"categories":[4,25,13],"tags":[],"class_list":["post-9420","post","type-post","status-publish","format-standard","has-post-thumbnail","hentry","category-intencje","category-news","category-newsy"],"_links":{"self":[{"href":"https:\/\/mbsniezna.rzeszow.pl\/index.php\/wp-json\/wp\/v2\/posts\/9420","targetHints":{"allow":["GET"]}}],"collection":[{"href":"https:\/\/mbsniezna.rzeszow.pl\/index.php\/wp-json\/wp\/v2\/posts"}],"about":[{"href":"https:\/\/mbsniezna.rzeszow.pl\/index.php\/wp-json\/wp\/v2\/types\/post"}],"author":[{"embeddable":true,"href":"https:\/\/mbsniezna.rzeszow.pl\/index.php\/wp-json\/wp\/v2\/users\/1"}],"replies":[{"embeddable":true,"href":"https:\/\/mbsniezna.rzeszow.pl\/index.php\/wp-json\/wp\/v2\/comments?post=9420"}],"version-history":[{"count":1,"href":"https:\/\/mbsniezna.rzeszow.pl\/index.php\/wp-json\/wp\/v2\/posts\/9420\/revisions"}],"predecessor-version":[{"id":9421,"href":"https:\/\/mbsniezna.rzeszow.pl\/index.php\/wp-json\/wp\/v2\/posts\/9420\/revisions\/9421"}],"wp:featuredmedia":[{"embeddable":true,"href":"https:\/\/mbsniezna.rzeszow.pl\/index.php\/wp-json\/wp\/v2\/media\/7717"}],"wp:attachment":[{"href":"https:\/\/mbsniezna.rzeszow.pl\/index.php\/wp-json\/wp\/v2\/media?parent=9420"}],"wp:term":[{"taxonomy":"category","embeddable":true,"href":"https:\/\/mbsniezna.rzeszow.pl\/index.php\/wp-json\/wp\/v2\/categories?post=9420"},{"taxonomy":"post_tag","embeddable":true,"href":"https:\/\/mbsniezna.rzeszow.pl\/index.php\/wp-json\/wp\/v2\/tags?post=9420"}],"curies":[{"name":"wp","href":"https:\/\/api.w.org\/{rel}","templated":true}]}}