{"id":9422,"date":"2023-10-29T09:14:43","date_gmt":"2023-10-29T08:14:43","guid":{"rendered":"https:\/\/mbsniezna.rzeszow.pl\/?p=9422"},"modified":"2023-10-29T09:14:43","modified_gmt":"2023-10-29T08:14:43","slug":"30-niedziela-zwykla-29-pazdziernika-2023-r","status":"publish","type":"post","link":"https:\/\/mbsniezna.rzeszow.pl\/index.php\/2023\/10\/29\/30-niedziela-zwykla-29-pazdziernika-2023-r\/","title":{"rendered":"30 NIEDZIELA ZWYK\u0141A \u2013 29 PA\u0179DZIERNIKA 2023 R."},"content":{"rendered":"\n<ol class=\"wp-block-list\">\n<li>W poniedzia\u0142ek modlitwy za wstawiennictwem b\u0142. rodziny Ulm\u00f3w. Trwa peregrynacja relikwii Ulm\u00f3w po rodzinach parafii. Prosimy o dalsze zapisywanie si\u0119.<\/li>\n<\/ol>\n\n\n\n<ol class=\"wp-block-list\" start=\"2\">\n<li>W poniedzia\u0142ek i wtorek spowied\u017a od godz. 17.00. Aby zyskiwa\u0107 odpusty za zmar\u0142ych trzeba by\u0107 w stanie \u0142aski u\u015bwi\u0119caj\u0105cej.<\/li>\n<\/ol>\n\n\n\n<ol class=\"wp-block-list\" start=\"3\">\n<li>W poniedzia\u0142ek i wtorek nabo\u017ce\u0144stwo r\u00f3\u017ca\u0144cowe po Mszy \u015bw.<\/li>\n<\/ol>\n\n\n\n<ol class=\"wp-block-list\" start=\"4\">\n<li>W poniedzia\u0142ek spotkanie formacyjne r\u00f3\u017cy Stanis\u0142awa Jacek. W przysz\u0142ym tygodniu prosimy r\u00f3\u017c\u0119 Doroty Nowosiad\u0142o.<\/li>\n<\/ol>\n\n\n\n<ol class=\"wp-block-list\" start=\"5\">\n<li>We wtorek o 19.00 w salce katecheza dla doros\u0142ych.<\/li>\n<\/ol>\n\n\n\n<ol class=\"wp-block-list\" start=\"6\">\n<li>W \u015brod\u0119 Uroczysto\u015b\u0107 Wszystkich \u015awi\u0119tych. Do po\u0142udnia Msze \u015bw. jak w niedziel\u0119. Po po\u0142udniu jedna Msza \u015bw. o 14.00 w ko\u015bciele, a po niej procesja na cmentarz i modlitwy za zmar\u0142ych. Nie ma Mszy o 16.00 i 18.00.<\/li>\n<\/ol>\n\n\n\n<ol class=\"wp-block-list\" start=\"7\">\n<li>Na Wszystkich \u015awi\u0119tych na cmentarzu zbi\u00f3rka na schronisko dla bezdomnych prowadzone przez Towarzystwo Pomocy \u015bw. Brata Alberta.<\/li>\n<\/ol>\n\n\n\n<ol class=\"wp-block-list\" start=\"8\">\n<li>W czwartek Wspomnienie Wszystkich Wiernych Zmar\u0142ych \u2013 Dzie\u0144 Zaduszny. Msze \u015bw. o 7.00, 9.00, 18.00. Od 17.15 adoracja.<\/li>\n<\/ol>\n\n\n\n<ol class=\"wp-block-list\" start=\"9\">\n<li>Na cmentarzu dbajmy o segregacj\u0119 \u015bmieci \u2013 do \u015bmietnika murowanego sk\u0142adamy odpady naturalne, a do kontener\u00f3w blaszanych wypalone wk\u0142ady, znicze i sztuczne kwiaty. Toaleta b\u0119dzie czynna do przysz\u0142ej niedzieli w godzinach od 8.00 do 17.00.<\/li>\n<\/ol>\n\n\n\n<ol class=\"wp-block-list\" start=\"10\">\n<li>W czwartek po Mszy \u015bw. zbi\u00f3rka ministrant\u00f3w.<\/li>\n<\/ol>\n\n\n\n<ol class=\"wp-block-list\" start=\"11\">\n<li>I pi\u0105tek miesi\u0105ca \u2013 spowied\u017a od 7.30 do 7.00, po po\u0142udniu od 16.30 do 18.00 z Komuni\u0105 o 17.00 i 17.30. Wyjazd do chorych o 9.00 \u2013 prosimy zg\u0142osi\u0107 w zakrystii.<\/li>\n<\/ol>\n\n\n\n<ol class=\"wp-block-list\" start=\"12\">\n<li>W pi\u0105tek spotkania oazy: 16.30 m\u0142odsza, 19.00 starsza.<\/li>\n<\/ol>\n\n\n\n<ol class=\"wp-block-list\" start=\"13\">\n<li>I sobota miesi\u0105ca r\u00f3\u017caniec fatimski z wypominkami za zmar\u0142ych. Kartki na modlitw\u0119 wypominkow\u0105 za naszych zmar\u0142ych wy\u0142o\u017cone na stolikach za \u0142awkami.<\/li>\n<\/ol>\n\n\n\n<ol class=\"wp-block-list\" start=\"14\">\n<li>W przysz\u0142\u0105 niedziel\u0119 na ka\u017cdej Mszy \u015bw. aspersja, a po prymarii zmiana tajemnic r\u00f3\u017ca\u0144cowych.<\/li>\n<\/ol>\n\n\n\n<ol class=\"wp-block-list\" start=\"15\">\n<li>W przysz\u0142\u0105 niedziel\u0119 go\u015bci\u0107 b\u0119dziemy w naszej parafii przedstawicielk\u0119 Stowarzyszenia Open Doors Polska, kt\u00f3re pomaga prze\u015bladowanym chrze\u015bcijanom. Pani by\u0142a w wielu krajach \u015bwiata i da \u015bwiadectwo o prze\u015bladowaniu chrze\u015bcijan. B\u0119d\u0105 te\u017c do wzi\u0119cia darmowe magazyny ukazuj\u0105ce to zagadnienie.<\/li>\n<\/ol>\n\n\n\n<ol class=\"wp-block-list\" start=\"16\">\n<li>B\u00f3g zap\u0142a\u0107 na ofiary na sprz\u0105tanie ko\u015bcio\u0142a. W tym tygodniu prosimy rodziny z ul. Kwiatowej- ca\u0142o\u015b\u0107 &#8211; numery od&nbsp; 1 do 35 &#8211; 1, 2, 3, 7, 8, 10, 11, 12, 13, 14, 15, 18a, 20, 21, 22, 29, 31, 32, 35.<\/li>\n<\/ol>\n\n\n\n<ol class=\"wp-block-list\" start=\"17\">\n<li>Zapowiedzi: Cezary Lipi\u0144ski \u2013 Weronika Pa\u015bko (zap. II).<\/li>\n<\/ol>\n\n\n\n<ol class=\"wp-block-list\" start=\"18\">\n<li>W niedziel\u0119 26 listopada w katedrze a potem na Uniwersytecie Rzeszowskim odb\u0119dzie si\u0119 Kr\u00f3lewska Uczta dla m\u0142odzie\u017cy prze\u017cywana w ramach \u015awiatowego Dnia M\u0142odzie\u017cy i Uroczysto\u015bci Chrystusa Kr\u00f3la. M\u0142odym b\u0119d\u0105 towarzyszy\u0107: bp Jan W\u0105troba, Piotr \u201eEdzio\u201d Bylina, Ela Goldman, DJ Klusek (\u0141ukasz Dziedzic) oraz duszpasterze m\u0142odzie\u017cy z ca\u0142ej diecezji. Aby wzi\u0105\u0107 udzia\u0142 w spotkaniu, nale\u017cy zapisa\u0107 si\u0119 online \u2013 link podany jest na naszym FB lub u naszego ks. Micha\u0142a \u2013 wsp\u00f3\u0142organizatora tego wydarzenia. Koszt uczestnictwa tylko 20 z\u0142 \u2013 w tym jest posi\u0142ek.<\/li>\n<\/ol>\n\n\n\n<ol class=\"wp-block-list\" start=\"19\">\n<li>Bardzo serdecznie dzi\u0119kujemy wszystkim zaanga\u017cowanym w godne przyj\u0119cie go\u015bci z Ukrainy \u2013 20 dzieci, 18 matek, nauczycielka i kierowca. Dzi\u0119kujemy rodzinom, kt\u00f3re udzieli\u0142y noclegu i wy\u017cywienia. Dzi\u0119kujemy za z\u0142o\u017cone do skarbony ofiary pieni\u0119\u017cne, dzi\u0119ki kt\u00f3rym zakupiono go\u015bciom obiady w pi\u0105tek i sobot\u0119, bilety wst\u0119pu do r\u00f3\u017cnych instytucji kulturalno-o\u015bwiatowych. Dzi\u0119kujemy za z\u0142o\u017cone dary \u2013 s\u0142odycze, pasty do z\u0119b\u00f3w i szampony oraz przybory szkolne i zabawki \u2013 ka\u017cde dziecko otrzyma\u0142o prezent \u2013 cz\u0119\u015b\u0107 rzeczy dokupiono za z\u0142o\u017cone pieni\u0105dze. Dzi\u0119kujemy rodzinie, kt\u00f3ra upiek\u0142a ciasta. Wsp\u00f3lnocie \u015bw. Zygmunta Feli\u0144skiego dzi\u0119kujemy za przygotowanie kolacji w pi\u0105tek, a naszym siostrom za prowadzenie w przedszkolu spotkania integracyjnego.&nbsp; Panu Jackowi Kotuli dzi\u0119kujemy za opracowanie i zrealizowanie programu pobytu go\u015bci. Jako parafia spe\u0142nili\u015bmy pi\u0119kne dzie\u0142o mi\u0142osierdzia. B\u00f3g zap\u0142a\u0107! Foto-relacje zamieszczone s\u0105 na naszym FB.<\/li>\n<\/ol>\n","protected":false},"excerpt":{"rendered":"<p>&#8230;<\/p>\n","protected":false},"author":1,"featured_media":6418,"comment_status":"closed","ping_status":"open","sticky":false,"template":"","format":"standard","meta":{"ngg_post_thumbnail":0,"footnotes":""},"categories":[25,13,14],"tags":[],"class_list":["post-9422","post","type-post","status-publish","format-standard","has-post-thumbnail","hentry","category-news","category-newsy","category-ogloszenia_duszp"],"_links":{"self":[{"href":"https:\/\/mbsniezna.rzeszow.pl\/index.php\/wp-json\/wp\/v2\/posts\/9422","targetHints":{"allow":["GET"]}}],"collection":[{"href":"https:\/\/mbsniezna.rzeszow.pl\/index.php\/wp-json\/wp\/v2\/posts"}],"about":[{"href":"https:\/\/mbsniezna.rzeszow.pl\/index.php\/wp-json\/wp\/v2\/types\/post"}],"author":[{"embeddable":true,"href":"https:\/\/mbsniezna.rzeszow.pl\/index.php\/wp-json\/wp\/v2\/users\/1"}],"replies":[{"embeddable":true,"href":"https:\/\/mbsniezna.rzeszow.pl\/index.php\/wp-json\/wp\/v2\/comments?post=9422"}],"version-history":[{"count":1,"href":"https:\/\/mbsniezna.rzeszow.pl\/index.php\/wp-json\/wp\/v2\/posts\/9422\/revisions"}],"predecessor-version":[{"id":9423,"href":"https:\/\/mbsniezna.rzeszow.pl\/index.php\/wp-json\/wp\/v2\/posts\/9422\/revisions\/9423"}],"wp:featuredmedia":[{"embeddable":true,"href":"https:\/\/mbsniezna.rzeszow.pl\/index.php\/wp-json\/wp\/v2\/media\/6418"}],"wp:attachment":[{"href":"https:\/\/mbsniezna.rzeszow.pl\/index.php\/wp-json\/wp\/v2\/media?parent=9422"}],"wp:term":[{"taxonomy":"category","embeddable":true,"href":"https:\/\/mbsniezna.rzeszow.pl\/index.php\/wp-json\/wp\/v2\/categories?post=9422"},{"taxonomy":"post_tag","embeddable":true,"href":"https:\/\/mbsniezna.rzeszow.pl\/index.php\/wp-json\/wp\/v2\/tags?post=9422"}],"curies":[{"name":"wp","href":"https:\/\/api.w.org\/{rel}","templated":true}]}}