{"id":9456,"date":"2023-12-24T00:11:00","date_gmt":"2023-12-23T23:11:00","guid":{"rendered":"https:\/\/mbsniezna.rzeszow.pl\/?p=9456"},"modified":"2023-12-24T00:11:00","modified_gmt":"2023-12-23T23:11:00","slug":"intencje-mszalne-25-31-grudnia-2023-r","status":"publish","type":"post","link":"https:\/\/mbsniezna.rzeszow.pl\/index.php\/2023\/12\/24\/intencje-mszalne-25-31-grudnia-2023-r\/","title":{"rendered":"INTENCJE MSZALNE \u2013 25 \u2013 31 GRUDNIA 2023 R."},"content":{"rendered":"\n<p><strong>Poniedzia\u0142ek 25 grudnia \u2013 Uroczysto\u015b\u0107 Bo\u017cego Narodzenia<\/strong><\/p>\n\n\n\n<p>24.00 Za parafian \u017cywych i zmar\u0142ych<\/p>\n\n\n\n<p>24.00 +Maria, J\u00f3zef Bury, ++ z rodziny<\/p>\n\n\n\n<p>24.00 +Wies\u0142awa, Stanis\u0142aw Piekie\u0142ek, Gra\u017cyna Paluch od dzieci<\/p>\n\n\n\n<p>7.00 Dzi\u0119kczynna za otrzymane \u0142aski, o Bo\u017ce b\u0142ogos\u0142awie\u0144stwo i dary Ducha \u015awi\u0119tego i zdrowie dla rodziny Zygmunt\u00f3w i Jarosz\u00f3w<\/p>\n\n\n\n<p>9.00 +Zbigniew Filip<\/p>\n\n\n\n<p>9.00 +Stanis\u0142aw i Bronis\u0142awa Konieczkowscy, Leon i Aniela Adamek<\/p>\n\n\n\n<p>*+Eugeniusz Raczak (25)<\/p>\n\n\n\n<p>10.30 +Aleksandra, Antoni G\u0142odowski<\/p>\n\n\n\n<p>12.00 O b\u0142ogos\u0142awie\u0144stwo Bo\u017ce dla parafian od wdzi\u0119cznych stra\u017cak\u00f3w OSP Budziw\u00f3j<\/p>\n\n\n\n<p>16.00 +Ko\u0142wa J\u00f3zef<\/p>\n\n\n\n<p>18.00 +Stefania, Adam, Tadeusz Rzeszutek, Zofia Nikiel<\/p>\n\n\n\n<p><strong>Wtorek 26 grudnia \u2013 \u015bw. Szczepana<\/strong><\/p>\n\n\n\n<p>7.00 +J\u00f3zef, Wiktoria Borowiec, Czes\u0142aw \u015alemp<\/p>\n\n\n\n<p>9.00 O Bo\u017ce b\u0142og. i opiek\u0119 Matki Bo\u017cej dla Jakuba w dniu 18 urodzin od rodzic\u00f3w i siostry<\/p>\n\n\n\n<p>9.00 +Marian Jacek, ++ z rodziny<\/p>\n\n\n\n<p>*+Eugeniusz Raczak (26)<\/p>\n\n\n\n<p>10.30 +Stefan Rzeszutko (6 rocz.)<\/p>\n\n\n\n<p>12.00 Za parafian \u017cywych i zmar\u0142ych<\/p>\n\n\n\n<p>16.00 +Andrzej Procyk (7 rocz.)<\/p>\n\n\n\n<p>18.00 +Zofia, Kazimierz Ko\u0142wa<\/p>\n\n\n\n<p><strong>\u015aroda \u2013 27 grudnia \u2013 \u015bw. Jana Aposto\u0142a<\/strong><\/p>\n\n\n\n<p>7.00 +Zofia Gil od pracownik\u00f3w Przedszkola Nr 27<\/p>\n\n\n\n<p>18.00 +Stanis\u0142aw Czyrek (3 rocz.)<\/p>\n\n\n\n<p>*+Eugeniusz Raczak (27)<\/p>\n\n\n\n<p>*+J\u00f3zef Witek od Kotul\u00f3w z Siedlisk (ks. Micha\u0142 poza parafi\u0105)<\/p>\n\n\n\n<p>*+Maria \u017burek od rodziny Skiba (J\u0119drzej\u00f3w)<\/p>\n\n\n\n<p><strong>Czwartek 28 grudnia \u2013 \u015bwi\u0119to \u015bwi\u0119tych M\u0142odziank\u00f3w M\u0119czennik\u00f3w<\/strong><\/p>\n\n\n\n<p>7.00 O zdrowie i potrzebne \u0142aski dla Paw\u0142a<\/p>\n\n\n\n<p>7.00 +Teresa M\u0119drala od syna Krzysztofa z rodzin\u0105<\/p>\n\n\n\n<p>7.00 +J\u00f3zef Witek od swat\u00f3w G\u0142odowskich<\/p>\n\n\n\n<p>17.00 +Stanis\u0142aw \u017bmuda<\/p>\n\n\n\n<p>*+Eugeniusz Raczak (28)<\/p>\n\n\n\n<p>*+Maria \u017burek od rodziny Medygra\u0142 (J\u0119drzej\u00f3w)<\/p>\n\n\n\n<p><strong>Pi\u0105tek 29 grudnia<\/strong><\/p>\n\n\n\n<p>7.00 +Zofia Gil od pracownik\u00f3w Przedszkola&nbsp; Nr 27<\/p>\n\n\n\n<p>7.00 +J\u00f3zef Witek od rodziny Zawadzkich<\/p>\n\n\n\n<p>7.00 +Teresa M\u0119drala od c\u00f3rki Anny z rodzin\u0105<\/p>\n\n\n\n<p>17.00 +Antonina, Emil Kuczmarz od dzieci<\/p>\n\n\n\n<p>*+Eugeniusz Raczak (29)<\/p>\n\n\n\n<p>*+Maria \u017burek od Ma\u0142gorzaty Fornal z rodzin\u0105 (J\u0119drzej\u00f3w)<\/p>\n\n\n\n<p><strong>Sobota 30 grudnia<\/strong><\/p>\n\n\n\n<p>7.00 +Eugeniusz Pa\u0142ka<\/p>\n\n\n\n<p>7.00 +Franciszek Go\u015b (20 rocz.), ++ z rodziny<\/p>\n\n\n\n<p>7.00 +J\u00f3zef Witek od Renaty Dr\u0105\u017cek z m\u0119\u017cem<\/p>\n\n\n\n<p>17.00 Dzi\u0119kczynna i o Bo\u017ce b\u0142ogos\u0142awie\u0144stwo dla Reginy i Marka w 40- lecie ma\u0142\u017ce\u0144stwa<\/p>\n\n\n\n<p>+*Eugeniusz Raczak (30) \u2013 zako\u0144czenie Mszy gregoria\u0144skich w Peru<\/p>\n\n\n\n<p>*+Maria \u017burek od Ryszarda i J\u00f3zefy Borowiec z rodzin\u0105 Siedlisk<\/p>\n\n\n\n<p><strong>Niedziela 31 grudnia<\/strong><\/p>\n\n\n\n<p>7.00 +Zofia Fornal od rodziny G\u00f3rskich<\/p>\n\n\n\n<p>9.00 Dzi\u0119kczynna i o Bo\u017ce b\u0142ogos\u0142awie\u0144stwo dla Iwony w 50 urodziny<\/p>\n\n\n\n<p>9.00 +Katarzyna Wac\u0142awek (32 rocz.)<\/p>\n\n\n\n<p>10.30 O b\u0142og. Bo\u017ce dla ks. proboszcza<\/p>\n\n\n\n<p>12.00 Za parafian \u017cywych i zmar\u0142ych<\/p>\n\n\n\n<p>16.00 +Czes\u0142aw Liskowicz<\/p>\n","protected":false},"excerpt":{"rendered":"<p>&#8230;<\/p>\n","protected":false},"author":1,"featured_media":7410,"comment_status":"closed","ping_status":"open","sticky":false,"template":"","format":"standard","meta":{"ngg_post_thumbnail":0,"footnotes":""},"categories":[13],"tags":[],"class_list":["post-9456","post","type-post","status-publish","format-standard","has-post-thumbnail","hentry","category-newsy"],"_links":{"self":[{"href":"https:\/\/mbsniezna.rzeszow.pl\/index.php\/wp-json\/wp\/v2\/posts\/9456","targetHints":{"allow":["GET"]}}],"collection":[{"href":"https:\/\/mbsniezna.rzeszow.pl\/index.php\/wp-json\/wp\/v2\/posts"}],"about":[{"href":"https:\/\/mbsniezna.rzeszow.pl\/index.php\/wp-json\/wp\/v2\/types\/post"}],"author":[{"embeddable":true,"href":"https:\/\/mbsniezna.rzeszow.pl\/index.php\/wp-json\/wp\/v2\/users\/1"}],"replies":[{"embeddable":true,"href":"https:\/\/mbsniezna.rzeszow.pl\/index.php\/wp-json\/wp\/v2\/comments?post=9456"}],"version-history":[{"count":1,"href":"https:\/\/mbsniezna.rzeszow.pl\/index.php\/wp-json\/wp\/v2\/posts\/9456\/revisions"}],"predecessor-version":[{"id":9457,"href":"https:\/\/mbsniezna.rzeszow.pl\/index.php\/wp-json\/wp\/v2\/posts\/9456\/revisions\/9457"}],"wp:featuredmedia":[{"embeddable":true,"href":"https:\/\/mbsniezna.rzeszow.pl\/index.php\/wp-json\/wp\/v2\/media\/7410"}],"wp:attachment":[{"href":"https:\/\/mbsniezna.rzeszow.pl\/index.php\/wp-json\/wp\/v2\/media?parent=9456"}],"wp:term":[{"taxonomy":"category","embeddable":true,"href":"https:\/\/mbsniezna.rzeszow.pl\/index.php\/wp-json\/wp\/v2\/categories?post=9456"},{"taxonomy":"post_tag","embeddable":true,"href":"https:\/\/mbsniezna.rzeszow.pl\/index.php\/wp-json\/wp\/v2\/tags?post=9456"}],"curies":[{"name":"wp","href":"https:\/\/api.w.org\/{rel}","templated":true}]}}