{"id":9461,"date":"2023-12-30T23:52:17","date_gmt":"2023-12-30T22:52:17","guid":{"rendered":"https:\/\/mbsniezna.rzeszow.pl\/?p=9461"},"modified":"2023-12-30T23:52:17","modified_gmt":"2023-12-30T22:52:17","slug":"intencje-mszalne-1-7-stycznia-2024-r","status":"publish","type":"post","link":"https:\/\/mbsniezna.rzeszow.pl\/index.php\/2023\/12\/30\/intencje-mszalne-1-7-stycznia-2024-r\/","title":{"rendered":"INTENCJE MSZALNE 1-7 STYCZNIA 2024 R."},"content":{"rendered":"\n<p><strong>1 stycznia -poniedzia\u0142ek \u2013 Nowy Rok<\/strong><\/p>\n\n\n\n<p>7.00 +Eugenia, Mieczys\u0142aw Kawa, J\u00f3zef Baran, Maria Popek<\/p>\n\n\n\n<p>9.00 O \u0142aski Ducha \u015awi\u0119tego i opiek\u0119 Matki Bo\u017cej w dzie\u0144 z\u0142o\u017cenia \u015blub\u00f3w zakonnych<\/p>\n\n\n\n<p>9.00+Tadeusz Ladzi\u0144ski<\/p>\n\n\n\n<p>*+Czes\u0142aw Rojek od swat\u00f3w z Lutory\u017ca (J\u0119drzej\u00f3w)<\/p>\n\n\n\n<p>10.30 +Mieczys\u0142aw, Maria Dziura<\/p>\n\n\n\n<p>12.00 Za parafian \u017cywych i zmar\u0142ych<\/p>\n\n\n\n<p>12.00 W intencjach ksi\u0119dza proboszcza<\/p>\n\n\n\n<p>12.00 W intencjach ksi\u0119dza proboszcza<\/p>\n\n\n\n<p>16.00 +Stanis\u0142aw, Wiktoria Zych, ++ z rodziny<\/p>\n\n\n\n<p>18.00 O opiek\u0119 Bo\u017c\u0105 podczas operacji dla Marzeny<\/p>\n\n\n\n<p><strong>2 stycznia &#8211; wtorek<\/strong><\/p>\n\n\n\n<p>7.00 O b\u0142ogos\u0142awie\u0144stwo Bo\u017ce dla Klaudii i o szcz\u0119\u015bliwe rozwi\u0105zanie<\/p>\n\n\n\n<p>7.00 +Jan Biestek, Zofia, J\u00f3zef Kukla<\/p>\n\n\n\n<p>7.00 +Teresa M\u0119drala od Romana i Anny z rodzin\u0105<\/p>\n\n\n\n<p>17.00 +Jan Sysolak<\/p>\n\n\n\n<p>*+Czes\u0142aw Rojek od Janiny Ma\u017anickiej z rodzin\u0105 z Brzyszcz&nbsp; (J\u0119drzej\u00f3w)<\/p>\n\n\n\n<p><strong>3 stycznia &#8211; \u015broda<\/strong><\/p>\n\n\n\n<p>7.00 O b\u0142og. Bo\u017ce, dary Ducha \u015awi\u0119tego i opiek\u0119 Matki Bo\u017cej dla ca\u0142ej rodziny Blicharz<\/p>\n\n\n\n<p>7.00 +Piotr Mi\u0105sik (5 rocz.)<\/p>\n\n\n\n<p>7.00 +Maria \u017burek od s\u0105siad\u00f3w Ko\u0142odziej\u00f3w<\/p>\n\n\n\n<p>17.00 +Jan Sysolak<\/p>\n\n\n\n<p>*+Czes\u0142aw Rojek od Zofii Piecha z rodzina z D\u0105browej (J\u0119drzej\u00f3w)<\/p>\n\n\n\n<p><strong>4 stycznia &#8211; czwartek<\/strong><\/p>\n\n\n\n<p>7.00 O zdrowie i b\u0142og. Bo\u017ce dla ks. proboszcza<\/p>\n\n\n\n<p>7.00 +Adam Garlak<\/p>\n\n\n\n<p>7.00 +J\u00f3zef Witek od rodziny G\u0142uszczyk\u00f3w<\/p>\n\n\n\n<p>17.00 +Jan Sysolak<\/p>\n\n\n\n<p>*+Czes\u0142aw Rojek od Doroty Borek z rodzina z D\u0105browej (J\u0119drzej\u00f3w)<\/p>\n\n\n\n<p><strong>5 stycznia \u2013 I pi\u0105tek miesi\u0105ca<\/strong><\/p>\n\n\n\n<p>7.00 +Weronika, J\u00f3zef Murias od syna Zdzis\u0142awa z rodzin\u0105<\/p>\n\n\n\n<p>7.00 +Teresa M\u0119drala od c\u00f3rki Anny z rodzin\u0105<\/p>\n\n\n\n<p>7.00 +Maria \u017burek od syna Mieczys\u0142awa<\/p>\n\n\n\n<p>18.00 +Jadwiga Wi\u015bniowska (2 rocz.) od c\u00f3rek i m\u0119\u017ca<\/p>\n\n\n\n<p>*+Czes\u0142aw Rojek od rodziny Grzebyk\u00f3w z Birczy (J\u0119drzej\u00f3w)<\/p>\n\n\n\n<p><strong>6 stycznia -sobota- Uroczysto\u015b\u0107 Objawienia Pa\u0144skiego<\/strong><\/p>\n\n\n\n<p>7.00 Wynagradzaj\u0105ca za zniewagi Niepokalanego Serca NMP<\/p>\n\n\n\n<p>9.00 O Bo\u017ce b\u0142ogos\u0142awie\u0144stwo i zdrowie dla ca\u0142ej rodziny Pasierb i Paul<\/p>\n\n\n\n<p>9.00 +Zofia P\u0142onka (5 rocz.)<\/p>\n\n\n\n<p>*+Czes\u0142aw Rojek od kole\u017canek ze sklepu numer 20 (J\u0119drzej\u00f3w)<\/p>\n\n\n\n<p>10.30 +Rozalia, Jan Bomba, ++ z rodziny<\/p>\n\n\n\n<p>12.00 za parafian \u017cywych i zmar\u0142ych<\/p>\n\n\n\n<p>16.00 O zdrowie i b\u0142ogos\u0142awie\u0144stwo Bo\u017ce dla Jana w podzi\u0119kowaniu za wszelkie \u0142aski Ducha \u015awi\u0119tego w dniu 64 urodzin<\/p>\n\n\n\n<p>18.00 O szcz\u0119\u015bliwe rozwi\u0105zanie i o zdrowie dla matki i dziecka<\/p>\n\n\n\n<p><strong>7 stycznia \u2013 Niedziela Chrztu Pa\u0144skiego<\/strong><\/p>\n\n\n\n<p>7.00 +Czes\u0142awa, W\u0142adys\u0142aw Szwed<\/p>\n\n\n\n<p>9.00 Dzi\u0119kczynna i Bo\u017ce b\u0142ogos\u0142awie\u0144stwo na dalsz\u0105 drog\u0119 \u017cycia dla Renaty i Aleksandra Lis<\/p>\n\n\n\n<p>9.00 +Lucjan Borowiec (4 rocz.)<\/p>\n\n\n\n<p>*+Czes\u0142aw Rojek od rodziny Niedzia\u0142k\u00f3w ze Zg\u0142obnia (J\u0119drzej\u00f3w)<\/p>\n\n\n\n<p>10.30 +Czes\u0142aw Szyd\u0142owski (6 rocz.)<\/p>\n\n\n\n<p>12.00 za parafian<\/p>\n\n\n\n<p>16.00 +Ma\u0142gorzata Czaja od rodziny Inglot\u00f3w<\/p>\n\n\n\n<p>18.00 +Stanis\u0142awa T\u0142uczek (17 rocz.)<\/p>\n","protected":false},"excerpt":{"rendered":"<p>&#8230;<\/p>\n","protected":false},"author":1,"featured_media":7460,"comment_status":"closed","ping_status":"open","sticky":false,"template":"","format":"standard","meta":{"ngg_post_thumbnail":0,"footnotes":""},"categories":[4,25,13],"tags":[],"class_list":["post-9461","post","type-post","status-publish","format-standard","has-post-thumbnail","hentry","category-intencje","category-news","category-newsy"],"_links":{"self":[{"href":"https:\/\/mbsniezna.rzeszow.pl\/index.php\/wp-json\/wp\/v2\/posts\/9461","targetHints":{"allow":["GET"]}}],"collection":[{"href":"https:\/\/mbsniezna.rzeszow.pl\/index.php\/wp-json\/wp\/v2\/posts"}],"about":[{"href":"https:\/\/mbsniezna.rzeszow.pl\/index.php\/wp-json\/wp\/v2\/types\/post"}],"author":[{"embeddable":true,"href":"https:\/\/mbsniezna.rzeszow.pl\/index.php\/wp-json\/wp\/v2\/users\/1"}],"replies":[{"embeddable":true,"href":"https:\/\/mbsniezna.rzeszow.pl\/index.php\/wp-json\/wp\/v2\/comments?post=9461"}],"version-history":[{"count":1,"href":"https:\/\/mbsniezna.rzeszow.pl\/index.php\/wp-json\/wp\/v2\/posts\/9461\/revisions"}],"predecessor-version":[{"id":9462,"href":"https:\/\/mbsniezna.rzeszow.pl\/index.php\/wp-json\/wp\/v2\/posts\/9461\/revisions\/9462"}],"wp:featuredmedia":[{"embeddable":true,"href":"https:\/\/mbsniezna.rzeszow.pl\/index.php\/wp-json\/wp\/v2\/media\/7460"}],"wp:attachment":[{"href":"https:\/\/mbsniezna.rzeszow.pl\/index.php\/wp-json\/wp\/v2\/media?parent=9461"}],"wp:term":[{"taxonomy":"category","embeddable":true,"href":"https:\/\/mbsniezna.rzeszow.pl\/index.php\/wp-json\/wp\/v2\/categories?post=9461"},{"taxonomy":"post_tag","embeddable":true,"href":"https:\/\/mbsniezna.rzeszow.pl\/index.php\/wp-json\/wp\/v2\/tags?post=9461"}],"curies":[{"name":"wp","href":"https:\/\/api.w.org\/{rel}","templated":true}]}}