{"id":9463,"date":"2023-12-30T23:53:58","date_gmt":"2023-12-30T22:53:58","guid":{"rendered":"https:\/\/mbsniezna.rzeszow.pl\/?p=9463"},"modified":"2023-12-30T23:53:58","modified_gmt":"2023-12-30T22:53:58","slug":"niedziela-swietej-rodziny-zakonczenie-starego-roku","status":"publish","type":"post","link":"https:\/\/mbsniezna.rzeszow.pl\/index.php\/2023\/12\/30\/niedziela-swietej-rodziny-zakonczenie-starego-roku\/","title":{"rendered":"NIEDZIELA \u015aWI\u0118TEJ RODZINY \u2013 ZAKO\u0143CZENIE STAREGO ROKU"},"content":{"rendered":"\n<p>31 GRUDNIA 2023 R.<\/p>\n\n\n\n<ol class=\"wp-block-list\">\n<li>Dzisiaj nie ma Mszy \u015bw. o godz. 18.00.<\/li>\n<\/ol>\n\n\n\n<ol class=\"wp-block-list\" start=\"2\">\n<li>Jutro Uroczysto\u015b\u0107 \u015awi\u0119tej Bo\u017cej Rodzicielki \u2013 Nowy Rok \u2013 porz\u0105dek Mszy \u015bw. niedzielny. Po prymarii wystawienie Naj\u015bwi\u0119tszego Sakramentu i Litania do Serca Pana Jezusa.<\/li>\n<\/ol>\n\n\n\n<ol class=\"wp-block-list\" start=\"3\">\n<li>We wtorek, \u015brod\u0119 i czwartek Msza \u015bw. wieczorna o godz. 17.00.<\/li>\n<\/ol>\n\n\n\n<ol class=\"wp-block-list\" start=\"4\">\n<li>I pi\u0105tek miesi\u0105ca \u2013 spowied\u017a rano od 6.30 do 7.00, po po\u0142udniu&nbsp; od 16.30 do 18.00 z Komuni\u0105 o 17.00 i 17.30. Msza \u015bw. wieczorna o 18.00 z nabo\u017ce\u0144stwem do Serca Pana Jezusa.<\/li>\n<\/ol>\n\n\n\n<ol class=\"wp-block-list\" start=\"5\">\n<li>W pi\u0105tek spotkania oazy: 16.30 m\u0142odsza, 19.00 starsza.<\/li>\n<\/ol>\n\n\n\n<ol class=\"wp-block-list\" start=\"6\">\n<li>W sobot\u0119 Uroczysto\u015b\u0107 Objawienia Pa\u0144skiego \u2013 \u015bwi\u0119to Trzech Kr\u00f3li. Porz\u0105dek Mszy \u015bw. niedzielny. Na ka\u017cdej Mszy po\u015bwi\u0119cenia kredy i kadzid\u0142a. Sk\u0142adka na misje.<\/li>\n<\/ol>\n\n\n\n<ol class=\"wp-block-list\" start=\"7\">\n<li>W sobot\u0119 o godz. 19.00 w naszym ko\u015bciele odb\u0119dzie si\u0119 koncert kol\u0119dowy przygotowany przez Szko\u0142\u0119 Muzyczn\u0105&nbsp; Yamacha. Wyst\u0105pi tak\u017ce nasza schola \u201e\u015anie\u017cynki Maryi\u201d. Serdecznie zapraszamy. Szczeg\u00f3\u0142y s\u0105 na plakacie i FB. Koncert ma charakter charytatywny \u2013 zbierane b\u0119d\u0105 ofiary na leczenie chorych dzieci Patryka i Alana, kt\u00f3rzy mieszkaj\u0105 na naszym osiedlu.<\/li>\n<\/ol>\n\n\n\n<ol class=\"wp-block-list\" start=\"8\">\n<li>W niedziel\u0119 \u015awi\u0119to Chrztu Pa\u0144skiego \u2013 na ka\u017cdej Mszy aspersja i odnowienie przyrzecze\u0144 chrztu \u015bw. Po prymarii zmiana tajemnic r\u00f3\u017ca\u0144cowych.<\/li>\n<\/ol>\n\n\n\n<ol class=\"wp-block-list\" start=\"9\">\n<li>B\u00f3g zap\u0142a\u0107 za ofiary na sprz\u0105tanie ko\u015bcio\u0142a. W tym tygodniu&nbsp; prosimy mieszka\u0144c\u00f3w ul. Sportowc\u00f3w &#8211; ca\u0142o\u015b\u0107: numery parzyste od 6c do 46 (6c, 6d, 8, 10, 14, 16, 18, 20, 28, 34, 38, 46)&nbsp; i numery nieparzyste od 3 do 39 (3, 15, 19, 27, 35, 39).<\/li>\n<\/ol>\n\n\n\n<ol class=\"wp-block-list\" start=\"10\">\n<li>Na FB i w gablocie podajemy plan kol\u0119dy od 2 do 13 stycznia. Prosimy o zapoznanie si\u0119.<\/li>\n<\/ol>\n\n\n\n<p><strong>PLAN WIZYTY DUSZPASTERSKIEJ OD 2 DO 13 STYCZNIA&nbsp;<\/strong><\/p>\n\n\n\n<ol class=\"wp-block-list\" start=\"2\">\n<li><strong>stycznia \u2013 wtorek od 16.30<\/strong><\/li>\n<\/ol>\n\n\n\n<ol class=\"wp-block-list\">\n<li>Ul. M\u0142y\u0144ska (od 19) i Podle\u015bna (od 21 do 1, od 18 do 10)<\/li>\n\n\n\n<li>Ul. Budziwojska parzyste od 218 do 258<\/li>\n\n\n\n<li>Ul. Budziwojska parzyste od 260 do 346<\/li>\n<\/ol>\n\n\n\n<ol class=\"wp-block-list\" start=\"3\">\n<li><strong>stycznia \u2013 \u015broda od 16.30<\/strong><\/li>\n<\/ol>\n\n\n\n<ol class=\"wp-block-list\">\n<li>Ul. Ks. Guzego (od 20) i ul. Prometeusza (od 1)<\/li>\n\n\n\n<li>Ul. Budziwojska parzyste od 348 do 398<\/li>\n\n\n\n<li>Ul. Budziwojska nieparzyste od 283 do 323<\/li>\n<\/ol>\n\n\n\n<ol class=\"wp-block-list\" start=\"4\">\n<li><strong>stycznia \u2013 czwartek od 16.30<\/strong><\/li>\n<\/ol>\n\n\n\n<ol class=\"wp-block-list\">\n<li>Ul. Budziwojska \u2013 nieparzyste od 331 do 371<\/li>\n\n\n\n<li>Ul. Budziwojska \u2013 nieparzyste od 373 do 413<\/li>\n\n\n\n<li>Ul. Budziwojska \u2013 nieparzyste od 435a do 507a<\/li>\n<\/ol>\n\n\n\n<ol class=\"wp-block-list\" start=\"8\">\n<li><strong>stycznia \u2013 poniedzia\u0142ek od 16.30<\/strong><\/li>\n<\/ol>\n\n\n\n<ol class=\"wp-block-list\">\n<li>Ul. Budziwojska nieparzyste od 507b do 549<\/li>\n\n\n\n<li>Ul. Poselska parzyste od 2 do 50<\/li>\n\n\n\n<li>Ul. Poselska parzyste od 108 do 58<\/li>\n<\/ol>\n\n\n\n<ol class=\"wp-block-list\" start=\"9\">\n<li><strong>stycznia \u2013 wtorek od 16.30<\/strong><\/li>\n<\/ol>\n\n\n\n<ol class=\"wp-block-list\">\n<li>Ul. Poselska nieparzyste od 81 do 57<\/li>\n\n\n\n<li>Ul. Poselska nieparzyste od 43 do 1<\/li>\n\n\n\n<li>Ul. Kwiatowa parzyste od 2<\/li>\n<\/ol>\n\n\n\n<ol class=\"wp-block-list\" start=\"10\">\n<li><strong>10.<\/strong><strong>stycznia \u2013 \u015broda od 16.30<\/strong><\/li>\n<\/ol>\n\n\n\n<ol class=\"wp-block-list\">\n<li>Ul. Kwiatowa nieparzyste od 1<\/li>\n\n\n\n<li>Ul. Sportowc\u00f3w parzyste od 4 do 46<\/li>\n\n\n\n<li>Ul. Sportowc\u00f3w nieparzyste od 3 do 39<\/li>\n<\/ol>\n\n\n\n<ol class=\"wp-block-list\" start=\"11\">\n<li><strong>stycznia \u2013 czwartek od 16.30<\/strong><\/li>\n<\/ol>\n\n\n\n<ol class=\"wp-block-list\">\n<li>Ul. Studzianki od 4 do 26 i od 3 do 37<\/li>\n\n\n\n<li>Ul. Karmelicka parzyste od 6 do ko\u0144ca<\/li>\n\n\n\n<li>Ul. Karmelicka nieparzyste od 1 do ko\u0144ca<\/li>\n<\/ol>\n\n\n\n<ol class=\"wp-block-list\" start=\"12\">\n<li><strong>12.<\/strong><strong>stycznia \u2013 pi\u0105tek od 16.30<\/strong><\/li>\n<\/ol>\n\n\n\n<ol class=\"wp-block-list\">\n<li>Ul. Tarnopolska parzyste od 2 do ko\u0144ca<\/li>\n\n\n\n<li>Ul. Tarnopolska nieparzyste od 3 do 47<\/li>\n\n\n\n<li>Ul. Tarnopolska nieparzyste od 49 do 119<\/li>\n<\/ol>\n\n\n\n<ol class=\"wp-block-list\" start=\"13\">\n<li><strong>13.<\/strong><strong>stycznia \u2013 sobota od 9.00<\/strong><\/li>\n<\/ol>\n\n\n\n<ol class=\"wp-block-list\">\n<li>Ul. Budziwojska \u2013 numery od&nbsp; Potok\u00f3w 135a i 155e, Ul. Ks. Kowalskiego od granicy z Tyczynem od numeru 21<\/li>\n\n\n\n<li>Ul. Studzianki od granicy z Hermanow\u0105,&nbsp; ul. Poziomkowa, ul. G\u00f3ra<\/li>\n\n\n\n<li>Ul. Wakacyjna i ul. Pogodne Wzg\u00f3rze od Budziwojskiej (od 1 do 16)<\/li>\n<\/ol>\n","protected":false},"excerpt":{"rendered":"<p>&#8230;<\/p>\n","protected":false},"author":1,"featured_media":7584,"comment_status":"closed","ping_status":"open","sticky":false,"template":"","format":"standard","meta":{"ngg_post_thumbnail":0,"footnotes":""},"categories":[25,13,14],"tags":[],"class_list":["post-9463","post","type-post","status-publish","format-standard","has-post-thumbnail","hentry","category-news","category-newsy","category-ogloszenia_duszp"],"_links":{"self":[{"href":"https:\/\/mbsniezna.rzeszow.pl\/index.php\/wp-json\/wp\/v2\/posts\/9463","targetHints":{"allow":["GET"]}}],"collection":[{"href":"https:\/\/mbsniezna.rzeszow.pl\/index.php\/wp-json\/wp\/v2\/posts"}],"about":[{"href":"https:\/\/mbsniezna.rzeszow.pl\/index.php\/wp-json\/wp\/v2\/types\/post"}],"author":[{"embeddable":true,"href":"https:\/\/mbsniezna.rzeszow.pl\/index.php\/wp-json\/wp\/v2\/users\/1"}],"replies":[{"embeddable":true,"href":"https:\/\/mbsniezna.rzeszow.pl\/index.php\/wp-json\/wp\/v2\/comments?post=9463"}],"version-history":[{"count":1,"href":"https:\/\/mbsniezna.rzeszow.pl\/index.php\/wp-json\/wp\/v2\/posts\/9463\/revisions"}],"predecessor-version":[{"id":9464,"href":"https:\/\/mbsniezna.rzeszow.pl\/index.php\/wp-json\/wp\/v2\/posts\/9463\/revisions\/9464"}],"wp:featuredmedia":[{"embeddable":true,"href":"https:\/\/mbsniezna.rzeszow.pl\/index.php\/wp-json\/wp\/v2\/media\/7584"}],"wp:attachment":[{"href":"https:\/\/mbsniezna.rzeszow.pl\/index.php\/wp-json\/wp\/v2\/media?parent=9463"}],"wp:term":[{"taxonomy":"category","embeddable":true,"href":"https:\/\/mbsniezna.rzeszow.pl\/index.php\/wp-json\/wp\/v2\/categories?post=9463"},{"taxonomy":"post_tag","embeddable":true,"href":"https:\/\/mbsniezna.rzeszow.pl\/index.php\/wp-json\/wp\/v2\/tags?post=9463"}],"curies":[{"name":"wp","href":"https:\/\/api.w.org\/{rel}","templated":true}]}}