{"id":9465,"date":"2024-01-07T00:21:12","date_gmt":"2024-01-06T23:21:12","guid":{"rendered":"https:\/\/mbsniezna.rzeszow.pl\/?p=9465"},"modified":"2024-01-07T00:21:12","modified_gmt":"2024-01-06T23:21:12","slug":"intencje-mszalne-od-8-14-stycznia-2024-r","status":"publish","type":"post","link":"https:\/\/mbsniezna.rzeszow.pl\/index.php\/2024\/01\/07\/intencje-mszalne-od-8-14-stycznia-2024-r\/","title":{"rendered":"INTENCJE MSZALNE OD 8\u2013 14 STYCZNIA 2024 R."},"content":{"rendered":"\n<p><strong>8 stycznia \u2013 poniedzia\u0142ek<\/strong><\/p>\n\n\n\n<p>7.00 +Tomasz Konkol<\/p>\n\n\n\n<p>7.00 +Gra\u017cyna, Ryszard Cierpia\u0142 od c\u00f3rki<\/p>\n\n\n\n<p>18.00 O zdrowie i szcz\u0119\u015bliwa operacj\u0119 dla Justyny od rodziny<\/p>\n\n\n\n<p>*+Czes\u0142aw Rojek od rodziny W\u00f3jcik\u00f3w z Woli Zg\u0142obie\u0144skiej (J\u0119drzej\u00f3w)<\/p>\n\n\n\n<p><strong>9 stycznia \u2013 wtorek<\/strong><\/p>\n\n\n\n<p>7.00 +J\u00f3zef Witek od rodziny Kotul\u00f3w z Siedlisk<\/p>\n\n\n\n<p>7.00 +Teresa M\u0119drala od&nbsp; swatowej Danusi z rodzin\u0105<\/p>\n\n\n\n<p>18.00 +Mariusz T\u0142uczek<\/p>\n\n\n\n<p>*+Czes\u0142aw Rojek od kole\u017canek ze sklepu Nr 20 (J\u0119drzej\u00f3w)<\/p>\n\n\n\n<p><strong>10 stycznia \u2013 \u015broda<\/strong><\/p>\n\n\n\n<p>7.00 +Aleksandra Lewandowska<\/p>\n\n\n\n<p>7.00 +Maria \u017burek od Marka Krok z rodzin\u0105 (ks. Micha\u0142 poza parafi\u0105)<\/p>\n\n\n\n<p>18.00 +Helena, Tadeusz Pa\u0142ka<\/p>\n\n\n\n<p>*+Czes\u0142aw Rojek od rodziny Ziobro z Niechobrza (J\u0119drzej\u00f3w)<\/p>\n\n\n\n<p><strong>11 stycznia \u2013 czwartek<\/strong><\/p>\n\n\n\n<p>7.00 +Teresa M\u0119drala od syna Krzysztofa z rodzin\u0105<\/p>\n\n\n\n<p>7.00 +J\u00f3zef Witek od rodziny Pa\u015bko<\/p>\n\n\n\n<p>18.00 +Jan Cioch (14 rocz.)<\/p>\n\n\n\n<p><strong>12 stycznia &#8211; pi\u0105tek<\/strong><\/p>\n\n\n\n<p>7.00 +Damian Cierpia\u0142<\/p>\n\n\n\n<p>7.00 +J\u00f3zef Witek od rodziny G\u0142odowskich<\/p>\n\n\n\n<p>18.00 +Bogdan Szcz\u0119ch (10 rocz.), J\u00f3zef Szcz\u0119ch, Augustyn Mazur<\/p>\n\n\n\n<p><strong>13 stycznia \u2013 sobota<\/strong><\/p>\n\n\n\n<p>7.00 O b\u0142og. Bo\u017ce, dary Ducha \u015awi\u0119tego i opiek\u0119 Matki Bo\u017cej dla Bartosza w 18 urodziny<\/p>\n\n\n\n<p>7.00 +Teresa M\u0119drala od m\u0119\u017ca Zbigniewa z rodzin\u0105<\/p>\n\n\n\n<p>18.00 +Zofia, Alfred Pr\u0119dki<\/p>\n\n\n\n<p><strong>14 stycznia \u2013 niedziela<\/strong><\/p>\n\n\n\n<p>7.00 +Eugeniusz, Aleksandra Stachyra<\/p>\n\n\n\n<p>9.00 +Genowefa, Henryk Myrda (24 rocz.) od syn\u00f3w Zdzis\u0142awa i Kazimierza<\/p>\n\n\n\n<p>10.30 +Roman Fornal (4 rocz.)<\/p>\n\n\n\n<p>10.30 Dzi\u0119kczynna za dar \u017cycia Zosi w 3 rocznic\u0119 \u015bmierci i o b\u0142og. Bo\u017ce dla rodziny<\/p>\n\n\n\n<p>12.00 za parafian<\/p>\n\n\n\n<p>16.00 +Jan Lisowicz (14 rocz.)<\/p>\n\n\n\n<p>18.00 +Eugeniusz Kotula, Stanis\u0142aw<\/p>\n","protected":false},"excerpt":{"rendered":"<p>&#8230;<\/p>\n","protected":false},"author":1,"featured_media":7666,"comment_status":"closed","ping_status":"open","sticky":false,"template":"","format":"standard","meta":{"ngg_post_thumbnail":0,"footnotes":""},"categories":[4,25,13],"tags":[],"class_list":["post-9465","post","type-post","status-publish","format-standard","has-post-thumbnail","hentry","category-intencje","category-news","category-newsy"],"_links":{"self":[{"href":"https:\/\/mbsniezna.rzeszow.pl\/index.php\/wp-json\/wp\/v2\/posts\/9465","targetHints":{"allow":["GET"]}}],"collection":[{"href":"https:\/\/mbsniezna.rzeszow.pl\/index.php\/wp-json\/wp\/v2\/posts"}],"about":[{"href":"https:\/\/mbsniezna.rzeszow.pl\/index.php\/wp-json\/wp\/v2\/types\/post"}],"author":[{"embeddable":true,"href":"https:\/\/mbsniezna.rzeszow.pl\/index.php\/wp-json\/wp\/v2\/users\/1"}],"replies":[{"embeddable":true,"href":"https:\/\/mbsniezna.rzeszow.pl\/index.php\/wp-json\/wp\/v2\/comments?post=9465"}],"version-history":[{"count":1,"href":"https:\/\/mbsniezna.rzeszow.pl\/index.php\/wp-json\/wp\/v2\/posts\/9465\/revisions"}],"predecessor-version":[{"id":9466,"href":"https:\/\/mbsniezna.rzeszow.pl\/index.php\/wp-json\/wp\/v2\/posts\/9465\/revisions\/9466"}],"wp:featuredmedia":[{"embeddable":true,"href":"https:\/\/mbsniezna.rzeszow.pl\/index.php\/wp-json\/wp\/v2\/media\/7666"}],"wp:attachment":[{"href":"https:\/\/mbsniezna.rzeszow.pl\/index.php\/wp-json\/wp\/v2\/media?parent=9465"}],"wp:term":[{"taxonomy":"category","embeddable":true,"href":"https:\/\/mbsniezna.rzeszow.pl\/index.php\/wp-json\/wp\/v2\/categories?post=9465"},{"taxonomy":"post_tag","embeddable":true,"href":"https:\/\/mbsniezna.rzeszow.pl\/index.php\/wp-json\/wp\/v2\/tags?post=9465"}],"curies":[{"name":"wp","href":"https:\/\/api.w.org\/{rel}","templated":true}]}}