{"id":9493,"date":"2024-02-18T18:52:14","date_gmt":"2024-02-18T17:52:14","guid":{"rendered":"https:\/\/mbsniezna.rzeszow.pl\/?p=9493"},"modified":"2024-02-18T18:52:14","modified_gmt":"2024-02-18T17:52:14","slug":"intencje-mszalne-19-25-lutego-2024-r","status":"publish","type":"post","link":"https:\/\/mbsniezna.rzeszow.pl\/index.php\/2024\/02\/18\/intencje-mszalne-19-25-lutego-2024-r\/","title":{"rendered":"INTENCJE MSZALNE 19 \u2013 25 LUTEGO 2024 R."},"content":{"rendered":"\n<p><strong>Poniedzia\u0142ek 19 lutego<\/strong><\/p>\n\n\n\n<p>7.00 +Genowefa Kotula od rodziny Eugenii Kotuli<\/p>\n\n\n\n<p>7.00 +Teodor Kotula od Romana Wac\u0142awek z rodzin\u0105<\/p>\n\n\n\n<p>18.00 +Janina Lis od syna Aleksandra z rodzin\u0105<\/p>\n\n\n\n<p><strong>Wtorek 20 lutego<\/strong><\/p>\n\n\n\n<p>7.00 +Teodor Kotula od Bronis\u0142awy Pr\u0119dkiej<\/p>\n\n\n\n<p>7.00 +Ma\u0142gorzata B\u0142ahuta od rodziny Warzocha<\/p>\n\n\n\n<p>18.00 +Anna Sok\u00f3\u0142, ++ z rodzony<\/p>\n\n\n\n<p>18.00 +Zofia W\u00f3jtowicz od chrze\u015bnicy Alicji Gawron<\/p>\n\n\n\n<p>18.00 +J\u00f3zef G\u0142odowski od \u017cony Marii<\/p>\n\n\n\n<p><strong>\u015aroda 21 lutego<\/strong><\/p>\n\n\n\n<p>7.00 +Ma\u0142gorzata B\u0142ahuta od kuzynki Anny<\/p>\n\n\n\n<p>7.00 +Stanis\u0142awa Zarzyna od przyjaci\u00f3\u0142 Renaty<\/p>\n\n\n\n<p>7.00 +Genowefa Bomba od rodziny Pieczonk\u00f3w z Gorlic i c\u00f3rki Zofii<\/p>\n\n\n\n<p>18.00 O zdrowie dla Adama Grzebyk od Ch\u00f3ru Fontes<\/p>\n\n\n\n<p>18.00 +Teodor Kotula od syna Jerzego z dzie\u0107mi<\/p>\n\n\n\n<p><strong>Czwartek 22 lutego<\/strong><\/p>\n\n\n\n<p>7.00 +J\u00f3zef G\u0142odowski od Danuty i Tadeusza Magd\u00f3w<\/p>\n\n\n\n<p>7.00 +Ma\u0142gorzata B\u0142ahuta od brata Augustyna<\/p>\n\n\n\n<p>7.00 +Stanis\u0142awa Zarzyna od rodziny Gulak\u00f3w<\/p>\n\n\n\n<p>18.00 O opiek\u0119 Bo\u017ca, potrzebne \u0142aski dla Eugeniusza Lasota w 87 urodziny od wnuk\u00f3w Wojciecha i Antoniego<\/p>\n\n\n\n<p>18.00 +Stanis\u0142awa, Franciszek, Danuta Hajnosz<\/p>\n\n\n\n<p>18.00 +Genowefa Bomba od Doroty i Jana Ziemba<\/p>\n\n\n\n<p><strong>Pi\u0105tek 23 lutego<\/strong><\/p>\n\n\n\n<p>7.00&nbsp; +Stanis\u0142awa Zarzyna od przyjaci\u00f3\u0142 Renaty<\/p>\n\n\n\n<p>7.00 +Teodor Kotula od Gra\u017cyny i Jerzego W\u00f3jt\u00f3w<\/p>\n\n\n\n<p>18.00 +Andrzej Kozik (4 rocz.), ++ z rodziny<\/p>\n\n\n\n<p>18.00 +Zofia W\u00f3jtowicz od kuzynki Bobe\u0142 (zako\u0144czenie Mszy pogrzebowych)<\/p>\n\n\n\n<p>*+Ma\u0142gorzata B\u0142ahuta id rodziny Gaw\u0142\u00f3w (ks. Micha\u0142 poza parafi\u0105)<\/p>\n\n\n\n<p><strong>Sobota 24 lutego<\/strong><\/p>\n\n\n\n<p>7.00 +Teodor Kotula od Stefanii i Tadeusza Lasot\u00f3w<\/p>\n\n\n\n<p>7.00 +J\u00f3zef G\u0142odowski od Joanny i \u0141ukasza Magd\u00f3w<\/p>\n\n\n\n<p>18.00 +Janusz Pr\u0119dki (1 rocz.)<\/p>\n\n\n\n<p>18.00 +Stanis\u0142aw (11 rocz.)<\/p>\n\n\n\n<p>*+Stanis\u0142awa Zarzyna od Krzysztofa Wac\u0142awek z rodzin\u0105 (ks. Micha\u0142 poza parafi\u0105)<\/p>\n\n\n\n<p><strong>Niedziela 25 lutego<\/strong><\/p>\n\n\n\n<p>7.00. O zdrowie dla Les\u0142awa<\/p>\n\n\n\n<p>7.00 +Helena Miciuda (27 rocz.)<\/p>\n\n\n\n<p>9.00 +Stanis\u0142aw Naw\u00f3j, ++ z rodziny Naw\u00f3j<\/p>\n\n\n\n<p>*+J\u00f3zef G\u0142odowski od siostry Genowefy z Siedlisk (ks. Micha\u0142 poza parafi\u0105)<\/p>\n\n\n\n<p>10.30 O b\u0142ogos\u0142awie\u0144stwo Bo\u017ce dla w\u0142a\u015bcicieli i pracownik\u00f3w Domu Go\u015bcinnego D\u0119bin\u00f3wka od rodziny Szczupiel<\/p>\n\n\n\n<p>12.00 Za parafian \u017cywych i zmar\u0142ych<\/p>\n\n\n\n<p>16.00 +Franciszek Pasierb<\/p>\n\n\n\n<p>18.00 +Kazimiera, Stanis\u0142aw Grzebyk<\/p>\n","protected":false},"excerpt":{"rendered":"<p>&#8230;<\/p>\n","protected":false},"author":1,"featured_media":7666,"comment_status":"closed","ping_status":"open","sticky":false,"template":"","format":"standard","meta":{"ngg_post_thumbnail":0,"footnotes":""},"categories":[4,25,13],"tags":[],"class_list":["post-9493","post","type-post","status-publish","format-standard","has-post-thumbnail","hentry","category-intencje","category-news","category-newsy"],"_links":{"self":[{"href":"https:\/\/mbsniezna.rzeszow.pl\/index.php\/wp-json\/wp\/v2\/posts\/9493","targetHints":{"allow":["GET"]}}],"collection":[{"href":"https:\/\/mbsniezna.rzeszow.pl\/index.php\/wp-json\/wp\/v2\/posts"}],"about":[{"href":"https:\/\/mbsniezna.rzeszow.pl\/index.php\/wp-json\/wp\/v2\/types\/post"}],"author":[{"embeddable":true,"href":"https:\/\/mbsniezna.rzeszow.pl\/index.php\/wp-json\/wp\/v2\/users\/1"}],"replies":[{"embeddable":true,"href":"https:\/\/mbsniezna.rzeszow.pl\/index.php\/wp-json\/wp\/v2\/comments?post=9493"}],"version-history":[{"count":1,"href":"https:\/\/mbsniezna.rzeszow.pl\/index.php\/wp-json\/wp\/v2\/posts\/9493\/revisions"}],"predecessor-version":[{"id":9494,"href":"https:\/\/mbsniezna.rzeszow.pl\/index.php\/wp-json\/wp\/v2\/posts\/9493\/revisions\/9494"}],"wp:featuredmedia":[{"embeddable":true,"href":"https:\/\/mbsniezna.rzeszow.pl\/index.php\/wp-json\/wp\/v2\/media\/7666"}],"wp:attachment":[{"href":"https:\/\/mbsniezna.rzeszow.pl\/index.php\/wp-json\/wp\/v2\/media?parent=9493"}],"wp:term":[{"taxonomy":"category","embeddable":true,"href":"https:\/\/mbsniezna.rzeszow.pl\/index.php\/wp-json\/wp\/v2\/categories?post=9493"},{"taxonomy":"post_tag","embeddable":true,"href":"https:\/\/mbsniezna.rzeszow.pl\/index.php\/wp-json\/wp\/v2\/tags?post=9493"}],"curies":[{"name":"wp","href":"https:\/\/api.w.org\/{rel}","templated":true}]}}