{"id":9504,"date":"2024-03-03T06:27:27","date_gmt":"2024-03-03T05:27:27","guid":{"rendered":"https:\/\/mbsniezna.rzeszow.pl\/?p=9504"},"modified":"2024-03-03T06:27:27","modified_gmt":"2024-03-03T05:27:27","slug":"iii-niedziela-wielkiego-postu-3-marca-2024-r","status":"publish","type":"post","link":"https:\/\/mbsniezna.rzeszow.pl\/index.php\/2024\/03\/03\/iii-niedziela-wielkiego-postu-3-marca-2024-r\/","title":{"rendered":"III NIEDZIELA WIELKIEGO POSTU 3 MARCA 2024 R."},"content":{"rendered":"\n<ol class=\"wp-block-list\">\n<li>W poniedzia\u0142ek&nbsp; \u015bwi\u0119to \u015bw. Kazimierza Kr\u00f3lewicza -po Mszy nabo\u017ce\u0144stwo do b\u0142ogos\u0142awionej rodziny Ulm\u00f3w.<\/li>\n<\/ol>\n\n\n\n<ol class=\"wp-block-list\" start=\"2\">\n<li>We wtorek nabo\u017ce\u0144stwo do \u015bw. Antoniego, o 19.00 katecheza dla doros\u0142ych.<\/li>\n<\/ol>\n\n\n\n<ol class=\"wp-block-list\" start=\"3\">\n<li>W \u015brod\u0119 o 17.30 r\u00f3\u017caniec w intencji poszanowania \u017cycia ludzkiego. Po Mszy Nowenna do Matki Bo\u017cej \u015anie\u017cnej.<\/li>\n<\/ol>\n\n\n\n<ol class=\"wp-block-list\" start=\"4\">\n<li>W \u015brod\u0119 na Msz\u0119 \u015bw. o 18.00 zapraszamy kandydat\u00f3w do bierzmowania z klas VIII i ich rodzic\u00f3w \u2013 b\u0119dzie po\u015bwi\u0119cenie i przekazanie modlitewnik\u00f3w. Po Mszy kr\u00f3tkie spotkanie organizacyjne.<\/li>\n<\/ol>\n\n\n\n<ol class=\"wp-block-list\" start=\"5\">\n<li>W czwartek od 17.15 adoracja, o 19.00 zbi\u00f3rka ministrant\u00f3w.<\/li>\n<\/ol>\n\n\n\n<ol class=\"wp-block-list\" start=\"6\">\n<li>W pi\u0105tek Nabo\u017ce\u0144stwa Drogi Krzy\u017cowej o 17.30 i o 20.00, spotkania oazy: 16.30 m\u0142odsza i 19.00 starsza.<\/li>\n<\/ol>\n\n\n\n<ol class=\"wp-block-list\" start=\"7\">\n<li>W pi\u0105tek Dzie\u0144 Kobiet \u2013 modli\u0107 si\u0119 b\u0119dziemy za wszystkie kobiety.<\/li>\n<\/ol>\n\n\n\n<ol class=\"wp-block-list\" start=\"8\">\n<li>W czwartek i pi\u0105tek b\u0119d\u0105 rekolekcje dla naszej szko\u0142y. Has\u0142o rekolekcji: \u201eZosta\u0144 Bo\u017cym bohaterem\u201d. Poprowadzi je ks. Jakub Dzier\u017cak i pani Marta Magdo\u0144. Uczniowie zostali podzieleni na cztery grupy wiekowe. Ka\u017cda z nich ma dwa razy oddzielne spotkanie w ko\u015bciele. Program jest na plakatach. Rodzice otrzymaj\u0105 drog\u0105 elektroniczn\u0105.<\/li>\n<\/ol>\n\n\n\n<ol class=\"wp-block-list\" start=\"9\">\n<li>W sobot\u0119 o&nbsp; 10.00 pr\u00f3ba scholi.<\/li>\n<\/ol>\n\n\n\n<ol class=\"wp-block-list\" start=\"10\">\n<li>W niedziel\u0119 o 6.30 Droga Krzy\u017cowa, o 17.00 Gorzkie \u017bale.<\/li>\n<\/ol>\n\n\n\n<ol class=\"wp-block-list\" start=\"11\">\n<li>B\u00f3g zap\u0142a\u0107 za ofiary na sprz\u0105tanie ko\u015bcio\u0142a. W tym tygodniu prosimy rodziny z ul. Studzianki: numery nieparzyste od 3 do 47 (3,11, 15, 19, 21, 27, 29, 47) i numery parzyste od 4 do 44 (4, 10, 16, 26, 36, 42, 44).<\/li>\n<\/ol>\n\n\n\n<ol class=\"wp-block-list\" start=\"12\">\n<li>Zapowiedzi: Micha\u0142 Ryka\u0142a \u2013 Dominika Wilga (zap. II), Sebastian Szwajczak \u2013 Karolina Ba\u0144ka (zap. III).<\/li>\n<\/ol>\n\n\n\n<ol class=\"wp-block-list\" start=\"13\">\n<li>W tym roku przypada 40-lecie m\u0119cze\u0144skiej \u015bmierci b\u0142. ks. Jerzego Popie\u0142uszki. Obchody rozpocz\u0119\u0142y si\u0119 28 lutego \u2013 w rocznic\u0119 pierwszej Mszy \u015bw. za ojczyzn\u0119, a zako\u0144cz\u0105 si\u0119 3 listopada \u2013 w rocznic\u0119 pogrzebu ks. Popie\u0142uszki. Jedn\u0105 z form prze\u017cywania tego czasu jest modlitwa o przemian\u0119 serca, a zw\u0142aszcza o wolno\u015b\u0107 od l\u0119ku i nienawi\u015bci. B\u0119dzie ona odmawiana codziennie o 21.00 przy grobie ks. Popie\u0142uszki. Jest zach\u0119ta, aby t\u0119 modlitw\u0119 podj\u0119\u0142o jak najwi\u0119cej ludzi w Polsce, tak\u017ce w naszej parafii. Za \u0142awkami s\u0105 obrazki z t\u0105 modlitw\u0105. Temat roku ks. Popie\u0142uszki b\u0119dziemy prezentowa\u0107 na parafialnym FB, zach\u0119camy sta\u0142ego zagl\u0105dania. Dzisiaj prezentowany jest&nbsp; archiwalny wywiad z ks. Popie\u0142uszk\u0105 o jego pos\u0142udze duszpasterskiej.<\/li>\n<\/ol>\n\n\n\n<ol class=\"wp-block-list\" start=\"14\">\n<li>Miesi\u0105c marzec prze\u017cywamy wraz ze \u015bw. J\u00f3zefem. Jest darmowa broszura \u201e\u015awi\u0119ty J\u00f3zefie m\u00f3dl si\u0119 za nami\u201d. Zapraszamy do lektury.<\/li>\n<\/ol>\n\n\n\n<ol class=\"wp-block-list\" start=\"15\">\n<li>W tym tygodniu modlimy si\u0119 pie\u015bni\u0105 \u201ePanie ty widzisz krzy\u017ca si\u0119 nie l\u0119kam\u201d. Tekst i audio na parafialnym FB.<\/li>\n<\/ol>\n","protected":false},"excerpt":{"rendered":"<p>&#8230;<\/p>\n","protected":false},"author":1,"featured_media":7666,"comment_status":"closed","ping_status":"open","sticky":false,"template":"","format":"standard","meta":{"ngg_post_thumbnail":0,"footnotes":""},"categories":[25,13,14],"tags":[],"class_list":["post-9504","post","type-post","status-publish","format-standard","has-post-thumbnail","hentry","category-news","category-newsy","category-ogloszenia_duszp"],"_links":{"self":[{"href":"https:\/\/mbsniezna.rzeszow.pl\/index.php\/wp-json\/wp\/v2\/posts\/9504","targetHints":{"allow":["GET"]}}],"collection":[{"href":"https:\/\/mbsniezna.rzeszow.pl\/index.php\/wp-json\/wp\/v2\/posts"}],"about":[{"href":"https:\/\/mbsniezna.rzeszow.pl\/index.php\/wp-json\/wp\/v2\/types\/post"}],"author":[{"embeddable":true,"href":"https:\/\/mbsniezna.rzeszow.pl\/index.php\/wp-json\/wp\/v2\/users\/1"}],"replies":[{"embeddable":true,"href":"https:\/\/mbsniezna.rzeszow.pl\/index.php\/wp-json\/wp\/v2\/comments?post=9504"}],"version-history":[{"count":1,"href":"https:\/\/mbsniezna.rzeszow.pl\/index.php\/wp-json\/wp\/v2\/posts\/9504\/revisions"}],"predecessor-version":[{"id":9505,"href":"https:\/\/mbsniezna.rzeszow.pl\/index.php\/wp-json\/wp\/v2\/posts\/9504\/revisions\/9505"}],"wp:featuredmedia":[{"embeddable":true,"href":"https:\/\/mbsniezna.rzeszow.pl\/index.php\/wp-json\/wp\/v2\/media\/7666"}],"wp:attachment":[{"href":"https:\/\/mbsniezna.rzeszow.pl\/index.php\/wp-json\/wp\/v2\/media?parent=9504"}],"wp:term":[{"taxonomy":"category","embeddable":true,"href":"https:\/\/mbsniezna.rzeszow.pl\/index.php\/wp-json\/wp\/v2\/categories?post=9504"},{"taxonomy":"post_tag","embeddable":true,"href":"https:\/\/mbsniezna.rzeszow.pl\/index.php\/wp-json\/wp\/v2\/tags?post=9504"}],"curies":[{"name":"wp","href":"https:\/\/api.w.org\/{rel}","templated":true}]}}