{"id":9506,"date":"2024-03-09T21:43:05","date_gmt":"2024-03-09T20:43:05","guid":{"rendered":"https:\/\/mbsniezna.rzeszow.pl\/?p=9506"},"modified":"2024-03-09T21:43:05","modified_gmt":"2024-03-09T20:43:05","slug":"intencje-mszalne-11-17-marca-2024-r","status":"publish","type":"post","link":"https:\/\/mbsniezna.rzeszow.pl\/index.php\/2024\/03\/09\/intencje-mszalne-11-17-marca-2024-r\/","title":{"rendered":"INTENCJE MSZALNE 11-17 MARCA 2024 R."},"content":{"rendered":"\n<p><strong>Poniedzia\u0142ek 11 marca<\/strong><\/p>\n\n\n\n<p>7.00 O b\u0142ogos\u0142awie\u0144stwo Bo\u017ce dla Joanny i jej rodziny<\/p>\n\n\n\n<p>7.00 +Julia, W\u0142adys\u0142aw, ++ z rodziny<\/p>\n\n\n\n<p>18.00 +Helena, Edward Pa\u015bkiewicz<\/p>\n\n\n\n<p>18.00 +Dariusz Wac\u0142awek<\/p>\n\n\n\n<p><strong>Wtorek 12 marca<\/strong><\/p>\n\n\n\n<p>7.00 O Bo\u017ce b\u0142ogos\u0142awie\u0144stwo dla Stanis\u0142awa i jego rodziny<\/p>\n\n\n\n<p>7.00 O zdrowie dla s. Teresy<\/p>\n\n\n\n<p>18.00 +Jan, Maria Pa\u015bkiewicz<\/p>\n\n\n\n<p>18.00 O zdrowie dla Stanis\u0142awy<\/p>\n\n\n\n<p>18.00 +Genowefa Bomba od Kazimierza i Joanny Janik<\/p>\n\n\n\n<p><strong>\u015aroda 13 marca<\/strong><\/p>\n\n\n\n<p>7.00 +Teodor Kotula od wnuka Jacka<\/p>\n\n\n\n<p>7.00 +Julia, W\u0142adys\u0142aw, ++ z rodziny<\/p>\n\n\n\n<p>7.00 +Ma\u0142gorzata B\u0142ahuta od rodziny Raczak\u00f3w<\/p>\n\n\n\n<p>18.00 +Zofia Pr\u0119dka (1 rocz.) od c\u00f3rki Danuty z rodzin\u0105<\/p>\n\n\n\n<p>18.00 +J\u00f3zef G\u0142odowski od c\u00f3rki Bo\u017ceny z m\u0119\u017cem<\/p>\n\n\n\n<p><strong>Czwartek 14 marca<\/strong><\/p>\n\n\n\n<p>7.00 +Maria Warzocha, ++ z rodziny<\/p>\n\n\n\n<p>7.00 +Ma\u0142gorzata B\u0142ahuta od Natalii z m\u0119\u017cem<\/p>\n\n\n\n<p>18.00 +Helena, Jan Dudek<\/p>\n\n\n\n<p>18.00 +Pawe\u0142, Stanis\u0142aw Jopek<\/p>\n\n\n\n<p>18.00 +Stanis\u0142awa Zarzyna od syn\u00f3w Rafa\u0142a i Adama<\/p>\n\n\n\n<p><strong>Pi\u0105tek 15 marca<\/strong><\/p>\n\n\n\n<p>7.00 +J\u00f3zef G\u0142odowski od Gra\u017cyny i Tomasza Pyra<\/p>\n\n\n\n<p>7.00 +Stanis\u0142awa Zarzyna od rodziny Chuchla<\/p>\n\n\n\n<p>18.00 +Maria, W\u0142adys\u0142aw Go\u015b, ++ z rodziny<\/p>\n\n\n\n<p>18.00 +Piotr Ko\u015bciak (23 rocz.), Zofia, Apolonia, W\u0142adys\u0142aw, ++ z rodziny<\/p>\n\n\n\n<p>18.00 +Genowefa Kotula od rodziny Koc\u00f3j<\/p>\n\n\n\n<p><strong>Sobota 16 marca<\/strong><\/p>\n\n\n\n<p>7.00 +Ma\u0142gorzata B\u0142ahuta od rodziny Kap\u0142on\u00f3w<\/p>\n\n\n\n<p>7.00 +Teodor Kotula od Renaty i Tomasza Gutkowskich<\/p>\n\n\n\n<p>18.00 +Wies\u0142aw, Janusz, \u0141ukasz Pa\u015bko, Helena, Antoni Borowiec<\/p>\n\n\n\n<p>*+J\u00f3zef G\u0142odowski id rodziny Borowiec (ks. Micha\u0142 poza parafi\u0105)<\/p>\n\n\n\n<p><strong>Niedziela 17 marca<\/strong><\/p>\n\n\n\n<p>7.00 +Zbigniew Obara<\/p>\n\n\n\n<p>9.00 +J\u00f3zef, Maria Bury<\/p>\n\n\n\n<p>10.30 +Maria, J\u00f3zef Rzeszutko<\/p>\n\n\n\n<p>12.00 Za parafian \u017cywych i zmar\u0142ych<\/p>\n\n\n\n<p>16.00 +Stanis\u0142aw, Stanis\u0142awa Misztal, Krystyna Szyd\u0142owska<\/p>\n\n\n\n<p>18.00 +J\u00f3zef Wojtowicz<\/p>\n","protected":false},"excerpt":{"rendered":"<p>&#8230;<\/p>\n","protected":false},"author":1,"featured_media":7644,"comment_status":"closed","ping_status":"open","sticky":false,"template":"","format":"standard","meta":{"ngg_post_thumbnail":0,"footnotes":""},"categories":[4,25,13],"tags":[],"class_list":["post-9506","post","type-post","status-publish","format-standard","has-post-thumbnail","hentry","category-intencje","category-news","category-newsy"],"_links":{"self":[{"href":"https:\/\/mbsniezna.rzeszow.pl\/index.php\/wp-json\/wp\/v2\/posts\/9506","targetHints":{"allow":["GET"]}}],"collection":[{"href":"https:\/\/mbsniezna.rzeszow.pl\/index.php\/wp-json\/wp\/v2\/posts"}],"about":[{"href":"https:\/\/mbsniezna.rzeszow.pl\/index.php\/wp-json\/wp\/v2\/types\/post"}],"author":[{"embeddable":true,"href":"https:\/\/mbsniezna.rzeszow.pl\/index.php\/wp-json\/wp\/v2\/users\/1"}],"replies":[{"embeddable":true,"href":"https:\/\/mbsniezna.rzeszow.pl\/index.php\/wp-json\/wp\/v2\/comments?post=9506"}],"version-history":[{"count":1,"href":"https:\/\/mbsniezna.rzeszow.pl\/index.php\/wp-json\/wp\/v2\/posts\/9506\/revisions"}],"predecessor-version":[{"id":9507,"href":"https:\/\/mbsniezna.rzeszow.pl\/index.php\/wp-json\/wp\/v2\/posts\/9506\/revisions\/9507"}],"wp:featuredmedia":[{"embeddable":true,"href":"https:\/\/mbsniezna.rzeszow.pl\/index.php\/wp-json\/wp\/v2\/media\/7644"}],"wp:attachment":[{"href":"https:\/\/mbsniezna.rzeszow.pl\/index.php\/wp-json\/wp\/v2\/media?parent=9506"}],"wp:term":[{"taxonomy":"category","embeddable":true,"href":"https:\/\/mbsniezna.rzeszow.pl\/index.php\/wp-json\/wp\/v2\/categories?post=9506"},{"taxonomy":"post_tag","embeddable":true,"href":"https:\/\/mbsniezna.rzeszow.pl\/index.php\/wp-json\/wp\/v2\/tags?post=9506"}],"curies":[{"name":"wp","href":"https:\/\/api.w.org\/{rel}","templated":true}]}}