{"id":9511,"date":"2024-03-16T20:37:15","date_gmt":"2024-03-16T19:37:15","guid":{"rendered":"https:\/\/mbsniezna.rzeszow.pl\/?p=9511"},"modified":"2024-03-16T20:37:15","modified_gmt":"2024-03-16T19:37:15","slug":"intencje-mszalne-18-24-marca-2024-r","status":"publish","type":"post","link":"https:\/\/mbsniezna.rzeszow.pl\/index.php\/2024\/03\/16\/intencje-mszalne-18-24-marca-2024-r\/","title":{"rendered":"INTENCJE MSZALNE 18 \u2013 24 MARCA 2024 R."},"content":{"rendered":"\n<p><strong>Poniedzia\u0142ek 18 marca<\/strong><\/p>\n\n\n\n<p>7.00 +Teodor Kotula od Stefanii i Tadeusza Lasota<\/p>\n\n\n\n<p>7.00 +Ma\u0142gorzata B\u0142ahuta od Marii Pa\u0142ka<\/p>\n\n\n\n<p>7.00 +Stanis\u0142awa Zarzyna od Doroty Go\u015b<\/p>\n\n\n\n<p>9.00 +J\u00f3zef G\u0142odowski od Marii Wac\u0142awek<\/p>\n\n\n\n<p>18.00 +Jan, Maria Pa\u015bkiewicz<\/p>\n\n\n\n<p>18.00 +Stanis\u0142awa Zarzyna od Ewy i Marka Bem<\/p>\n\n\n\n<p>18.00 +Genowefa Bomba od Barbary<\/p>\n\n\n\n<p><strong>Wtorek 19 marca<\/strong><\/p>\n\n\n\n<p>7.00 +J\u00f3zef, Maria Cenkar<\/p>\n\n\n\n<p>7.00 +J\u00f3zef Kom\u00f3rek<\/p>\n\n\n\n<p>9.00 +Ma\u0142gorzata B\u0142ahuta od rodziny G\u0142odowskich<\/p>\n\n\n\n<p>18.00 +J\u00f3zef, Wiktoria Borowiec<\/p>\n\n\n\n<p>18.00 +Bogdan, J\u00f3zef Szcz\u0119ch, Augustyn Mazur<\/p>\n\n\n\n<p>18.00 +J\u00f3zef G\u0142odowski od c\u00f3rki Ma\u0142gorzaty z rodzin\u0105<\/p>\n\n\n\n<p><strong>\u015aroda 20 marca<\/strong><\/p>\n\n\n\n<p>7.00 +Zofia, Adam Wnuk<\/p>\n\n\n\n<p>7.00 +Genowefa Bomba od s\u0105siad\u00f3w Klimowicz\u00f3w (koniec Mszy pogrzebowych)<\/p>\n\n\n\n<p>7.00 +Teodor Kotula od Danuty Ferenc<\/p>\n\n\n\n<p>9.00 +J\u00f3zef G\u0142odowski od s\u0105siad\u00f3w Krystyny i Stanis\u0142awa Bomba<\/p>\n\n\n\n<p>18.00 +Anna Sok\u00f3\u0142, ++ z rodziny<\/p>\n\n\n\n<p>18.00 +Leszek Pi\u0119ta (14 rocz.), Franciszek, Aleksandra Pi\u0119ta<\/p>\n\n\n\n<p>18.00 +Stanis\u0142awa Zarzyna od Urszuli i Romana Kalandyk<\/p>\n\n\n\n<p><strong>Czwartek 21 marca<\/strong><\/p>\n\n\n\n<p>7.00 +Anna Kyc od dyrekcji i pracownik\u00f3w Zespo\u0142u Szkolno-Przedszkolnego w Budziwoju<\/p>\n\n\n\n<p>7.00 +Teodor Kotula od kuzyna Zdzis\u0142awa Kotula<\/p>\n\n\n\n<p>7.00 +Ma\u0142gorzata B\u0142ahuta od rodziny Pa\u015bk\u00f3w<\/p>\n\n\n\n<p>18.00 +J\u00f3zef, Stanis\u0142aw Naw\u00f3j<\/p>\n\n\n\n<p>18.00 +J\u00f3zef Jacek<\/p>\n\n\n\n<p><strong>Pi\u0105tek 22 marca<\/strong><\/p>\n\n\n\n<p>7.00 +J\u00f3zef, Julia Chmiel<\/p>\n\n\n\n<p>7.00 +Stanis\u0142awa Zarzyna od rodziny Kukla<\/p>\n\n\n\n<p>18.00 O zdrowie i b\u0142ogos\u0142awie\u0144stwo Bo\u017ce dla J\u00f3zefa<\/p>\n\n\n\n<p>18.00 +Julia, Jan, Stanis\u0142aw Szczoczarz<\/p>\n\n\n\n<p><strong>Sobota 23 marca<\/strong><\/p>\n\n\n\n<p>7.00 +Zofia Stachurska<\/p>\n\n\n\n<p>7.00 +J\u00f3zef G\u0142odowski od c\u00f3rki Bo\u017ceny z m\u0119\u017cem<\/p>\n\n\n\n<p>18.00 +Stanis\u0142aw Michalski (9 rocz.)<\/p>\n\n\n\n<p>18.00 +Franciszek, Stanis\u0142awa, Danuta Hajnosz<\/p>\n\n\n\n<p><strong>Niedziela 24 marca<\/strong><\/p>\n\n\n\n<p>7.00 +Maria, Kazimierz, Anna, Tadeusz Domini<\/p>\n\n\n\n<p>9.00 +Tadeusz Pr\u0119dki (40 rocz.), Katarzyna od c\u00f3rki Danuty z rodzin\u0105<\/p>\n\n\n\n<p>9.00 +Mariusz Bursztyn<\/p>\n\n\n\n<p>10.30 O Bo\u017ce b\u0142ogos\u0142awie\u0144stwo i dary Ducha \u015awi\u0119tego dla Bartosza w 18 urodziny<\/p>\n\n\n\n<p>10.30 +Antonina, Marcin, Maria Tondera<\/p>\n\n\n\n<p>16.00 +Czes\u0142awa (3 rocz.), W\u0142adys\u0142aw Szwed<\/p>\n\n\n\n<p>18.00 +Leon Pitera (34 rocz.)<\/p>\n","protected":false},"excerpt":{"rendered":"<p>&#8230;<\/p>\n","protected":false},"author":1,"featured_media":7640,"comment_status":"closed","ping_status":"open","sticky":false,"template":"","format":"standard","meta":{"ngg_post_thumbnail":0,"footnotes":""},"categories":[4,25,13],"tags":[],"class_list":["post-9511","post","type-post","status-publish","format-standard","has-post-thumbnail","hentry","category-intencje","category-news","category-newsy"],"_links":{"self":[{"href":"https:\/\/mbsniezna.rzeszow.pl\/index.php\/wp-json\/wp\/v2\/posts\/9511","targetHints":{"allow":["GET"]}}],"collection":[{"href":"https:\/\/mbsniezna.rzeszow.pl\/index.php\/wp-json\/wp\/v2\/posts"}],"about":[{"href":"https:\/\/mbsniezna.rzeszow.pl\/index.php\/wp-json\/wp\/v2\/types\/post"}],"author":[{"embeddable":true,"href":"https:\/\/mbsniezna.rzeszow.pl\/index.php\/wp-json\/wp\/v2\/users\/1"}],"replies":[{"embeddable":true,"href":"https:\/\/mbsniezna.rzeszow.pl\/index.php\/wp-json\/wp\/v2\/comments?post=9511"}],"version-history":[{"count":1,"href":"https:\/\/mbsniezna.rzeszow.pl\/index.php\/wp-json\/wp\/v2\/posts\/9511\/revisions"}],"predecessor-version":[{"id":9512,"href":"https:\/\/mbsniezna.rzeszow.pl\/index.php\/wp-json\/wp\/v2\/posts\/9511\/revisions\/9512"}],"wp:featuredmedia":[{"embeddable":true,"href":"https:\/\/mbsniezna.rzeszow.pl\/index.php\/wp-json\/wp\/v2\/media\/7640"}],"wp:attachment":[{"href":"https:\/\/mbsniezna.rzeszow.pl\/index.php\/wp-json\/wp\/v2\/media?parent=9511"}],"wp:term":[{"taxonomy":"category","embeddable":true,"href":"https:\/\/mbsniezna.rzeszow.pl\/index.php\/wp-json\/wp\/v2\/categories?post=9511"},{"taxonomy":"post_tag","embeddable":true,"href":"https:\/\/mbsniezna.rzeszow.pl\/index.php\/wp-json\/wp\/v2\/tags?post=9511"}],"curies":[{"name":"wp","href":"https:\/\/api.w.org\/{rel}","templated":true}]}}