{"id":9518,"date":"2024-03-23T21:10:20","date_gmt":"2024-03-23T20:10:20","guid":{"rendered":"https:\/\/mbsniezna.rzeszow.pl\/?p=9518"},"modified":"2024-03-23T21:10:20","modified_gmt":"2024-03-23T20:10:20","slug":"intencje-mszalne-24-31-marca-2024-r","status":"publish","type":"post","link":"https:\/\/mbsniezna.rzeszow.pl\/index.php\/2024\/03\/23\/intencje-mszalne-24-31-marca-2024-r\/","title":{"rendered":"INTENCJE MSZALNE 24 \u2013 31 MARCA 2024 R."},"content":{"rendered":"\n<p><strong>Wielki Poniedzia\u0142ek 25 marca<\/strong><\/p>\n\n\n\n<p>7.00 +Teodor Kotula od Aldony i Marcina Gil<\/p>\n\n\n\n<p>7.00 +Ma\u0142gorzata B\u0142ahuta od Jolanty Wilk z rodzin\u0105<\/p>\n\n\n\n<p>7.00 +Stanis\u0142awa Zarzyna od wnuczki Agnieszki z rodzin\u0105<\/p>\n\n\n\n<p>18.00 +J\u00f3zefa Kuc, J\u00f3zef, Czes\u0142awa Burdasz<\/p>\n\n\n\n<p><strong>Wielki Wtorek 26 marca<\/strong><\/p>\n\n\n\n<p>7.00 +J\u00f3zef G\u0142odowski od synowej Beaty z rodzin\u0105<\/p>\n\n\n\n<p>7.00 +Ma\u0142gorzata B\u0142ahuta od Krystyny B\u0142o\u0144skiej z rodzin\u0105<\/p>\n\n\n\n<p>7.00 +Teodor Kotula od wnuka S\u0142awomira<\/p>\n\n\n\n<p>18.00 +Helena Majcher (9 rocz.)<\/p>\n\n\n\n<p><strong>Wielka \u015aroda 27 marca<\/strong><\/p>\n\n\n\n<p>7.00 +Wojciech Ko\u0142odziej<\/p>\n\n\n\n<p>7.00 +Stanis\u0142awa Zarzyna od rodziny Chuchla-Morycz<\/p>\n\n\n\n<p>7.00 +J\u00f3zef G\u0142odowski od rodziny Pr\u0119dkich<\/p>\n\n\n\n<p>18.00 +Teodozja Majcher (8 rocz.)<\/p>\n\n\n\n<p><strong>Wielki Czwartek 28 marca<\/strong><\/p>\n\n\n\n<p>18.00 Dzi\u0119kczynna za dar Eucharystii i Kap\u0142a\u0144stwa<\/p>\n\n\n\n<p>18.00 +Zofia, Edward \u017bmuda<\/p>\n\n\n\n<p>18.00 +Janina, Wac\u0142aw, Kazimierz, Stefan Pr\u0119dki<\/p>\n\n\n\n<p><strong>Wielka Sobota 30 marca<\/strong><\/p>\n\n\n\n<p>19.00 +Janina, Marian, o. Adam Kotula<\/p>\n\n\n\n<p>19.00 +J\u00f3zef G\u0142odowski od c\u00f3rki Ma\u0142gorzaty z rodzin\u0105<\/p>\n\n\n\n<p>19.00 +Ma\u0142gorzata B\u0142ahuta od kuzyna Grzegorza z rodzin\u0105<\/p>\n\n\n\n<p><strong>Wielka Niedziela \u2013 Uroczysto\u015b\u0107 Zmartwychwstania Pa\u0144skiego 31 marca<\/strong><\/p>\n\n\n\n<p>6.00 Za parafian \u017cywych i zmar\u0142ych<\/p>\n\n\n\n<p>6.00&nbsp; Dzi\u0119kczynna i o Bo\u017ce b\u0142ogos\u0142awie\u0144stwo dla Jana Ziemby w 70 urodziny<\/p>\n\n\n\n<p>6.00 +Aleksandra, Antoni G\u0142odowscy<\/p>\n\n\n\n<p>9.00 +Andrzej Pa\u0142ka<\/p>\n\n\n\n<p>12.00 +Jan Szeremeta (3 rocz.) od c\u00f3rek z rodzinami<\/p>\n\n\n\n<p>16.00 +Helena, Kazimierz Chrobak<\/p>\n\n\n\n<p>18.00 +Teodor Kotula od Marii i Antoniego Chuchla<\/p>\n","protected":false},"excerpt":{"rendered":"<p>&#8230;<\/p>\n","protected":false},"author":1,"featured_media":6793,"comment_status":"closed","ping_status":"open","sticky":false,"template":"","format":"standard","meta":{"ngg_post_thumbnail":0,"footnotes":""},"categories":[4,25,13],"tags":[],"class_list":["post-9518","post","type-post","status-publish","format-standard","has-post-thumbnail","hentry","category-intencje","category-news","category-newsy"],"_links":{"self":[{"href":"https:\/\/mbsniezna.rzeszow.pl\/index.php\/wp-json\/wp\/v2\/posts\/9518","targetHints":{"allow":["GET"]}}],"collection":[{"href":"https:\/\/mbsniezna.rzeszow.pl\/index.php\/wp-json\/wp\/v2\/posts"}],"about":[{"href":"https:\/\/mbsniezna.rzeszow.pl\/index.php\/wp-json\/wp\/v2\/types\/post"}],"author":[{"embeddable":true,"href":"https:\/\/mbsniezna.rzeszow.pl\/index.php\/wp-json\/wp\/v2\/users\/1"}],"replies":[{"embeddable":true,"href":"https:\/\/mbsniezna.rzeszow.pl\/index.php\/wp-json\/wp\/v2\/comments?post=9518"}],"version-history":[{"count":1,"href":"https:\/\/mbsniezna.rzeszow.pl\/index.php\/wp-json\/wp\/v2\/posts\/9518\/revisions"}],"predecessor-version":[{"id":9519,"href":"https:\/\/mbsniezna.rzeszow.pl\/index.php\/wp-json\/wp\/v2\/posts\/9518\/revisions\/9519"}],"wp:featuredmedia":[{"embeddable":true,"href":"https:\/\/mbsniezna.rzeszow.pl\/index.php\/wp-json\/wp\/v2\/media\/6793"}],"wp:attachment":[{"href":"https:\/\/mbsniezna.rzeszow.pl\/index.php\/wp-json\/wp\/v2\/media?parent=9518"}],"wp:term":[{"taxonomy":"category","embeddable":true,"href":"https:\/\/mbsniezna.rzeszow.pl\/index.php\/wp-json\/wp\/v2\/categories?post=9518"},{"taxonomy":"post_tag","embeddable":true,"href":"https:\/\/mbsniezna.rzeszow.pl\/index.php\/wp-json\/wp\/v2\/tags?post=9518"}],"curies":[{"name":"wp","href":"https:\/\/api.w.org\/{rel}","templated":true}]}}