{"id":9522,"date":"2024-03-30T23:56:10","date_gmt":"2024-03-30T22:56:10","guid":{"rendered":"https:\/\/mbsniezna.rzeszow.pl\/?p=9522"},"modified":"2024-03-30T23:56:10","modified_gmt":"2024-03-30T22:56:10","slug":"intencje-mszalne-1-7-kwietnia-2024-r","status":"publish","type":"post","link":"https:\/\/mbsniezna.rzeszow.pl\/index.php\/2024\/03\/30\/intencje-mszalne-1-7-kwietnia-2024-r\/","title":{"rendered":"INTENCJE MSZALNE 1 -7 kwietnia 2024 r."},"content":{"rendered":"\n<p><strong>Poniedzia\u0142ek Wielkanocny \u2013 1 kwietnia<\/strong><\/p>\n\n\n\n<p>7.00 +Mariusz \u015alemp<\/p>\n\n\n\n<p>9.00 O b\u0142ogos\u0142awie\u0144stwo Bo\u017ce dla stra\u017cak\u00f3w z jednostek OSP Budziw\u00f3j i OSP D\u0119bina i ich rodzin, za zmar\u0142ych stra\u017cak\u00f3w z tych jednostek<\/p>\n\n\n\n<p>9.00 O opiek\u0119 i Bo\u017ce b\u0142ogos\u0142awie\u0144stwo dla ca\u0142ej rodziny, a zw\u0142aszcza dla osoby Bogu wiadomej<\/p>\n\n\n\n<p>*+Pawe\u0142 G\u0142owiak (1) \u2013 rozpocz\u0119cie Mszy gregoria\u0144skich w J\u0119drzejowie<\/p>\n\n\n\n<p>10.30 O Bo\u017ce b\u0142ogos\u0142awie\u0144stwo i opiek\u0119 Matki Bo\u017cej dla Mateusza w 18 urodziny od babci Lucyny<\/p>\n\n\n\n<p>12.00 Za parafian \u017cywych i zmar\u0142ych<\/p>\n\n\n\n<p>16.00 +Roman Pa\u0142ka (5 rocz.)<\/p>\n\n\n\n<p>18.00 +Anna Pitera (14 rocz.)<\/p>\n\n\n\n<p><strong>Wtorek \u2013 2 kwietnia<\/strong><\/p>\n\n\n\n<p>7.00 +Stanis\u0142aw, Maria Szczygie\u0142<\/p>\n\n\n\n<p>18.00 +Henryk Wojturski (7 rocz.)<\/p>\n\n\n\n<p>*+Pawe\u0142 G\u0142owiak (2)<\/p>\n\n\n\n<p><strong>\u015aroda \u2013 3 kwietnia<\/strong><\/p>\n\n\n\n<p>7.00 +J\u00f3zef G\u0142odowski od Romana Warzyboka z rodzin\u0105<\/p>\n\n\n\n<p>18.00 +Adam Gawe\u0142 (15 rocz.)<\/p>\n\n\n\n<p>*+Pawe\u0142 G\u0142owiak (3)<\/p>\n\n\n\n<p><strong>Czwartek \u2013 4 kwietnia<\/strong><\/p>\n\n\n\n<p>7.00 +Teodor Kotula od Wies\u0142awa Stachurskiego i Barbary<\/p>\n\n\n\n<p>7.00 +Ma\u0142gorzata B\u0142ahuta od Rajmunda B\u0142o\u0144skiego z rodzin\u0105<\/p>\n\n\n\n<p>7.00 +Stanis\u0142awa Zarzyna od Heleny Goryl z rodzin\u0105<\/p>\n\n\n\n<p>18.00 +Marek Grzelak (1 rocz.)<\/p>\n\n\n\n<p>18.00 +J\u00f3zef G\u0142odowski od wnuczek Karoliny i Klaudii<\/p>\n\n\n\n<p>*+Pawe\u0142 G\u0142owiak (4)<\/p>\n\n\n\n<p><strong>Pi\u0105tek \u2013 5 kwietnia<\/strong><\/p>\n\n\n\n<p>7.00 +Stanis\u0142awa Zarzyna od rodziny Sysolak\u00f3w<\/p>\n\n\n\n<p>7.00 +J\u00f3zef G\u0142odowski od synowej Beaty<\/p>\n\n\n\n<p>18.00 +Stanis\u0142aw Kotula (7 rocz.), Eugenia, Janusz<\/p>\n\n\n\n<p>*+Pawe\u0142 G\u0142owiak (5)<\/p>\n\n\n\n<p><strong>Sobota \u2013 6 kwietnia<\/strong><\/p>\n\n\n\n<p>7.00 Wynagradzaj\u0105ca za zniewagi wobec Niepokalanego Serca NMP<\/p>\n\n\n\n<p>7.00 +J\u00f3zef G\u0142odowski od c\u00f3rki Moniki z rodzin\u0105<\/p>\n\n\n\n<p>7.00 +Ma\u0142gorzata B\u0142ahuta id rodzin Kawa i Dworak<\/p>\n\n\n\n<p>18.00 +Emilia, Franciszek O\u017cy\u0142o, ++ z rodziny<\/p>\n\n\n\n<p>18.00 +Stanis\u0142awa Zarzyna od Zespo\u0142u Budziwojce (zako\u0144czenie Mszy pogrzebowych)<\/p>\n\n\n\n<p>*+Pawe\u0142 G\u0142owiak (6)<\/p>\n\n\n\n<p><strong>Niedziela Mi\u0142osierdzia \u2013 7 kwietnia<\/strong><\/p>\n\n\n\n<p>7.00 +Krystyna Mazur (7 rocz.), ++ z rodziny<\/p>\n\n\n\n<p>9.00 Dzi\u0119kczynna i o Bo\u017ce b\u0142ogos\u0142awie\u0144stwo, opiek\u0119 Matki Bo\u017cej i \u015bw. Szarbela i o zdrowie dla Mateusza w 18 urodziny<\/p>\n\n\n\n<p>*+Pawe\u0142 G\u0142owiak (7)<\/p>\n\n\n\n<p>10.30 +Stefan Rzeszutko<\/p>\n\n\n\n<p>12.00 Za parafian \u017cywych i zmar\u0142ych<\/p>\n\n\n\n<p>16.00 +Bronis\u0142aw, Gra\u017cyna Syno\u015b<\/p>\n\n\n\n<p>18.00 +Zofia Pa\u015bko (30 rocz.)<\/p>\n","protected":false},"excerpt":{"rendered":"<p>&#8230;<\/p>\n","protected":false},"author":1,"featured_media":6845,"comment_status":"closed","ping_status":"open","sticky":false,"template":"","format":"standard","meta":{"ngg_post_thumbnail":0,"footnotes":""},"categories":[4,25,13],"tags":[],"class_list":["post-9522","post","type-post","status-publish","format-standard","has-post-thumbnail","hentry","category-intencje","category-news","category-newsy"],"_links":{"self":[{"href":"https:\/\/mbsniezna.rzeszow.pl\/index.php\/wp-json\/wp\/v2\/posts\/9522","targetHints":{"allow":["GET"]}}],"collection":[{"href":"https:\/\/mbsniezna.rzeszow.pl\/index.php\/wp-json\/wp\/v2\/posts"}],"about":[{"href":"https:\/\/mbsniezna.rzeszow.pl\/index.php\/wp-json\/wp\/v2\/types\/post"}],"author":[{"embeddable":true,"href":"https:\/\/mbsniezna.rzeszow.pl\/index.php\/wp-json\/wp\/v2\/users\/1"}],"replies":[{"embeddable":true,"href":"https:\/\/mbsniezna.rzeszow.pl\/index.php\/wp-json\/wp\/v2\/comments?post=9522"}],"version-history":[{"count":1,"href":"https:\/\/mbsniezna.rzeszow.pl\/index.php\/wp-json\/wp\/v2\/posts\/9522\/revisions"}],"predecessor-version":[{"id":9523,"href":"https:\/\/mbsniezna.rzeszow.pl\/index.php\/wp-json\/wp\/v2\/posts\/9522\/revisions\/9523"}],"wp:featuredmedia":[{"embeddable":true,"href":"https:\/\/mbsniezna.rzeszow.pl\/index.php\/wp-json\/wp\/v2\/media\/6845"}],"wp:attachment":[{"href":"https:\/\/mbsniezna.rzeszow.pl\/index.php\/wp-json\/wp\/v2\/media?parent=9522"}],"wp:term":[{"taxonomy":"category","embeddable":true,"href":"https:\/\/mbsniezna.rzeszow.pl\/index.php\/wp-json\/wp\/v2\/categories?post=9522"},{"taxonomy":"post_tag","embeddable":true,"href":"https:\/\/mbsniezna.rzeszow.pl\/index.php\/wp-json\/wp\/v2\/tags?post=9522"}],"curies":[{"name":"wp","href":"https:\/\/api.w.org\/{rel}","templated":true}]}}