{"id":9533,"date":"2024-04-13T22:47:16","date_gmt":"2024-04-13T20:47:16","guid":{"rendered":"https:\/\/mbsniezna.rzeszow.pl\/?p=9533"},"modified":"2024-04-13T22:47:16","modified_gmt":"2024-04-13T20:47:16","slug":"iii-niedziela-wielkanocna-14-kwietnia-2024-r","status":"publish","type":"post","link":"https:\/\/mbsniezna.rzeszow.pl\/index.php\/2024\/04\/13\/iii-niedziela-wielkanocna-14-kwietnia-2024-r\/","title":{"rendered":"III NIEDZIELA WIELKANOCNA \u2013 14 KWIETNIA 2024 R."},"content":{"rendered":"\n<ol class=\"wp-block-list\">\n<li>Jutro nabo\u017ce\u0144stwo do b\u0142ogos\u0142awionej rodziny Ulm\u00f3w.<\/li>\n<\/ol>\n\n\n\n<ol class=\"wp-block-list\" start=\"2\">\n<li>Jutro po Mszy spotkanie formacyjne r\u00f3\u017cy Eugeniusza Nitki. Za tydzie\u0144 prosimy r\u00f3\u017c\u0119 Olgi Kotula.<\/li>\n<\/ol>\n\n\n\n<ol class=\"wp-block-list\" start=\"3\">\n<li>We wtorek nabo\u017ce\u0144stwo do \u015bw. Antoniego.<\/li>\n<\/ol>\n\n\n\n<ol class=\"wp-block-list\" start=\"4\">\n<li>We wtorek o 19.00 w salce pod ko\u015bcio\u0142em katecheza dla doros\u0142ych.<\/li>\n<\/ol>\n\n\n\n<ol class=\"wp-block-list\" start=\"5\">\n<li>We \u015brod\u0119 Nowenna do Matki Bo\u017cej \u015anie\u017cnej.<\/li>\n<\/ol>\n\n\n\n<ol class=\"wp-block-list\" start=\"6\">\n<li>W czwartek w godzinach od 10.15 do 12.15 w rejonie skrzy\u017cowania ulic Budziwojskiej i Podle\u015bnej bezp\u0142atna zbi\u00f3rka odpad\u00f3w niebezpiecznych.<\/li>\n<\/ol>\n\n\n\n<ol class=\"wp-block-list\" start=\"7\">\n<li>We czwartek od 17.15 adoracja i mo\u017cliwo\u015b\u0107 spowiedzi. O 19.00 zbi\u00f3rka wszystkich ministrant\u00f3w.<\/li>\n<\/ol>\n\n\n\n<ol class=\"wp-block-list\" start=\"8\">\n<li>W pi\u0105tek spotkania oazy \u2013 16.30 m\u0142odsza, 19.00 starsza.<\/li>\n<\/ol>\n\n\n\n<ol class=\"wp-block-list\" start=\"9\">\n<li>W pi\u0105tek kolejne nabo\u017ce\u0144stwo z cyklu \u201eOn przyni\u00f3s\u0142 nowe \u017cycie\u201d z katechez\u0105 i adoracj\u0105 o 19.30 na temat \u201eWzrok niewidomego \u2013 uzdrowiony Bartymeusz a uzdrowiony ja\u201d. Zapraszamy na modlitw\u0119 i\u00a0 wej\u015bcie w siebie w ciszy adoracji.<\/li>\n<\/ol>\n\n\n\n<ol class=\"wp-block-list\" start=\"10\">\n<li>W sobot\u0119 o 10.00 spotkanie scholii parafialnej.<\/li>\n<\/ol>\n\n\n\n<ol class=\"wp-block-list\" start=\"11\">\n<li>W przysz\u0142\u0105 niedziel\u0119 jest Niedziela Dobrego Pasterza \u2013 w naszej parafii dedykowana b\u0119dzie ona b\u0142. ks. Jerzemu Popie\u0142uszce, kt\u00f3rego 40 rocznic\u0119 m\u0119cze\u0144skiej \u015bmierci tego roku obchodzimy. Obecne b\u0119d\u0105 relikwie ks. Popie\u0142uszki. B\u0119dzie te\u017c wystawa zdj\u0119\u0107.<\/li>\n<\/ol>\n\n\n\n<ol class=\"wp-block-list\" start=\"12\">\n<li>B\u00f3g zap\u0142a\u0107 za ofiary na sprz\u0105tanie ko\u015bcio\u0142a. W tym tygodniu prosimy rodziny z ul. Herbowej \u2013 numery parzyste od 40 do 72t: 40, 52, 54, 56, 66, 68, 72g, 72h, 72j, 72k, 72l, 72m, 72n, 72o, 72u, 72s, 72t.<\/li>\n<\/ol>\n\n\n\n<ol class=\"wp-block-list\" start=\"13\">\n<li>Zapowiedzi: Tomasz Cisek i Ewelina \u015awider, Mateusz Skoczylas i Natalia Kukla, Marcin Rog\u00f3\u017c i Karolina Kruk.<\/li>\n<\/ol>\n\n\n\n<ol class=\"wp-block-list\" start=\"14\">\n<li>Dzi\u0119kujemy za dzisiejsze \u015bwiadectwo rodzin z Domowego Ko\u015bcio\u0142a, kt\u00f3re podzieli\u0142y si\u0119 cz\u0105stk\u0105 swego \u017cycia \u2013 \u017cycia wiar\u0105 i Ewangeli\u0105 we w\u0142asnych rodzinach wed\u0142ug charyzmatu Domowego Ko\u015bcio\u0142a. Widzimy, \u017ce warto chcie\u0107 zaanga\u017cowa\u0107 si\u0119 we wsp\u00f3lnot\u0119 w\u0142asnej rodziny. Dlatego zapraszamy ch\u0119tne rodziny do w\u0142\u0105czenia si\u0119 w Kr\u0105g Domowego Ko\u015bcio\u0142a. O szczeg\u00f3\u0142y mo\u017cna pyta\u0107 ks. Micha\u0142a i ks. Szymona.<\/li>\n<\/ol>\n\n\n\n<ol class=\"wp-block-list\" start=\"15\">\n<li>W dniu 1 maja zapraszamy na parafialn\u0105 pielgrzymk\u0119 na trasie Sulis\u0142awice \u2013 sanktuarium Matki Bo\u017cej Bolesnej, Klimont\u00f3w i Koprzywnica w kt\u00f3rych znajduj\u0105 si\u0119 zabytkowe \u015bwi\u0105tynie. Wyjazd o 7.00, koszt 110 z\u0142 \u2013 w cenie: autokar, przewodnicy, obiad 2-daniowy. Zapisy od dzisiaj w zakrystii. Na FB s\u0105 prezentowane materia\u0142y o miejscach, kt\u00f3re nawiedzimy.<\/li>\n<\/ol>\n\n\n\n<ol class=\"wp-block-list\" start=\"16\">\n<li>Dzisiaj jest zbi\u00f3rka do puszek na wsparcie Hospicjum dla Dzieci w Rzeszowie. Wolontariusze oczekuj\u0105 na nas przed ko\u015bcio\u0142em.<\/li>\n<\/ol>\n","protected":false},"excerpt":{"rendered":"<p>&#8230;<\/p>\n","protected":false},"author":1,"featured_media":7717,"comment_status":"closed","ping_status":"open","sticky":false,"template":"","format":"standard","meta":{"ngg_post_thumbnail":0,"footnotes":""},"categories":[25,13,14],"tags":[],"class_list":["post-9533","post","type-post","status-publish","format-standard","has-post-thumbnail","hentry","category-news","category-newsy","category-ogloszenia_duszp"],"_links":{"self":[{"href":"https:\/\/mbsniezna.rzeszow.pl\/index.php\/wp-json\/wp\/v2\/posts\/9533","targetHints":{"allow":["GET"]}}],"collection":[{"href":"https:\/\/mbsniezna.rzeszow.pl\/index.php\/wp-json\/wp\/v2\/posts"}],"about":[{"href":"https:\/\/mbsniezna.rzeszow.pl\/index.php\/wp-json\/wp\/v2\/types\/post"}],"author":[{"embeddable":true,"href":"https:\/\/mbsniezna.rzeszow.pl\/index.php\/wp-json\/wp\/v2\/users\/1"}],"replies":[{"embeddable":true,"href":"https:\/\/mbsniezna.rzeszow.pl\/index.php\/wp-json\/wp\/v2\/comments?post=9533"}],"version-history":[{"count":1,"href":"https:\/\/mbsniezna.rzeszow.pl\/index.php\/wp-json\/wp\/v2\/posts\/9533\/revisions"}],"predecessor-version":[{"id":9534,"href":"https:\/\/mbsniezna.rzeszow.pl\/index.php\/wp-json\/wp\/v2\/posts\/9533\/revisions\/9534"}],"wp:featuredmedia":[{"embeddable":true,"href":"https:\/\/mbsniezna.rzeszow.pl\/index.php\/wp-json\/wp\/v2\/media\/7717"}],"wp:attachment":[{"href":"https:\/\/mbsniezna.rzeszow.pl\/index.php\/wp-json\/wp\/v2\/media?parent=9533"}],"wp:term":[{"taxonomy":"category","embeddable":true,"href":"https:\/\/mbsniezna.rzeszow.pl\/index.php\/wp-json\/wp\/v2\/categories?post=9533"},{"taxonomy":"post_tag","embeddable":true,"href":"https:\/\/mbsniezna.rzeszow.pl\/index.php\/wp-json\/wp\/v2\/tags?post=9533"}],"curies":[{"name":"wp","href":"https:\/\/api.w.org\/{rel}","templated":true}]}}