{"id":9544,"date":"2024-04-28T00:26:27","date_gmt":"2024-04-27T22:26:27","guid":{"rendered":"https:\/\/mbsniezna.rzeszow.pl\/?p=9544"},"modified":"2024-04-28T00:26:27","modified_gmt":"2024-04-27T22:26:27","slug":"intencje-mszalne-29-04-5-05-2024-r","status":"publish","type":"post","link":"https:\/\/mbsniezna.rzeszow.pl\/index.php\/2024\/04\/28\/intencje-mszalne-29-04-5-05-2024-r\/","title":{"rendered":"INTENCJE MSZALNE 29.04 \u2013 5.05.2024 R."},"content":{"rendered":"\n<p><strong>Poniedzia\u0142ek 29 kwietnia<\/strong><\/p>\n\n\n\n<p>7.00 +J\u00f3zef G\u0142odowski od Krystyny i Mariana Kaczor z rodzin\u0105<\/p>\n\n\n\n<p>7.00 +Alina G\u0142odowska od rodziny Flork\u00f3w<\/p>\n\n\n\n<p>18.00 ++Augustyn Mazur, Jerzy Pasierb<\/p>\n\n\n\n<p>18.00 +Robert R\u0105czka od s\u0105siad\u00f3w z Alei Kwiatowej<\/p>\n\n\n\n<p>*+Pawe\u0142 G\u0142owiak (29)<\/p>\n\n\n\n<p><strong>Wtorek 30 kwietnia<\/strong><\/p>\n\n\n\n<p>7.00 +Zygmunt Dara\u017c (10 rocz.)<\/p>\n\n\n\n<p>7.00 +J\u00f3zef G\u0142odowski id chrzestnej z rodzin\u0105<\/p>\n\n\n\n<p>18.00 O szcz\u0119\u015bliwe rozwi\u0105zanie dla Kingi<\/p>\n\n\n\n<p>18.00 +Alina G\u0142odowska od kuzynki Anny Matu\u0142a z rodzin\u0105<\/p>\n\n\n\n<p>18.00 +Helena Biestek od c\u00f3rki Barbary<\/p>\n\n\n\n<p>*+Pawe\u0142 G\u0142owiak (30 \u2013 zako\u0144czenie Mszy gregoria\u0144skich)<\/p>\n\n\n\n<p><strong>\u015aroda 1 maja<\/strong><\/p>\n\n\n\n<p>7.00 +Joanna G\u0142odowska od c\u00f3rki Oli<\/p>\n\n\n\n<p>18.00 +Anna Ba\u0142aj<\/p>\n\n\n\n<p>18.00 +Eugenia Kotula od c\u00f3rki Anny<\/p>\n\n\n\n<p>*+J\u00f3zefa Huchla (1) \u2013 Tarnoszyn, *+Wiktoria Kotula (1) \u2013 J\u0119drzej\u00f3w, *+Stanis\u0142awa Lasota (1) -Mo\u0142dawia, *+Helena Ko\u015bci\u00f3\u0142ek (1) \u2013 RPA<\/p>\n\n\n\n<p><strong>Czwartek 2 maja<\/strong><\/p>\n\n\n\n<p>7.00 +Stanis\u0142aw Trojan (5 rocz.)<\/p>\n\n\n\n<p>7.00 +Mariusz T\u0142uczek od brata Jerzego<\/p>\n\n\n\n<p>18.00 +W\u0142adys\u0142aw Go\u015b (3 rocz.)<\/p>\n\n\n\n<p>18.00 +Maria, Leopold Warzocha<\/p>\n\n\n\n<p>18.00 +Tadeusz B\u0142o\u0144ski i ++ z rodziny<\/p>\n\n\n\n<p>*+J\u00f3zefa Huchla (2),&nbsp; *+Wiktoria Kotula (2), *+Stanis\u0142awa Lasota (2), *+Helena Ko\u015bci\u00f3\u0142ek (2)&nbsp;<\/p>\n\n\n\n<p><strong>Pi\u0105tek 3 maja \u2013 Uroczysto\u015b\u0107&nbsp; NMP Kr\u00f3lowej Polski<\/strong><\/p>\n\n\n\n<p>7.00 +W\u0142adys\u0142aw (3 rocz.), +Maria Go\u015b<\/p>\n\n\n\n<p>9.00 W intencji tegorocznych maturzyst\u00f3w o dary Ducha \u015awi\u0119tego na czas egzamin\u00f3w i o dobre rozeznanie \u017cyciowego powo\u0142ania<\/p>\n\n\n\n<p>9.00 ++Wies\u0142awa i Stanis\u0142aw Piekie\u0142ek, Gra\u017cyna Paluch<\/p>\n\n\n\n<p>*+J\u00f3zefa Huchla (3),&nbsp; *+Wiktoria Kotula (3), *+Stanis\u0142awa Lasota (3), *+Helena Ko\u015bci\u00f3\u0142ek (3)&nbsp;<\/p>\n\n\n\n<p>10.30 +Maria (11 rocz.), ++ z rodziny<\/p>\n\n\n\n<p>12.00 za parafian \u017cywych i zmar\u0142ych<\/p>\n\n\n\n<p>16.00 Wynagradzaj\u0105ca Naj\u015bwi\u0119tszemu Sercu Pana Jezusa od rodziny Pr\u0119dkich<\/p>\n\n\n\n<p>18.00 +Zofia, Alfred Pr\u0119dki<\/p>\n\n\n\n<p><strong>Sobota 4 maja<\/strong><\/p>\n\n\n\n<p>7.00 Wynagradzaj\u0105ca z zniewagi wobec Niepokalanego Serca NMP<\/p>\n\n\n\n<p>7.00 +Antoni Fornal od \u017cony Ma\u0142gorzaty<\/p>\n\n\n\n<p>7.00 +Zofia Borowiec od cioci Cesi<\/p>\n\n\n\n<p>18.00 O b\u0142ogos\u0142awie\u0144stwo Bo\u017ce, opiek\u0119 Matki Bo\u017cej \u015anie\u017cnej i o opiek\u0119 \u015bw. Floriana dla stra\u017cak\u00f3w i ich rodzin z jednostek OSP Budziw\u00f3j i OSP D\u0119bina oraz za zmar\u0142ych stra\u017cak\u00f3w z tych jednostek<\/p>\n\n\n\n<p>18.00 O b\u0142ogos\u0142awie\u0144stwo Bo\u017ce i dary Ducha \u015awi\u0119tego dla Micha\u0142a na czas egzamin\u00f3w maturalnych<\/p>\n\n\n\n<p>*+ Huchla (4),&nbsp; *+Wiktoria Kotula (4), *+Stanis\u0142awa Lasota (4), *+Helena Ko\u015bci\u00f3\u0142ek (4)&nbsp;<\/p>\n\n\n\n<p><strong>Niedziela 5 maja<\/strong><\/p>\n\n\n\n<p>7.00 O b\u0142ogos\u0142awie\u0144stwo Bo\u017ce dla si\u00f3str r\u00f3\u017ca\u0144cowych i ich ro0dzin z r\u00f3\u017cy Zofii Pa\u0142ka i za zmar\u0142e siostry z r\u00f3\u017cy<\/p>\n\n\n\n<p>9.00 O b\u0142ogos\u0142awie\u0144stwo Bo\u017ce dla Igora w 2 urodziny<\/p>\n\n\n\n<p>*+J\u00f3zefa Huchla (5),&nbsp; *+Wiktoria Kotula (5), *+Stanis\u0142awa Lasota (5), *+Helena Ko\u015bci\u00f3\u0142ek (5)&nbsp;<\/p>\n\n\n\n<p>10.30 +Stanis\u0142aw, Anna Dudek<\/p>\n\n\n\n<p>12.00 Za parafian \u017cywych i zmar\u0142ych<\/p>\n\n\n\n<p>16.00 +J\u00f3zefa Huchla (1 rocz.), ++ z rodziny<\/p>\n\n\n\n<p>18.00 +Grzegorz (rocz.)<\/p>\n","protected":false},"excerpt":{"rendered":"<p>&#8230;<\/p>\n","protected":false},"author":1,"featured_media":6928,"comment_status":"closed","ping_status":"open","sticky":false,"template":"","format":"standard","meta":{"ngg_post_thumbnail":0,"footnotes":""},"categories":[4,25,13],"tags":[],"class_list":["post-9544","post","type-post","status-publish","format-standard","has-post-thumbnail","hentry","category-intencje","category-news","category-newsy"],"_links":{"self":[{"href":"https:\/\/mbsniezna.rzeszow.pl\/index.php\/wp-json\/wp\/v2\/posts\/9544","targetHints":{"allow":["GET"]}}],"collection":[{"href":"https:\/\/mbsniezna.rzeszow.pl\/index.php\/wp-json\/wp\/v2\/posts"}],"about":[{"href":"https:\/\/mbsniezna.rzeszow.pl\/index.php\/wp-json\/wp\/v2\/types\/post"}],"author":[{"embeddable":true,"href":"https:\/\/mbsniezna.rzeszow.pl\/index.php\/wp-json\/wp\/v2\/users\/1"}],"replies":[{"embeddable":true,"href":"https:\/\/mbsniezna.rzeszow.pl\/index.php\/wp-json\/wp\/v2\/comments?post=9544"}],"version-history":[{"count":1,"href":"https:\/\/mbsniezna.rzeszow.pl\/index.php\/wp-json\/wp\/v2\/posts\/9544\/revisions"}],"predecessor-version":[{"id":9545,"href":"https:\/\/mbsniezna.rzeszow.pl\/index.php\/wp-json\/wp\/v2\/posts\/9544\/revisions\/9545"}],"wp:featuredmedia":[{"embeddable":true,"href":"https:\/\/mbsniezna.rzeszow.pl\/index.php\/wp-json\/wp\/v2\/media\/6928"}],"wp:attachment":[{"href":"https:\/\/mbsniezna.rzeszow.pl\/index.php\/wp-json\/wp\/v2\/media?parent=9544"}],"wp:term":[{"taxonomy":"category","embeddable":true,"href":"https:\/\/mbsniezna.rzeszow.pl\/index.php\/wp-json\/wp\/v2\/categories?post=9544"},{"taxonomy":"post_tag","embeddable":true,"href":"https:\/\/mbsniezna.rzeszow.pl\/index.php\/wp-json\/wp\/v2\/tags?post=9544"}],"curies":[{"name":"wp","href":"https:\/\/api.w.org\/{rel}","templated":true}]}}