{"id":9565,"date":"2024-06-02T06:42:47","date_gmt":"2024-06-02T04:42:47","guid":{"rendered":"https:\/\/mbsniezna.rzeszow.pl\/?p=9565"},"modified":"2024-06-02T06:42:47","modified_gmt":"2024-06-02T04:42:47","slug":"intencje-mszalne-3-9-06-2024-r","status":"publish","type":"post","link":"https:\/\/mbsniezna.rzeszow.pl\/index.php\/2024\/06\/02\/intencje-mszalne-3-9-06-2024-r\/","title":{"rendered":"INTENCJE MSZALNE 3 \u2013 9.06.2024 R."},"content":{"rendered":"\n<p><strong>Poniedzia\u0142ek 3 czerwca<\/strong><\/p>\n\n\n\n<p>7.00 +W\u0142adys\u0142aw G\u0142odowski<\/p>\n\n\n\n<p>7.00 +Joanna G\u0142odowska od Marzeny z rodzin\u0105<\/p>\n\n\n\n<p>18.00 +Szczepan Chmiel<\/p>\n\n\n\n<p>18.00 +J\u00f3zef Kotula (10 rocz.)<\/p>\n\n\n\n<p>*+Alina G\u0142odowska od Ma\u0142gorzaty i Mariana Florek (RPA)<\/p>\n\n\n\n<p>*+Waldemar Matejek (3), +Jerzy Krzto\u0144 (3), Henryk Sie\u0144ko (3), Helena Biestek (3)<\/p>\n\n\n\n<p><strong>Wtorek 4 czerwca<\/strong><\/p>\n\n\n\n<p>7.00 +Krzysztof<\/p>\n\n\n\n<p>7.00 +Eugenia Kotula od wnuczki Magdaleny z rodzin\u0105<\/p>\n\n\n\n<p>18.00 +Dorota Matu\u0142a (4 rocz.)<\/p>\n\n\n\n<p>18.00 +Jan Pr\u0119dki<\/p>\n\n\n\n<p>18.00 +Eugeniusz Per\u0142owski (w rocznice urodzin)<\/p>\n\n\n\n<p>*+Joanna G\u0142odowska od Aldony, Wojtka i dziewczynek (RPA)<\/p>\n\n\n\n<p>*+Waldemar Matejek (4), +Jerzy Krzto\u0144 (4), Henryk Sie\u0144ko (4), Helena Biestek (4)<\/p>\n\n\n\n<p><strong>\u015aroda 5 czerwca<\/strong><\/p>\n\n\n\n<p>7.00 O Bo\u017ce b\u0142og., dary Ducha \u015awi\u0119tego, opiek\u0119 Matki Bo\u017cej, i&nbsp; zdrowie dla Moniki i Tomasza Zygmunt i ich dziecka<\/p>\n\n\n\n<p>7.00 +Mariusz T\u0142uczek od rodziny Kawalec<\/p>\n\n\n\n<p>7.00 +Alina G\u0142odowska od Andrzeja Wilka z zona Zofi\u0105<\/p>\n\n\n\n<p>18.00 +Antonina Kuczmarz (9 rocz. ) od dzieci<\/p>\n\n\n\n<p>18.00 +Maria Solecka, J\u00f3zef, Mieczys\u0142aw<\/p>\n\n\n\n<p>*+Eugenia Kotula od Kotul\u00f3w (RPA)<\/p>\n\n\n\n<p>*+Waldemar Matejek (5), +Jerzy Krzto\u0144 (5), Henryk Sie\u0144ko (5), Helena Biestek (5)<\/p>\n\n\n\n<p><strong>Czwartek 6 czerwca<\/strong><\/p>\n\n\n\n<p>7.00 +J\u00f3zef, Maria, Adam, Zdzis\u0142aw Ciebiera<\/p>\n\n\n\n<p>7.00 +Antoni Fornal od Bogdana \u015alemp z rodzin\u0105<\/p>\n\n\n\n<p>7.00 +Zofia Borowiec od uczni\u00f3w z I LO Przemy\u015bl klasa A, rocznik 1980-84<\/p>\n\n\n\n<p>18.00 +Emilia, Franciszek O\u017cy\u0142o<\/p>\n\n\n\n<p>18.00 +Krystyna, Czes\u0142aw, Edward Kielar<\/p>\n\n\n\n<p>18.00 +Antoni Zarzyna od dzieci<\/p>\n\n\n\n<p>*+Mariusz T\u0142uczek od Stanis\u0142awa z Bratkowic (RPA)<\/p>\n\n\n\n<p>*+Waldemar Matejek (6), +Jerzy Krzto\u0144 (6), Henryk Sie\u0144ko (6), Helena Biestek (6)<\/p>\n\n\n\n<p><strong>Pi\u0105tek 7 czerwca<\/strong><\/p>\n\n\n\n<p>7.00 +Zofia Lasota<\/p>\n\n\n\n<p>7.00 +Alina G\u0142odowska id Ma\u0142gorzaty i Rafa\u0142a Rokosz<\/p>\n\n\n\n<p>18.00 +Czes\u0142awa, Stanis\u0142aw Ziemniak<\/p>\n\n\n\n<p>18.00 ++z rodzin Kotula i Pasierb<\/p>\n\n\n\n<p>*+Antoni Fornal od rodziny Marciniak (RPA)<\/p>\n\n\n\n<p>*+Waldemar Matejek (7), +Jerzy Krzto\u0144 (7), Henryk Sie\u0144ko (7), Helena Biestek (7)<\/p>\n\n\n\n<p><strong>Sobota 8 czerwca<\/strong><\/p>\n\n\n\n<p>7.00 O b\u0142og. Bo\u017ce, opiek\u0119 Matki Bo\u017cej i \u0142ask\u0119 zdrowia dla rodzin Zygmunt\u00f3w, Fr\u0105czak\u00f3w i Jarosz\u00f3w<\/p>\n\n\n\n<p>18.00 +Bogumi\u0142, Katarzyna Konkol<\/p>\n\n\n\n<p>*+Zofia Borowiec od uczni\u00f3w I LO w Przemy\u015blu, klasa A, rok 1980 \u2013 84 (RPA)<\/p>\n\n\n\n<p>*+Waldemar Matejek (8), +Jerzy Krzto\u0144 (8), Henryk Sie\u0144ko (8), Helena Biestek (8)<\/p>\n\n\n\n<p><strong>Niedziela 9 czerwca<\/strong><\/p>\n\n\n\n<p>7.00 +Zofia, Stanis\u0142aw Szczypek<\/p>\n\n\n\n<p>9.00 +Cecylia, Bronis\u0142aw Bober<\/p>\n\n\n\n<p>*+Mariusz T\u0142uczek od El\u017cbiety B\u0142a\u017cejczyk z rodzin\u0105 ze \u015awilczy (RPA)<\/p>\n\n\n\n<p>*+Waldemar Matejek (9), +Jerzy Krzto\u0144 (9), Henryk Sie\u0144ko (9), Helena Biestek (9)<\/p>\n\n\n\n<p>10.30 +Grzegorz Myrda (7 rocz.)<\/p>\n\n\n\n<p>12.00 Z parafian \u017cywych i zmar\u0142ych<\/p>\n\n\n\n<p>16.00 O zdrowie dla Anety<\/p>\n\n\n\n<p>18.00 +Eugenia Kotula od s\u0105siad\u00f3w<\/p>\n","protected":false},"excerpt":{"rendered":"<p>&#8230;<\/p>\n","protected":false},"author":1,"featured_media":8272,"comment_status":"closed","ping_status":"open","sticky":false,"template":"","format":"standard","meta":{"ngg_post_thumbnail":0,"footnotes":""},"categories":[4,25,13,3],"tags":[],"class_list":["post-9565","post","type-post","status-publish","format-standard","has-post-thumbnail","hentry","category-intencje","category-news","category-newsy","category-ogloszenia"],"_links":{"self":[{"href":"https:\/\/mbsniezna.rzeszow.pl\/index.php\/wp-json\/wp\/v2\/posts\/9565","targetHints":{"allow":["GET"]}}],"collection":[{"href":"https:\/\/mbsniezna.rzeszow.pl\/index.php\/wp-json\/wp\/v2\/posts"}],"about":[{"href":"https:\/\/mbsniezna.rzeszow.pl\/index.php\/wp-json\/wp\/v2\/types\/post"}],"author":[{"embeddable":true,"href":"https:\/\/mbsniezna.rzeszow.pl\/index.php\/wp-json\/wp\/v2\/users\/1"}],"replies":[{"embeddable":true,"href":"https:\/\/mbsniezna.rzeszow.pl\/index.php\/wp-json\/wp\/v2\/comments?post=9565"}],"version-history":[{"count":1,"href":"https:\/\/mbsniezna.rzeszow.pl\/index.php\/wp-json\/wp\/v2\/posts\/9565\/revisions"}],"predecessor-version":[{"id":9566,"href":"https:\/\/mbsniezna.rzeszow.pl\/index.php\/wp-json\/wp\/v2\/posts\/9565\/revisions\/9566"}],"wp:featuredmedia":[{"embeddable":true,"href":"https:\/\/mbsniezna.rzeszow.pl\/index.php\/wp-json\/wp\/v2\/media\/8272"}],"wp:attachment":[{"href":"https:\/\/mbsniezna.rzeszow.pl\/index.php\/wp-json\/wp\/v2\/media?parent=9565"}],"wp:term":[{"taxonomy":"category","embeddable":true,"href":"https:\/\/mbsniezna.rzeszow.pl\/index.php\/wp-json\/wp\/v2\/categories?post=9565"},{"taxonomy":"post_tag","embeddable":true,"href":"https:\/\/mbsniezna.rzeszow.pl\/index.php\/wp-json\/wp\/v2\/tags?post=9565"}],"curies":[{"name":"wp","href":"https:\/\/api.w.org\/{rel}","templated":true}]}}