{"id":9574,"date":"2024-06-15T23:26:56","date_gmt":"2024-06-15T21:26:56","guid":{"rendered":"https:\/\/mbsniezna.rzeszow.pl\/?p=9574"},"modified":"2024-06-15T23:26:56","modified_gmt":"2024-06-15T21:26:56","slug":"intencje-mszalne-17-23-czerwca-2023-r","status":"publish","type":"post","link":"https:\/\/mbsniezna.rzeszow.pl\/index.php\/2024\/06\/15\/intencje-mszalne-17-23-czerwca-2023-r\/","title":{"rendered":"INTENCJE MSZALNE 17 \u2013 23 CZERWCA 2023 R."},"content":{"rendered":"\n<p><strong>Poniedzia\u0142ek 17 czerwca&nbsp;<\/strong><\/p>\n\n\n\n<p>7.00 Dzi\u0119kczynna za otrzymane \u0142aski i o&nbsp; Bo\u017ce b\u0142og. dla Jana Tabora i jego wsp\u00f3\u0142pracownik\u00f3w<\/p>\n\n\n\n<p>7.00 +Eugenia Kotula od Gra\u017cyny Cag<\/p>\n\n\n\n<p>18.00 +Jerzy Krzto\u0144 (1 rocz.) od syna Jacka<\/p>\n\n\n\n<p>*+Joanna G\u0142odowska od pracownik\u00f3w obs\u0142ugi Szko\u0142y Podstawowej w Budziwoju (RPA)<\/p>\n\n\n\n<p>*+Waldemar Matejek (17), +Jerzy Krzto\u0144 (17), +Henryk Sie\u0144ko (17), +Helena Biestek (17)<\/p>\n\n\n\n<p><strong>Wtorek 18 czerwca<\/strong><\/p>\n\n\n\n<p>7.00 +Janina Dudek<\/p>\n\n\n\n<p>7.00 +Mariusz T\u0142uczek od swatowej Marii i Henryka<\/p>\n\n\n\n<p>18.00 O b\u0142ogos\u0142awie\u0144stwo Bo\u017ce, opiel\u0119 Matki Bo\u017cej dla ks. Micha\u0142a od katechezy dla doros\u0142ych<\/p>\n\n\n\n<p>18.00 +El\u017cbieta Nalepa w dniu imienin<\/p>\n\n\n\n<p>18.00 +Antoni Fornal od Adama Go\u015b z rodzin\u0105<\/p>\n\n\n\n<p>*+Eugenia Kotula od rodziny Ocieczk\u00f3w (RPA)<\/p>\n\n\n\n<p>*+Waldemar Matejek (18), +Jerzy Krzto\u0144 (18), +Henryk Sie\u0144ko (18), +Helena Biestek (18)<\/p>\n\n\n\n<p><strong>\u015aroda 19 czerwca<\/strong><\/p>\n\n\n\n<p>7.00 +Jan Dudek<\/p>\n\n\n\n<p>7.00 +Joanna G\u0142odowska od wnuczki Doroty z rodzin\u0105<\/p>\n\n\n\n<p>7.00 +Eugenia Kotula od Olgi i Jerzego Kotula<\/p>\n\n\n\n<p>18.00 O Bo\u017ce b\u0142ogos\u0142awie\u0144stwo dla absolwent\u00f3w przedszkola, si\u00f3str i pracownik\u00f3w<\/p>\n\n\n\n<p>18.00 W intencji rodziny Sapu\u0142\u00f3w \u2013 o Bo\u017ce b\u0142ogos\u0142awie\u0144stwo i opiek\u0119 Matki Bo\u017cej<\/p>\n\n\n\n<p>*+Mariusz T\u0142uczek od Marii i Zbigniewa Grzesik (RPA)<\/p>\n\n\n\n<p>*+Waldemar Matejek (19), +Jerzy Krzto\u0144 (19), +Henryk Sie\u0144ko (19), +Helena Biestek (19)<\/p>\n\n\n\n<p><strong>Czwartek 20 czerwca<\/strong><\/p>\n\n\n\n<p>7.00 +Janina Tabor<\/p>\n\n\n\n<p>7.00 +Mariusz T\u0142uczek od Janusza Mi\u0105sika z rodzin\u0105<\/p>\n\n\n\n<p>7.00 +Joanna G\u0142odowska od c\u00f3rki Anny z rodzin\u0105<\/p>\n\n\n\n<p>18.00 Dzi\u0119kczynna za wszelkie \u0142aski w 15 rocznic\u0119 ma\u0142\u017ce\u0144stwa Pauliny i Bart\u0142omieja i o Bo\u017ce b\u0142ogos\u0142awie\u0144stwo na dalsze lata<\/p>\n\n\n\n<p>18.00 +Anna Sok\u00f3\u0142 o ++ z rodziny<\/p>\n\n\n\n<p>18.00 +Gra\u017cyna Pa\u015bkiewicz (8 rocz.)<\/p>\n\n\n\n<p>*+Antoni Fornal od wsp\u00f3\u0142pracownik\u00f3w Damina Welc od Firmy Art Form z Hermanowej (RPA)<\/p>\n\n\n\n<p>*+Waldemar Matejek (20), +Jerzy Krzto\u0144 (20), +Henryk Sie\u0144ko (20), +Helena Biestek (20)<\/p>\n\n\n\n<p><strong>Pi\u0105tek 21 czerwca<\/strong><\/p>\n\n\n\n<p>7.00 +Stefan, Lucjan<\/p>\n\n\n\n<p>7.00 +Eugenia Kotula od Barbary i Kazimierza Bomba<\/p>\n\n\n\n<p>8.00 W intencji ca\u0142ej spo\u0142eczno\u015bci szkolnej na zako\u0144czenie roku szkolnego<\/p>\n\n\n\n<p>18.00 +Jan (25 rocz.)<\/p>\n\n\n\n<p>18.00 +Bo\u017cena Pasierb od szwagra Jana z rodzin\u0105<\/p>\n\n\n\n<p>*+Antoni Fornal id s\u0105siad\u00f3w z rodziny Baran<\/p>\n\n\n\n<p>*+Waldemar Matejek (21), +Jerzy Krzto\u0144 (21), +Henryk Sie\u0144ko (21), +Helena Biestek (21)<\/p>\n\n\n\n<p><strong>Sobota 22 czerwca<\/strong><\/p>\n\n\n\n<p>7.00 +Jan Pier\u00f3g<\/p>\n\n\n\n<p>7.00 +Mariusz T\u0142uczek od te\u015bciowej, Marty i szwagierki z rodzin\u0105<\/p>\n\n\n\n<p>18.00 Dzi\u0119kczynna za 50 lat ma\u0142\u017ce\u0144stwa Gra\u017cyny i J\u00f3zefa i o Bo\u017ce b\u0142og. dla ca\u0142ej rodziny<\/p>\n\n\n\n<p>18.00 +Eugenia Kom\u00f3rek<\/p>\n\n\n\n<p>*+Eugenia Kotula id rodziny Bik\u00f3w<\/p>\n\n\n\n<p>*+Waldemar Matejek (22), +Jerzy Krzto\u0144 (22), +Henryk Sie\u0144ko (22), +Helena Biestek (22)<\/p>\n\n\n\n<p><strong>Niedziela 23 czerwca<\/strong><\/p>\n\n\n\n<p>7.00 +Aleksandra Kubica (6 rocz.)<\/p>\n\n\n\n<p>9.00 O zdrowie, Bo\u017ce b\u0142ogos\u0142awie\u0144stwo, Dary Ducha \u015awi\u0119tego dla Nikodema<\/p>\n\n\n\n<p>9.00 O zdrowie, Bo\u017ce b\u0142ogos\u0142awie\u0144stwo dla Marka w 40 urodziny oraz w 12 rocznic\u0119 sakramentu ma\u0142\u017ce\u0144stwa i o b\u0142ogos\u0142awie\u0144stwo Bo\u017ce dla ca\u0142ej rodziny<\/p>\n\n\n\n<p>*+Waldemar Matejek (23), +Jerzy Krzto\u0144 (23), +Henryk Sie\u0144ko (23), +Helena Biestek (23)<\/p>\n\n\n\n<p>12.00 za parafian \u017cywych i zmar\u0142ych<\/p>\n\n\n\n<p>16.00 +Jan Lampart w dniu imienin<\/p>\n\n\n\n<p>18.00 +Krystyna Wac\u0142awek (3 rocz.)<\/p>\n","protected":false},"excerpt":{"rendered":"<p>&#8230;<\/p>\n","protected":false},"author":1,"featured_media":8131,"comment_status":"closed","ping_status":"open","sticky":false,"template":"","format":"standard","meta":{"ngg_post_thumbnail":0,"footnotes":""},"categories":[4,25,13],"tags":[],"class_list":["post-9574","post","type-post","status-publish","format-standard","has-post-thumbnail","hentry","category-intencje","category-news","category-newsy"],"_links":{"self":[{"href":"https:\/\/mbsniezna.rzeszow.pl\/index.php\/wp-json\/wp\/v2\/posts\/9574","targetHints":{"allow":["GET"]}}],"collection":[{"href":"https:\/\/mbsniezna.rzeszow.pl\/index.php\/wp-json\/wp\/v2\/posts"}],"about":[{"href":"https:\/\/mbsniezna.rzeszow.pl\/index.php\/wp-json\/wp\/v2\/types\/post"}],"author":[{"embeddable":true,"href":"https:\/\/mbsniezna.rzeszow.pl\/index.php\/wp-json\/wp\/v2\/users\/1"}],"replies":[{"embeddable":true,"href":"https:\/\/mbsniezna.rzeszow.pl\/index.php\/wp-json\/wp\/v2\/comments?post=9574"}],"version-history":[{"count":1,"href":"https:\/\/mbsniezna.rzeszow.pl\/index.php\/wp-json\/wp\/v2\/posts\/9574\/revisions"}],"predecessor-version":[{"id":9575,"href":"https:\/\/mbsniezna.rzeszow.pl\/index.php\/wp-json\/wp\/v2\/posts\/9574\/revisions\/9575"}],"wp:featuredmedia":[{"embeddable":true,"href":"https:\/\/mbsniezna.rzeszow.pl\/index.php\/wp-json\/wp\/v2\/media\/8131"}],"wp:attachment":[{"href":"https:\/\/mbsniezna.rzeszow.pl\/index.php\/wp-json\/wp\/v2\/media?parent=9574"}],"wp:term":[{"taxonomy":"category","embeddable":true,"href":"https:\/\/mbsniezna.rzeszow.pl\/index.php\/wp-json\/wp\/v2\/categories?post=9574"},{"taxonomy":"post_tag","embeddable":true,"href":"https:\/\/mbsniezna.rzeszow.pl\/index.php\/wp-json\/wp\/v2\/tags?post=9574"}],"curies":[{"name":"wp","href":"https:\/\/api.w.org\/{rel}","templated":true}]}}