{"id":9588,"date":"2024-07-06T23:48:53","date_gmt":"2024-07-06T21:48:53","guid":{"rendered":"https:\/\/mbsniezna.rzeszow.pl\/?p=9588"},"modified":"2024-07-06T23:48:53","modified_gmt":"2024-07-06T21:48:53","slug":"intencje-mszalne-8-14-07-2024-r","status":"publish","type":"post","link":"https:\/\/mbsniezna.rzeszow.pl\/index.php\/2024\/07\/06\/intencje-mszalne-8-14-07-2024-r\/","title":{"rendered":"INTENCJE MSZALNE 8-14.07.2024 R."},"content":{"rendered":"\n<p><strong>Poniedzia\u0142ek 8 lipca<\/strong><\/p>\n\n\n\n<p>7.00 O zdrowie i b\u0142ogos\u0142awie\u0144stwo Bo\u017ce dla \u0141ukasza z racji urodzin<\/p>\n\n\n\n<p>18.00 O b\u0142ogos\u0142awie\u0144stwo Bo\u017ce, i opiek\u0119 Matki Bo\u017cej dla Antoniego w dniu urodzi<\/p>\n\n\n\n<p>*Joanna G\u0142odowska od rodziny Marii i Antoniego T\u0142uczek (RPA)<\/p>\n\n\n\n<p>*+Bronis\u0142aw Pa\u015bko od koleg\u00f3w z Firmy Stambert (Syberia)<\/p>\n\n\n\n<p>*+Zofia Lassota (8), *+Anatol Pitera (8)<\/p>\n\n\n\n<p><strong>Wtorek 9 lipca<\/strong><\/p>\n\n\n\n<p>7.00 +Wojciech Ko\u0142odziej (1 rocz.)<\/p>\n\n\n\n<p>18.00 Dzi\u0119kczynna za 30 lat ma\u0142\u017ce\u0144stwa Danuty i Waldemara Kalandyk i o Bo\u017ce b\u0142og.<\/p>\n\n\n\n<p>18.00 +Mariusz T\u0142uczek od Zofii Cag i Krystyny Szczoczarz<\/p>\n\n\n\n<p>*+Joanna G\u0142odowska od Aldony, Wojtka i dziewczynek (RPA)<\/p>\n\n\n\n<p>*+Stanis\u0142aw \u015al\u0119czka id rodziny z Lecki (Syberia)<\/p>\n\n\n\n<p>*+Zofia Lassota (9), *+Anatol Pitera (9)<\/p>\n\n\n\n<p><strong>\u015aroda 10 lipca<\/strong><\/p>\n\n\n\n<p>7.00 +W\u0142adys\u0142aw, Emilia Kot, W\u0142adys\u0142awa Doksa<\/p>\n\n\n\n<p>7.00 +Joanna G\u0142odowska od Zofii Cag i Krystyny Szczoczarz<\/p>\n\n\n\n<p>18.00 +Janina (10 rocz.), Antoni Mi\u0105sik<\/p>\n\n\n\n<p>*+Eugenia Kotula od Kotul\u00f3w (RPA)<\/p>\n\n\n\n<p>*+Zbigniew \u017bar\u00f3w od rodziny Warzoch\u00f3w (Syberia)<\/p>\n\n\n\n<p>*+Zofia Lassota (10), *+Anatol Pitera (10)<\/p>\n\n\n\n<p><strong>Czwartek 11 lipca<\/strong><\/p>\n\n\n\n<p>7.00 +W intencji Bogu wiadomej<\/p>\n\n\n\n<p>18.00 +Michalina, Tomasz, Franciszek Pa\u015bko<\/p>\n\n\n\n<p>18.00 +Mariusz T\u0142uczek od cioci Stanis\u0142awy Wilusz z Danut\u0105<\/p>\n\n\n\n<p>*+Eugenia Kotula od Zofii i Alfreda Janda (RPA)<\/p>\n\n\n\n<p>*+Bronis\u0142aw Pa\u015bko od koleg\u00f3w z Firmy Stambert (Syberia)<\/p>\n\n\n\n<p>*+Zofia Lassota (11), *+Anatol Pitera (11)<\/p>\n\n\n\n<p><strong>Pi\u0105tek 12 lipca<\/strong><\/p>\n\n\n\n<p>7.00 +Teresa, Tadeusz Szczygie\u0142<\/p>\n\n\n\n<p>7.00 +Antoni Fornal od Zbigniewa Go\u015b z rodzin\u0105<\/p>\n\n\n\n<p>18.00 +Danuta, Micha\u0142 Kalembkiewicz<\/p>\n\n\n\n<p>*+Mariusz T\u0142uczek od rodziny Tonder\u00f3w (RPA)<\/p>\n\n\n\n<p>*+Stanis\u0142aw \u015al\u0119czka od Stanis\u0142awa i Marii Warzybok (Syberia)<\/p>\n\n\n\n<p>*+Zofia Lassota (12), *+Anatol Pitera (12)<\/p>\n\n\n\n<p><strong>Sobota 13 lipca<\/strong><\/p>\n\n\n\n<p>7.00 +Henryk Sie\u0144ko<\/p>\n\n\n\n<p>7.00 +Janina, Eugeniusz Kotula, Danuta Hajnosz<\/p>\n\n\n\n<p>18.00 +Maria, Micha\u0142 Lasota<\/p>\n\n\n\n<p>18.00 +Joanna G\u0142odowska od kuzyna Grzebyka<\/p>\n\n\n\n<p>*+Antoni Fornal od Danuty Soleckiej (RPA)<\/p>\n\n\n\n<p>*+Zbigniew \u017bar\u00f3w od Magdaleny i Paw\u0142a Zabielnych z synem (Syberia)<\/p>\n\n\n\n<p>*+Zofia Lassota (13), *+Anatol Pitera (13)<\/p>\n\n\n\n<p><strong>Niedziela 14 lipca<\/strong><\/p>\n\n\n\n<p>7.00 O b\u0142ogos\u0142awie\u0144stwo Bo\u017ce dla si\u00f3str z r\u00f3\u017cy Olgi Kotula i za zmar\u0142e siostry<\/p>\n\n\n\n<p>9.00 Dzi\u0119kczynna i o Bo\u017ce b\u0142og. dla Waldemara i Doroty w 30-lecie \u015blubu oraz ca\u0142ej rodziny od dzieci<\/p>\n\n\n\n<p>*+Antoni Fornal od Katarzyny Sawu\u0142a z m\u0119\u017cem (RPA)<\/p>\n\n\n\n<p>*+Bronis\u0142aw Pa\u015bko od rodzony Fic (Syberia)<\/p>\n\n\n\n<p>*+Zofia Lassota (14), *+Anatol Pitera (14)<\/p>\n\n\n\n<p>10.30 +Dzi\u0119kczynna i o Bo\u017ce b\u0142ogos\u0142awie\u0144stwo dla Marioli i Piotra w 15 rocznic\u0119 \u015blubu<\/p>\n\n\n\n<p>12.00 Za parafian \u017cywych i zmar\u0142ych<\/p>\n\n\n\n<p>16.00 +Genowefa, Jan, Stanis\u0142aw<\/p>\n\n\n\n<p>18.00 O Bo\u017ce b\u0142og. i opiek\u0119 Matki Bo\u017cej dla Marcina i Joanny Warcho\u0142 z dzie\u0107mi<\/p>\n","protected":false},"excerpt":{"rendered":"<p>&#8230;<\/p>\n","protected":false},"author":1,"featured_media":7584,"comment_status":"closed","ping_status":"open","sticky":false,"template":"","format":"standard","meta":{"ngg_post_thumbnail":0,"footnotes":""},"categories":[4,25,13],"tags":[],"class_list":["post-9588","post","type-post","status-publish","format-standard","has-post-thumbnail","hentry","category-intencje","category-news","category-newsy"],"_links":{"self":[{"href":"https:\/\/mbsniezna.rzeszow.pl\/index.php\/wp-json\/wp\/v2\/posts\/9588","targetHints":{"allow":["GET"]}}],"collection":[{"href":"https:\/\/mbsniezna.rzeszow.pl\/index.php\/wp-json\/wp\/v2\/posts"}],"about":[{"href":"https:\/\/mbsniezna.rzeszow.pl\/index.php\/wp-json\/wp\/v2\/types\/post"}],"author":[{"embeddable":true,"href":"https:\/\/mbsniezna.rzeszow.pl\/index.php\/wp-json\/wp\/v2\/users\/1"}],"replies":[{"embeddable":true,"href":"https:\/\/mbsniezna.rzeszow.pl\/index.php\/wp-json\/wp\/v2\/comments?post=9588"}],"version-history":[{"count":1,"href":"https:\/\/mbsniezna.rzeszow.pl\/index.php\/wp-json\/wp\/v2\/posts\/9588\/revisions"}],"predecessor-version":[{"id":9589,"href":"https:\/\/mbsniezna.rzeszow.pl\/index.php\/wp-json\/wp\/v2\/posts\/9588\/revisions\/9589"}],"wp:featuredmedia":[{"embeddable":true,"href":"https:\/\/mbsniezna.rzeszow.pl\/index.php\/wp-json\/wp\/v2\/media\/7584"}],"wp:attachment":[{"href":"https:\/\/mbsniezna.rzeszow.pl\/index.php\/wp-json\/wp\/v2\/media?parent=9588"}],"wp:term":[{"taxonomy":"category","embeddable":true,"href":"https:\/\/mbsniezna.rzeszow.pl\/index.php\/wp-json\/wp\/v2\/categories?post=9588"},{"taxonomy":"post_tag","embeddable":true,"href":"https:\/\/mbsniezna.rzeszow.pl\/index.php\/wp-json\/wp\/v2\/tags?post=9588"}],"curies":[{"name":"wp","href":"https:\/\/api.w.org\/{rel}","templated":true}]}}