{"id":9593,"date":"2024-07-14T19:39:09","date_gmt":"2024-07-14T17:39:09","guid":{"rendered":"https:\/\/mbsniezna.rzeszow.pl\/?p=9593"},"modified":"2024-07-14T19:39:44","modified_gmt":"2024-07-14T17:39:44","slug":"intencje-mszalne-15-21-lipca-2021-r","status":"publish","type":"post","link":"https:\/\/mbsniezna.rzeszow.pl\/index.php\/2024\/07\/14\/intencje-mszalne-15-21-lipca-2021-r\/","title":{"rendered":"INTENCJE MSZALNE 15 \u2013 21 LIPCA 2021 R."},"content":{"rendered":"\n<p><strong>Poniedzia\u0142ek 15 lipca<\/strong><\/p>\n\n\n\n<p>7.00 O zdrowie i b\u0142ogos\u0142awie\u0144stwo Bo\u017ce dla Ma\u0142gorzaty w dniu urodzin<\/p>\n\n\n\n<p>18.00 +J\u00f3zef Jacek<\/p>\n\n\n\n<p>*+Antoni Fornal od Marty i Romana Warzybok (RPA)<\/p>\n\n\n\n<p>*+Zofia Lassota (15), *Anatol Potera (15)<\/p>\n\n\n\n<p><strong>Wtorek 16 lipca<\/strong><\/p>\n\n\n\n<p>7.00 +Tomasz Miciuda (42 rocz.)<\/p>\n\n\n\n<p>7.00 +Antoni Fornal od Marii i S\u0142awomira Warzybok<\/p>\n\n\n\n<p>18.00 O zdrowie i b\u0142ogos\u0142awie\u0144stwo Bo\u017ce dla Justyny<\/p>\n\n\n\n<p>*+Eugenia Kotula od rodziny Mucha (RPA)<\/p>\n\n\n\n<p>*+Zofia Lassota (16), *Anatol Potera (16)<\/p>\n\n\n\n<p><strong>\u015aroda 17 lipca<\/strong><\/p>\n\n\n\n<p>7.00 +Tadeusz Szybiak (3 rocz.)<\/p>\n\n\n\n<p>18.00 O b\u0142ogos\u0142awie\u0144stwo Bo\u017ce i zdrowie dla Moniki z rodzina w dniu urodzin<\/p>\n\n\n\n<p>*+Joanna G\u0142odowska od Kazimierza G\u0142odowskiego (RPA)<\/p>\n\n\n\n<p>*+Zofia Lassota (17), *Anatol Potera (17)<\/p>\n\n\n\n<p><strong>Czwartek 18 lipca<\/strong><\/p>\n\n\n\n<p>7.00 +Bronis\u0142awa, Stanis\u0142aw, Antoni Kotula<\/p>\n\n\n\n<p>18.00 O b\u0142ogos\u0142awie\u0144stwo Bo\u017ce dla Alicji i Andrzeja w 38 rocznic\u0119 \u015blubu<\/p>\n\n\n\n<p>*+Antoni Fornal od Marii i Ryszarda Grzebyk (RPA)<\/p>\n\n\n\n<p>*+Zofia Lassota (18), *Anatol Potera (18)<\/p>\n\n\n\n<p><strong>Pi\u0105tek 19 lipca<\/strong><\/p>\n\n\n\n<p>7.00 +Genowefa Stachurska, Aleksander i Emilia G\u0142odowski<\/p>\n\n\n\n<p>18.00 +Jan Stanis\u0142awa Borowiec, ++ z rodziny<\/p>\n\n\n\n<p>*+Zbigniew \u017bar\u00f3w od Krystyny i Edwarda Duda (RPA)<\/p>\n\n\n\n<p>*+Zofia Lassota (19), *Anatol Potera (19)<\/p>\n\n\n\n<p><strong>Sobota 20 lipca<\/strong><\/p>\n\n\n\n<p>7.00 +Anna Baran<\/p>\n\n\n\n<p>18.00 +Anna Sok\u00f3\u0142, ++ z rodziny<\/p>\n\n\n\n<p>18.00 +Mariusz T\u0142uczek od Piotra, Anny i Janiny z rodzin\u0105 (zako\u0144czenie Mszy pogrzebowych)<\/p>\n\n\n\n<p>*+Bronis\u0142aw Pa\u015bko od dyrekcji i pracownik\u00f3w Zespo\u0142u Szk\u00f3\u0142 Nr 3 w Rzeszowie (RPA)<\/p>\n\n\n\n<p>*+Zofia Lassota (20), *Anatol Potera (20)<\/p>\n\n\n\n<p><strong>Niedziela 21 lipca<\/strong><\/p>\n\n\n\n<p>7.00 Dzi\u0119kczynna i o Bo\u017ce b\u0142ogos\u0142awie\u0144stwo dla Barbary i Lucjana Rak w 15-lecie ma\u0142\u017ce\u0144stwa<\/p>\n\n\n\n<p>9.00 +W\u0142adys\u0142awa, Kazimierz G\u0142\u00f3d<\/p>\n\n\n\n<p>*+Bronis\u0142aw Pa\u015bko od Ryszardy Borowiec z rodzin\u0105 (RPA)<\/p>\n\n\n\n<p>*+Zofia Lassota (21), *Anatol Potera (21)<\/p>\n\n\n\n<p>10.30 Dzi\u0119kczynna, o Bo\u017ce b\u0142ogos\u0142awie\u0144stwo, opiek\u0119 Matki Bo\u017cej i zdrowie dla Piotra i Marioli Olszewskich w 13 rocznic\u0119 \u015blubu<\/p>\n\n\n\n<p>12.00 Za parafian \u017cywych i zmar\u0142ych<\/p>\n\n\n\n<p>16.00 +Anna, W\u0142adys\u0142aw, Ludwik Soleccy od wnuczki z rodzin\u0105<\/p>\n\n\n\n<p>18.00 O b\u0142ogos\u0142awie\u0144stwo Bo\u017ce dla Micha\u0142a w 30 urodziny<\/p>\n","protected":false},"excerpt":{"rendered":"<p>&#8230;<\/p>\n","protected":false},"author":1,"featured_media":7700,"comment_status":"closed","ping_status":"open","sticky":false,"template":"","format":"standard","meta":{"ngg_post_thumbnail":0,"footnotes":""},"categories":[4,25,13],"tags":[],"class_list":["post-9593","post","type-post","status-publish","format-standard","has-post-thumbnail","hentry","category-intencje","category-news","category-newsy"],"_links":{"self":[{"href":"https:\/\/mbsniezna.rzeszow.pl\/index.php\/wp-json\/wp\/v2\/posts\/9593","targetHints":{"allow":["GET"]}}],"collection":[{"href":"https:\/\/mbsniezna.rzeszow.pl\/index.php\/wp-json\/wp\/v2\/posts"}],"about":[{"href":"https:\/\/mbsniezna.rzeszow.pl\/index.php\/wp-json\/wp\/v2\/types\/post"}],"author":[{"embeddable":true,"href":"https:\/\/mbsniezna.rzeszow.pl\/index.php\/wp-json\/wp\/v2\/users\/1"}],"replies":[{"embeddable":true,"href":"https:\/\/mbsniezna.rzeszow.pl\/index.php\/wp-json\/wp\/v2\/comments?post=9593"}],"version-history":[{"count":3,"href":"https:\/\/mbsniezna.rzeszow.pl\/index.php\/wp-json\/wp\/v2\/posts\/9593\/revisions"}],"predecessor-version":[{"id":9596,"href":"https:\/\/mbsniezna.rzeszow.pl\/index.php\/wp-json\/wp\/v2\/posts\/9593\/revisions\/9596"}],"wp:featuredmedia":[{"embeddable":true,"href":"https:\/\/mbsniezna.rzeszow.pl\/index.php\/wp-json\/wp\/v2\/media\/7700"}],"wp:attachment":[{"href":"https:\/\/mbsniezna.rzeszow.pl\/index.php\/wp-json\/wp\/v2\/media?parent=9593"}],"wp:term":[{"taxonomy":"category","embeddable":true,"href":"https:\/\/mbsniezna.rzeszow.pl\/index.php\/wp-json\/wp\/v2\/categories?post=9593"},{"taxonomy":"post_tag","embeddable":true,"href":"https:\/\/mbsniezna.rzeszow.pl\/index.php\/wp-json\/wp\/v2\/tags?post=9593"}],"curies":[{"name":"wp","href":"https:\/\/api.w.org\/{rel}","templated":true}]}}