{"id":9674,"date":"2024-11-16T23:48:17","date_gmt":"2024-11-16T22:48:17","guid":{"rendered":"https:\/\/mbsniezna.rzeszow.pl\/?p=9674"},"modified":"2024-11-16T23:48:17","modified_gmt":"2024-11-16T22:48:17","slug":"intencje-mszalne-18-24-listopada-2024-r","status":"publish","type":"post","link":"https:\/\/mbsniezna.rzeszow.pl\/index.php\/2024\/11\/16\/intencje-mszalne-18-24-listopada-2024-r\/","title":{"rendered":"INTENCJE MSZALNE 18 \u2013 24 LISTOPADA 2024 R."},"content":{"rendered":"\n<p><strong>Poniedzia\u0142ek 18 listopada<\/strong><\/p>\n\n\n\n<p>7.00 +Zofia Grzebyk (1 rocz. ) od c\u00f3rki Marii z m\u0119\u017cem<\/p>\n\n\n\n<p>18.00 +Maria (3 rocz.), +W\u0142adys\u0142aw Go\u015b<\/p>\n\n\n\n<p>18.00 +Stanis\u0142aw, +Stefania Piz\u0142o<\/p>\n\n\n\n<p>*+Augustyn Ziemniak od Haliny Jacek (Krasnojarsk)<\/p>\n\n\n\n<p>*+Helena Jakubiec (18), *+Aniela Kalita (18)<\/p>\n\n\n\n<p><strong>Wtorek 19 listopada<\/strong><\/p>\n\n\n\n<p>7.00 Dzi\u0119kczynna z pro\u015bb\u0105 o Bo\u017ce b\u0142ogos\u0142awie\u0144stwo dla rodziny<\/p>\n\n\n\n<p>18.00 +Halina Pi\u0119ta (23 rocz.) od c\u00f3rki<\/p>\n\n\n\n<p>18.00 +W\u0142adys\u0142aw (5 rocz.), +Czes\u0142awa Szwed<\/p>\n\n\n\n<p>18.00 +Augustyn Ziemniak od wnuczki Zuzanny<\/p>\n\n\n\n<p>*+Mariusz \u015alemp od Kazimiery Norek (Krasnojarsk)<\/p>\n\n\n\n<p>*+Helena Jakubiec (19), *+Aniela Kalita (19)<\/p>\n\n\n\n<p><strong>\u015aroda 20 listopada<\/strong><\/p>\n\n\n\n<p>7.00 O zdrowie i Bo\u017ce b\u0142ogos\u0142awie\u0144stwo dla ks. proboszcza<\/p>\n\n\n\n<p>7.00 W intencji Bogu wiadomej<\/p>\n\n\n\n<p>18.00 +Edward, +Les\u0142aw, +Zofia Pa\u015bko<\/p>\n\n\n\n<p>18.00 +Anna Sok\u00f3\u0142, ++ z rodziny<\/p>\n\n\n\n<p>*+Wac\u0142aw Piekie\u0142ek od Stanis\u0142awa Ba\u0107 (Krasnojarsk)<\/p>\n\n\n\n<p>*+Helena Jakubiec (20), *+Aniela Kalita (20)<\/p>\n\n\n\n<p><strong>Czwartek 21 listopada<\/strong><\/p>\n\n\n\n<p>7.00 ++dusze w czy\u015b\u0107cu cierpi\u0105ce<\/p>\n\n\n\n<p>7.00 +Wac\u0142aw Piekie\u0142ek od Romana z rodzin\u0105<\/p>\n\n\n\n<p>18.00&nbsp; O zdrowie i b\u0142ogos\u0142awie\u0144stwo Bo\u017ce w nauce dla wnuk\u00f3w<\/p>\n\n\n\n<p>18.00 +Dariusz Wac\u0142awek od mamy<\/p>\n\n\n\n<p>18.00 +Zofia, +Szymon Raczak, +J\u00f3zefa Przyby\u0142o<\/p>\n\n\n\n<p>*+Augustyn Ziemniak od Jacka Pa\u0142ki z rodzin\u0105 (Krasnojarsk)<\/p>\n\n\n\n<p>*+Helena Jakubiec (21), *+Aniela Kalita (21)<\/p>\n\n\n\n<p><strong>Pi\u0105tek 22 listopada<\/strong><\/p>\n\n\n\n<p>7.00 +zmarli z rodzin Korbeckich, Huchl\u00f3w i Mi\u0142k\u00f3w<\/p>\n\n\n\n<p>7.00 +Augustyn Ziemniak od rodziny O\u017cy\u0142o<\/p>\n\n\n\n<p>18.00 Dzi\u0119kczynna z pro\u015bb\u0105 o Bo\u017ce b\u0142ogo. i opiek\u0119 Matki Bo\u017cej dla Paw\u0142a z racji urodzin<\/p>\n\n\n\n<p>18.00 +Maria, +Tomasz G\u0142odowski<\/p>\n\n\n\n<p>18.00 +Helena, +W\u0142adys\u0142aw<\/p>\n\n\n\n<p>*+Mariusz \u015alemp od Patrycji i Paw\u0142a (Krasnojarsk)<\/p>\n\n\n\n<p>*+Helena Jakubiec (22), *+Aniela Kalita (22)<\/p>\n\n\n\n<p><strong>Sobota 23 listopada<\/strong><\/p>\n\n\n\n<p>7.00 +Dariusz Wac\u0142awek w dniu urodzin od \u017cony i dzieci<\/p>\n\n\n\n<p>18.00 O zdrowie i b\u0142ogos\u0142awie\u0144stwo Bo\u017ce dla Maksyma z racji imienin<\/p>\n\n\n\n<p>18.00 +Wac\u0142aw Piekie\u0142ek od wnuka Krzysztofa z rodzin\u0105<\/p>\n\n\n\n<p>*+Augustyn Ziemniak od Kingi i Mariusza Pocz\u0105tek (Krasnojarsk)<\/p>\n\n\n\n<p>*+Helena Jakubiec (22), *+Aniela Kalita (22)<\/p>\n\n\n\n<p><strong>Niedziela 24 listopada<\/strong><\/p>\n\n\n\n<p>7.00 +Zofia, +Stanis\u0142aw Szczypek<\/p>\n\n\n\n<p>*+Helena Jakubiec (21)<\/p>\n\n\n\n<p>9.00 Dzi\u0119kczynna w intencji Teresy i Wies\u0142awa z rodzin\u0105 z pro\u015bb\u0105 o Bo\u017ce b\u0142ogos\u0142awie\u0144stwo, o potrzebne \u0142aski i opiek\u0119 Matki Bo\u017cej<\/p>\n\n\n\n<p>*+Aniela Kalita (20)<\/p>\n\n\n\n<p>10.30 +Stanis\u0142aw, +Anna Dudek<\/p>\n\n\n\n<p>12.00 Za parafian \u017cywych i zmar\u0142ych<\/p>\n\n\n\n<p>16.00 +Edward Domo\u0144 (24 rocz.) od rodziny<\/p>\n\n\n\n<p>18.00 +Jan, +Maria, Andrzej Kostrzewa<\/p>\n","protected":false},"excerpt":{"rendered":"<p>&#8230;<\/p>\n","protected":false},"author":1,"featured_media":8131,"comment_status":"closed","ping_status":"","sticky":false,"template":"","format":"standard","meta":{"ngg_post_thumbnail":0,"footnotes":""},"categories":[4,25,13],"tags":[],"class_list":["post-9674","post","type-post","status-publish","format-standard","has-post-thumbnail","hentry","category-intencje","category-news","category-newsy"],"_links":{"self":[{"href":"https:\/\/mbsniezna.rzeszow.pl\/index.php\/wp-json\/wp\/v2\/posts\/9674","targetHints":{"allow":["GET"]}}],"collection":[{"href":"https:\/\/mbsniezna.rzeszow.pl\/index.php\/wp-json\/wp\/v2\/posts"}],"about":[{"href":"https:\/\/mbsniezna.rzeszow.pl\/index.php\/wp-json\/wp\/v2\/types\/post"}],"author":[{"embeddable":true,"href":"https:\/\/mbsniezna.rzeszow.pl\/index.php\/wp-json\/wp\/v2\/users\/1"}],"replies":[{"embeddable":true,"href":"https:\/\/mbsniezna.rzeszow.pl\/index.php\/wp-json\/wp\/v2\/comments?post=9674"}],"version-history":[{"count":1,"href":"https:\/\/mbsniezna.rzeszow.pl\/index.php\/wp-json\/wp\/v2\/posts\/9674\/revisions"}],"predecessor-version":[{"id":9675,"href":"https:\/\/mbsniezna.rzeszow.pl\/index.php\/wp-json\/wp\/v2\/posts\/9674\/revisions\/9675"}],"wp:featuredmedia":[{"embeddable":true,"href":"https:\/\/mbsniezna.rzeszow.pl\/index.php\/wp-json\/wp\/v2\/media\/8131"}],"wp:attachment":[{"href":"https:\/\/mbsniezna.rzeszow.pl\/index.php\/wp-json\/wp\/v2\/media?parent=9674"}],"wp:term":[{"taxonomy":"category","embeddable":true,"href":"https:\/\/mbsniezna.rzeszow.pl\/index.php\/wp-json\/wp\/v2\/categories?post=9674"},{"taxonomy":"post_tag","embeddable":true,"href":"https:\/\/mbsniezna.rzeszow.pl\/index.php\/wp-json\/wp\/v2\/tags?post=9674"}],"curies":[{"name":"wp","href":"https:\/\/api.w.org\/{rel}","templated":true}]}}