{"id":9689,"date":"2024-12-08T00:08:30","date_gmt":"2024-12-07T23:08:30","guid":{"rendered":"https:\/\/mbsniezna.rzeszow.pl\/?p=9689"},"modified":"2024-12-08T00:08:30","modified_gmt":"2024-12-07T23:08:30","slug":"intencje-mszalne-9-15-grudnia-2024-r","status":"publish","type":"post","link":"https:\/\/mbsniezna.rzeszow.pl\/index.php\/2024\/12\/08\/intencje-mszalne-9-15-grudnia-2024-r\/","title":{"rendered":"INTENCJE MSZALNE 9 \u2013 15 GRUDNIA 2024 R."},"content":{"rendered":"\n<p><strong>Poniedzia\u0142ek 9 grudnia<\/strong><\/p>\n\n\n\n<p>7.00 +Augustyn Ziemniak od wnuczki Joanny z rodzin\u0105<\/p>\n\n\n\n<p>7.00 +Danuta Chotkowska od rodziny Kotul\u00f3w<\/p>\n\n\n\n<p>18.00 +Maksymilian, +Katarzyna Ciebiera, ++ z rodziny Ciebier\u00f3w<\/p>\n\n\n\n<p>18.00 +Mariusz \u015alemp od Janiny i Grzegorza B\u0142o\u0144skich<\/p>\n\n\n\n<p>18.00 +Wac\u0142aw Piekie\u0142ek od kole\u017canek i koleg\u00f3w z Ko\u0142a Bielik-Budziw\u00f3j<\/p>\n\n\n\n<p>*+Stanis\u0142aw Ro\u017ckiewicz od Teresy i Czes\u0142awa Matu\u0142a z Boguchwa\u0142y (Krasnojarsk)<\/p>\n\n\n\n<p>*+Jerzy Krzto\u0144 od Marii i Romana W\u00f3jcik (RPA)<\/p>\n\n\n\n<p>*+Maria Gliwa (9)<\/p>\n\n\n\n<p><strong>Wtorek 10 grudnia<\/strong><\/p>\n\n\n\n<p>7.00 +Augustyn Ziemniak od wnuczki Karoliny z Rafa\u0142em<\/p>\n\n\n\n<p>18.00 +Wac\u0142aw Piekie\u0142ek od syna Jacka z rodzin\u0105<\/p>\n\n\n\n<p>18.00 +Kazimierz Chmiel<\/p>\n\n\n\n<p>*+Stanis\u0142aw Ro\u017ckiewicz od Bo\u017ceny i Marcina Barabasz (Krasnojarsk)<\/p>\n\n\n\n<p>*+Eugeniusz Baran od Tadeusza Matu\u0142a z rodzin\u0105 (RPA)<\/p>\n\n\n\n<p>*+Maria Gliwa (10)<\/p>\n\n\n\n<p><strong>\u015aroda 11 grudnia<\/strong><\/p>\n\n\n\n<p>7.00 O zdrowie dla Angeliki<\/p>\n\n\n\n<p>7.00 +Mariusz \u015alemp od kuzynki Joli z rodzin\u0105<\/p>\n\n\n\n<p>18.00 +Zofia, +Tomasz<\/p>\n\n\n\n<p>*+Jerzy Krzto\u0144 od Janusza z rodzin\u0105 (Krasnojarsk)<\/p>\n\n\n\n<p>*+Stefan Pa\u0142ka od rodziny Blicharz (RPA)<\/p>\n\n\n\n<p>*+Maria Gliwa (11)<\/p>\n\n\n\n<p><strong>Czwartek 12 grudnia<\/strong><\/p>\n\n\n\n<p>7.00 +Wac\u0142aw Piekie\u0142ek od chrze\u015bniaka Adama z rodzin\u0105<\/p>\n\n\n\n<p>18.00 +Franciszek, +Anatola Wac\u0142awek<\/p>\n\n\n\n<p>18.00 +Augustyn Ziemniak od Doroty Pa\u0142ka z rodzin\u0105<\/p>\n\n\n\n<p>*+Eugeniusz Baran od El\u017cbiety Groszek z rodzin\u0105 (Krasnojarsk)<\/p>\n\n\n\n<p>*+Zbigniew P\u0105czek od Sikor\u00f3w (RPA)<\/p>\n\n\n\n<p>*+Maria Gliwa (12)<\/p>\n\n\n\n<p><strong>Pi\u0105tek 13 grudnia<\/strong><\/p>\n\n\n\n<p>7.00 +Les\u0142aw Pa\u015bkiewicz (19 rocz.), ++ z rodziny<\/p>\n\n\n\n<p>7.00 O Bo\u017ce b\u0142ogos\u0142awie\u0144stwo i opiek\u0119 Matki Bo\u017cej dla Barbary i Mariusza<\/p>\n\n\n\n<p>18.00 +Hubert (rocz.) od rodzic\u00f3w i rodze\u0144stwa<\/p>\n\n\n\n<p>*+Eugeniusz Baran od Danuty Bal z rodzin\u0105 (Krasnojarsk)<\/p>\n\n\n\n<p>*+Wiktoria Kotula od rodziny Jaworskich z Rac\u0142aw\u00f3wki (RPA)<\/p>\n\n\n\n<p>*+Maria Gliwa (13)<\/p>\n\n\n\n<p><strong>Sobota 14 grudnia<\/strong><\/p>\n\n\n\n<p>7.00 +o. Adam Kotula (5 rocz.)<\/p>\n\n\n\n<p>18.00 +Emil Piz\u0142o (3 rocz.), +Mariusz<\/p>\n\n\n\n<p>*+Stefan Pa\u0142ka od rodziny Pr\u0119dkich (Krasnojarsk)<\/p>\n\n\n\n<p>*+Eugeniusz Raczak od s\u0105siad\u00f3w z ul. Sportowc\u00f3w (RPA)<\/p>\n\n\n\n<p>*+Maria Gliwa (14)<\/p>\n\n\n\n<p><strong>Niedziela 15 grudnia<\/strong><\/p>\n\n\n\n<p>7.00 +Waleria, +Adam Fyda<\/p>\n\n\n\n<p>9.00 +Zofia Ko\u015bciak (25 rocz.), +Apolonia, +Piotr, +W\u0142adys\u0142aw<\/p>\n\n\n\n<p>*+Maria Gliwa (15)<\/p>\n\n\n\n<p>10.30 Dzi\u0119kczynna w 1 rocznic\u0119 urodzin Krzysia z pro\u015bb\u0105 o \u0142ask\u0119 uzdrowienia i o b\u0142og. Bo\u017ce<\/p>\n\n\n\n<p>12. Za parafian \u017cywych i zmar\u0142ych<\/p>\n\n\n\n<p>16.00 O szcz\u0119\u015bliwe rozwi\u0105zanie dla mamy i dziecka<\/p>\n\n\n\n<p>18.00 O zdrowie, Bo\u017ce b\u0142og., dary Ducha \u015awi\u0119tego dla Przemys\u0142awa w dniu 18 urodzin od rodzic\u00f3w i dziadk\u00f3w<\/p>\n","protected":false},"excerpt":{"rendered":"<p>&#8230;<\/p>\n","protected":false},"author":1,"featured_media":7360,"comment_status":"closed","ping_status":"","sticky":false,"template":"","format":"standard","meta":{"ngg_post_thumbnail":0,"footnotes":""},"categories":[4,25,13],"tags":[],"class_list":["post-9689","post","type-post","status-publish","format-standard","has-post-thumbnail","hentry","category-intencje","category-news","category-newsy"],"_links":{"self":[{"href":"https:\/\/mbsniezna.rzeszow.pl\/index.php\/wp-json\/wp\/v2\/posts\/9689","targetHints":{"allow":["GET"]}}],"collection":[{"href":"https:\/\/mbsniezna.rzeszow.pl\/index.php\/wp-json\/wp\/v2\/posts"}],"about":[{"href":"https:\/\/mbsniezna.rzeszow.pl\/index.php\/wp-json\/wp\/v2\/types\/post"}],"author":[{"embeddable":true,"href":"https:\/\/mbsniezna.rzeszow.pl\/index.php\/wp-json\/wp\/v2\/users\/1"}],"replies":[{"embeddable":true,"href":"https:\/\/mbsniezna.rzeszow.pl\/index.php\/wp-json\/wp\/v2\/comments?post=9689"}],"version-history":[{"count":1,"href":"https:\/\/mbsniezna.rzeszow.pl\/index.php\/wp-json\/wp\/v2\/posts\/9689\/revisions"}],"predecessor-version":[{"id":9690,"href":"https:\/\/mbsniezna.rzeszow.pl\/index.php\/wp-json\/wp\/v2\/posts\/9689\/revisions\/9690"}],"wp:featuredmedia":[{"embeddable":true,"href":"https:\/\/mbsniezna.rzeszow.pl\/index.php\/wp-json\/wp\/v2\/media\/7360"}],"wp:attachment":[{"href":"https:\/\/mbsniezna.rzeszow.pl\/index.php\/wp-json\/wp\/v2\/media?parent=9689"}],"wp:term":[{"taxonomy":"category","embeddable":true,"href":"https:\/\/mbsniezna.rzeszow.pl\/index.php\/wp-json\/wp\/v2\/categories?post=9689"},{"taxonomy":"post_tag","embeddable":true,"href":"https:\/\/mbsniezna.rzeszow.pl\/index.php\/wp-json\/wp\/v2\/tags?post=9689"}],"curies":[{"name":"wp","href":"https:\/\/api.w.org\/{rel}","templated":true}]}}