{"id":9713,"date":"2025-01-12T00:28:37","date_gmt":"2025-01-11T23:28:37","guid":{"rendered":"https:\/\/mbsniezna.rzeszow.pl\/?p=9713"},"modified":"2025-01-12T00:28:37","modified_gmt":"2025-01-11T23:28:37","slug":"niedziela-swieto-chrztu-panskiego-12-stycznia-2025-r","status":"publish","type":"post","link":"https:\/\/mbsniezna.rzeszow.pl\/index.php\/2025\/01\/12\/niedziela-swieto-chrztu-panskiego-12-stycznia-2025-r\/","title":{"rendered":"NIEDZIELA \u2013 \u015aWI\u0118TO CHRZTU PA\u0143SKIEGO 12 stycznia 2025 r."},"content":{"rendered":"\n<ol class=\"wp-block-list\">\n<li>W liturgii Ko\u015bcio\u0142a rozpoczyna si\u0119 okres zwyk\u0142y.<\/li>\n<\/ol>\n\n\n\n<ol start=\"2\" class=\"wp-block-list\">\n<li>Powracamy do naszych nabo\u017ce\u0144stw w tygodniu: w poniedzia\u0142ek \u2013 nabo\u017ce\u0144stwo do b\u0142. rodziny Ulm\u00f3w, we wtorek nabo\u017ce\u0144stwo do \u015bw. Antoniego, we \u015brod\u0119 \u2013 nowenna do Matki Bo\u017cej \u015anie\u017cnej, we czwartek \u2013 adoracja Naj\u015bwi\u0119tszego Sakramentu od 17.15, w pi\u0105tek \u2013 nabo\u017ce\u0144stwo do Bo\u017cego Mi\u0142osierdzia.<\/li>\n<\/ol>\n\n\n\n<ol start=\"3\" class=\"wp-block-list\">\n<li>Zach\u0119camy do zapoznawania si\u0119 za nauk\u0105 Ko\u015bcio\u0142a o odpustach i do zyskiwania odpust\u00f3w &#8211; mo\u017cemy czyni\u0107 to w naszym ko\u015bciele, kt\u00f3ry jest jednym z 25 stacyjnych ko\u015bcio\u0142\u00f3w jubileuszowych w naszej diecezji.<\/li>\n<\/ol>\n\n\n\n<ol start=\"4\" class=\"wp-block-list\">\n<li>We \u015brod\u0119 pogrzeb 1-rocznego Krzysia Florasa \u2013 o 10.20 r\u00f3\u017caniec, o 11. Msza \u015bw.<\/li>\n<\/ol>\n\n\n\n<ol start=\"5\" class=\"wp-block-list\">\n<li>W pi\u0105tek na modlitw\u0119 zapraszamy cz\u0142onk\u00f3w koronki za konaj\u0105cych.<\/li>\n<\/ol>\n\n\n\n<ol start=\"6\" class=\"wp-block-list\">\n<li>W pi\u0105tek spotkania oazy; 16.30 \u2013 oaza m\u0142odsza, 19.00 \u2013 oaza starsza.<\/li>\n<\/ol>\n\n\n\n<ol start=\"7\" class=\"wp-block-list\">\n<li>W sobot\u0119 o 10.00 pr\u00f3ba scholii.<\/li>\n<\/ol>\n\n\n\n<ol start=\"8\" class=\"wp-block-list\">\n<li>W niedziel\u0119 uroczysto\u015b\u0107 \u015bw. J\u00f3zefa Sebastiana Pelczara \u2013 patrona naszej diecezji.<\/li>\n<\/ol>\n\n\n\n<ol start=\"9\" class=\"wp-block-list\">\n<li>Od jutra rozpoczynamy odprawianie intencji pogrzebowych z maja 2023 roku.<\/li>\n<\/ol>\n\n\n\n<ol start=\"10\" class=\"wp-block-list\">\n<li>Dzi\u0119kujemy Ch\u00f3rowi \u201eFontes\u201d, Scholii \u201e\u015anie\u017cynki Maryi\u201d, Zespo\u0142owi \u201eBudziwojce\u201d wraz z kapel\u0105 za pi\u0119kny koncert kol\u0119dowy. Podzi\u0119kowania dla ks. Micha\u0142a za zorganizowanie i prowadzenie koncertu. Na leczenie Patryka i Maksyma zebrano 8\u00a0400 z\u0142. Rodzice tych dzieci bardzo dzi\u0119kuj\u0105 wszystkim ofiarodawcom.\u00a0<\/li>\n<\/ol>\n\n\n\n<ol start=\"11\" class=\"wp-block-list\">\n<li>B\u00f3g zap\u0142a\u0107 za ofiary na sprz\u0105tanie ko\u015bcio\u0142a. W tym tygodniu prosimy rodziny z ul. Miejskiej &#8211; numery nieparzyste od 7 do 79: 9, 9, 11, 13, 21, 23, 29, 31, 35, 39\/2a, 39\/6b, 39\/7a, 39\/7a, 39\/8a, 45, 51, 51a, 53, 69, 73, 79.<\/li>\n<\/ol>\n\n\n\n<ol start=\"12\" class=\"wp-block-list\">\n<li>Za tydzie\u0144 prosimy o sk\u0142adk\u0119 na cele inwestycyjne.<\/li>\n<\/ol>\n\n\n\n<ol start=\"13\" class=\"wp-block-list\">\n<li>Jest wystawiony kontener na makulatur\u0119 na misje. Prosimy o przynoszenie.<\/li>\n<\/ol>\n\n\n\n<ol start=\"14\" class=\"wp-block-list\">\n<li>Wizyta duszpasterska: poniedzia\u0142ek \u2013 ul Miejska szereg\u00f3wki 91 i 93, wtorek \u2013 ul. Strzelc\u00f3w szereg\u00f3wka 36, od \u015brody do soboty ul. Herbowa, w sobot\u0119 po po\u0142udniu \u2013 ul. Magiczna numery nieparzyste. Szczeg\u00f3\u0142owy plan w gablocie i w internecie.<\/li>\n<\/ol>\n\n\n\n<ol start=\"15\" class=\"wp-block-list\">\n<li>Nowych mieszka\u0144c\u00f3w z ulic Podlesie, Pogodne Wzg\u00f3rze i Jana Paw\u0142a II zapraszamy do kancelarii parafialnej na dokonanie aktu zapisu do parafii. Zapraszamy od poniedzia\u0142ku od soboty w godzinach od 10.00 do 12.00 i od 15.00 do 17.00. Na spotkanie prosimy um\u00f3wi\u0107 si\u0119 telefonicznie lub esemesm na numer telefonu 570 \u2013 186 \u2013 195.<\/li>\n<\/ol>\n\n\n\n<p><strong>WIZYTA DUSZPASTERSKA OD 13 DO 18&nbsp; STYCZNIA 2025<\/strong><\/p>\n\n\n\n<p><strong>Poniedzia\u0142ek 13 stycznia &#8211; od godziny 17.00<\/strong><\/p>\n\n\n\n<ol class=\"wp-block-list\">\n<li>Miejska \u2013 szereg\u00f3wki numer 91<\/li>\n\n\n\n<li>Miejska \u2013 szereg\u00f3wki nr 93<\/li>\n<\/ol>\n\n\n\n<p><strong>Wtorek 14 stycznia&nbsp; &#8211; od godz. 17.00<\/strong><\/p>\n\n\n\n<ol class=\"wp-block-list\">\n<li>Ul. Strzelc\u00f3w &#8211; szereg\u00f3wka 36 od 1 do 18<\/li>\n\n\n\n<li>Ul. Strzelc\u00f3w &#8211; szereg\u00f3wka 36 od 19 do 30<\/li>\n<\/ol>\n\n\n\n<p><strong>\u015aroda 15 stycznia &#8211; od godziny 17.00<\/strong><\/p>\n\n\n\n<ol class=\"wp-block-list\">\n<li>Ul. Herbowa od 6 do 36<\/li>\n\n\n\n<li>Ul. Herbowa od 38 do 72 M<\/li>\n<\/ol>\n\n\n\n<p><strong>Czwartek 16 stycznia \u2013 od godz. 17.00<\/strong><\/p>\n\n\n\n<ol class=\"wp-block-list\">\n<li>Ul. Herbowa od 72N do 90<\/li>\n\n\n\n<li>Ul. Herbowa od 92 do 118<\/li>\n<\/ol>\n\n\n\n<p><strong>Pi\u0105tek 17 stycznia od godziny 17.00<\/strong><\/p>\n\n\n\n<ol class=\"wp-block-list\">\n<li>Ul. Herbowa od 120 do granicy parafii<\/li>\n\n\n\n<li>Ul. Herbowa od 7 do 33<\/li>\n<\/ol>\n\n\n\n<p><strong>Sobota 18 stycznia<\/strong><\/p>\n\n\n\n<p>Od godziny 9.00<\/p>\n\n\n\n<ol class=\"wp-block-list\">\n<li>Ul. Herbowa od 35 do 109<\/li>\n\n\n\n<li>Ul. Herbowa od 113 do 173A<\/li>\n<\/ol>\n\n\n\n<p>Od godziny 14.00<\/p>\n\n\n\n<ol class=\"wp-block-list\">\n<li>Ul. Herbowa 173b do granicy parafii<\/li>\n\n\n\n<li>Ul. Magiczna od 1 do 29D<\/li>\n<\/ol>\n","protected":false},"excerpt":{"rendered":"<p>&#8230;<\/p>\n","protected":false},"author":1,"featured_media":8276,"comment_status":"closed","ping_status":"","sticky":false,"template":"","format":"standard","meta":{"ngg_post_thumbnail":0,"footnotes":""},"categories":[25,13,14],"tags":[],"class_list":["post-9713","post","type-post","status-publish","format-standard","has-post-thumbnail","hentry","category-news","category-newsy","category-ogloszenia_duszp"],"_links":{"self":[{"href":"https:\/\/mbsniezna.rzeszow.pl\/index.php\/wp-json\/wp\/v2\/posts\/9713","targetHints":{"allow":["GET"]}}],"collection":[{"href":"https:\/\/mbsniezna.rzeszow.pl\/index.php\/wp-json\/wp\/v2\/posts"}],"about":[{"href":"https:\/\/mbsniezna.rzeszow.pl\/index.php\/wp-json\/wp\/v2\/types\/post"}],"author":[{"embeddable":true,"href":"https:\/\/mbsniezna.rzeszow.pl\/index.php\/wp-json\/wp\/v2\/users\/1"}],"replies":[{"embeddable":true,"href":"https:\/\/mbsniezna.rzeszow.pl\/index.php\/wp-json\/wp\/v2\/comments?post=9713"}],"version-history":[{"count":1,"href":"https:\/\/mbsniezna.rzeszow.pl\/index.php\/wp-json\/wp\/v2\/posts\/9713\/revisions"}],"predecessor-version":[{"id":9714,"href":"https:\/\/mbsniezna.rzeszow.pl\/index.php\/wp-json\/wp\/v2\/posts\/9713\/revisions\/9714"}],"wp:featuredmedia":[{"embeddable":true,"href":"https:\/\/mbsniezna.rzeszow.pl\/index.php\/wp-json\/wp\/v2\/media\/8276"}],"wp:attachment":[{"href":"https:\/\/mbsniezna.rzeszow.pl\/index.php\/wp-json\/wp\/v2\/media?parent=9713"}],"wp:term":[{"taxonomy":"category","embeddable":true,"href":"https:\/\/mbsniezna.rzeszow.pl\/index.php\/wp-json\/wp\/v2\/categories?post=9713"},{"taxonomy":"post_tag","embeddable":true,"href":"https:\/\/mbsniezna.rzeszow.pl\/index.php\/wp-json\/wp\/v2\/tags?post=9713"}],"curies":[{"name":"wp","href":"https:\/\/api.w.org\/{rel}","templated":true}]}}