{"id":9725,"date":"2025-02-02T00:02:17","date_gmt":"2025-02-01T23:02:17","guid":{"rendered":"https:\/\/mbsniezna.rzeszow.pl\/?p=9725"},"modified":"2025-02-03T12:19:21","modified_gmt":"2025-02-03T11:19:21","slug":"intencje-mszalne-od-3-do-9-lutego-2025-r","status":"publish","type":"post","link":"https:\/\/mbsniezna.rzeszow.pl\/index.php\/2025\/02\/02\/intencje-mszalne-od-3-do-9-lutego-2025-r\/","title":{"rendered":"INTENCJE MSZALNE OD 3 DO 9 LUTEGO 2025 R."},"content":{"rendered":"\n<p><strong>Poniedzia\u0142ek 3 lutego<\/strong><\/p>\n\n\n\n<p>7.00 O zdrowie i Bo\u017ce b\u0142ogos\u0142awie\u0144stwo dla Julii i jej rodzic\u00f3w<\/p>\n\n\n\n<p>7.00 +Maria, +Mieczys\u0142aw Dziura<\/p>\n\n\n\n<p>7.00 +Stanis\u0142aw Ro\u017ckiewicz od rodziny Konkol\u00f3w<\/p>\n\n\n\n<p>18.00 +Renata Rze\u017anik od kole\u017canek ze szko\u0142y Ryszardy i Krystyny z rodzinami<\/p>\n\n\n\n<p>18.00 +Zbigniew \u017bar\u00f3w (2 rocz.)<\/p>\n\n\n\n<p>* Dzi\u0119kczynna za \u017cycie Krzysia Florasa oraz o Bo\u017ce b\u0142og. dla rodzic\u00f3w, si\u00f3str i dziadk\u00f3w od kole\u017canek i koleg\u00f3w z Zarz\u0105du w Rzeszowie CBZC w Rzeszowie (Aczy\u0144sk)<\/p>\n\n\n\n<p>*+Pawe\u0142 G\u0142owiak od rodziny Kr\u00f3l\u00f3w (Zambia)<\/p>\n\n\n\n<p>*+Czes\u0142aw Rojek od Krystyny Kalandyk z rodzin\u0105 z Kielan\u00f3wki (RPA)<\/p>\n\n\n\n<p>*+Eugeniusz Raczak od rodziny S\u0142owik\u00f3w (J\u0119drzej\u00f3w)<\/p>\n\n\n\n<p><strong>Wtorek 4 lutego<\/strong><\/p>\n\n\n\n<p>7.00 O zdrowie dla Joli od kole\u017canek ze ZSP Nr 7 w Rzeszowie-Budziwoju<\/p>\n\n\n\n<p>7.00 O Bo\u017ce b\u0142ogos\u0142awie\u0144stwo dla naszych si\u00f3str od pracownik\u00f3w Przedszkola<\/p>\n\n\n\n<p>18.00 O b\u0142ogos\u0142awie\u0144stwo Bo\u017ce dla Ryszarda w 75 urodziny<\/p>\n\n\n\n<p>18.00 +Renata Rze\u017anik od dyrekcji, nauczycieli i pracownik\u00f3w ZSP Nr 7 w Rzeszowie-Budziwoju<\/p>\n\n\n\n<p>18.00 +Ludwika Per\u0142owska<\/p>\n\n\n\n<p>*Dzi\u0119kczynna za \u017cycie Krzysia Florasa oraz o Bo\u017ce b\u0142og. dla rodzic\u00f3w, si\u00f3str i dziadk\u00f3w od kole\u017canek i koleg\u00f3w z Zarz\u0105du w Rzeszowie CBZC w Rzeszowie (Aczy\u0144sk)<\/p>\n\n\n\n<p>*+Bronis\u0142aw Duma od kole\u017canek i koleg\u00f3w z pracy c\u00f3rki Joanny (Zambia)<\/p>\n\n\n\n<p>*+Maria Borowiec od rodziny Domo\u0144 ze Straszydla (RPA)<\/p>\n\n\n\n<p>*+Eugeniusz Per\u0142owski od Ewy Naszkiewicz-Sikora (J\u0119drzej\u00f3w)<\/p>\n\n\n\n<p><strong>\u015aroda 5 lutego<\/strong><\/p>\n\n\n\n<p>7.00 +J\u00f3zefa Huchla od Danuty i Rafa\u0142a Zawi\u0142o z rodzin\u0105<\/p>\n\n\n\n<p>7.00 +Irena Kozik od syna Krzysztofa z rodzin\u0105<\/p>\n\n\n\n<p>7.00 +Danuta Chotkowska od pracownik\u00f3w MOS w Budziwoju<\/p>\n\n\n\n<p>18.00 O zdrowie dla Adama<\/p>\n\n\n\n<p>18.00 +Jan Miciuda<\/p>\n\n\n\n<p>*Dzi\u0119kczynna za \u017cycie Krzysia Florasa oraz o Bo\u017ce b\u0142og. dla rodzic\u00f3w, si\u00f3str i dziadk\u00f3w od kole\u017canek i koleg\u00f3w z Zarz\u0105du w Rzeszowie CBZC w Rzeszowie (Aczy\u0144sk)<\/p>\n\n\n\n<p>*+Tadeusz S\u0142owik od Klimasza z rodzin\u0105 (Zambia)<\/p>\n\n\n\n<p>*+Maria Borowiec od rodziny Kaczmarskich (RPA)<\/p>\n\n\n\n<p>*+Jan Sysolak od Renaty i Jana Kuc z rodzin\u0105 (J\u0119drzej\u00f3w)<\/p>\n\n\n\n<p><strong>Czwartek 6 lutego<\/strong><\/p>\n\n\n\n<p>7.00 +Danuta Chotkowska od pracownik\u00f3w Zespo\u0142u Plac\u00f3wek Opieku\u0144czo-Wychowawczych w Budziwoju<\/p>\n\n\n\n<p>7.00 +J\u00f3zefa Huchla od rodziny Rojk\u00f3w<\/p>\n\n\n\n<p>18.00 +Krzysztof Urbanek od \u017cony Danuty<\/p>\n\n\n\n<p>18.00 +Irena Rakowiecka od Leokadii Piz\u0142o z rodzin\u0105<\/p>\n\n\n\n<p>18.00 +Agnieszka Maci\u0105g od brata Paw\u0142a<\/p>\n\n\n\n<p>*Dzi\u0119kczynna za \u017cycie Krzysia Florasa oraz o Bo\u017ce b\u0142og. dla rodzic\u00f3w, si\u00f3str i dziadk\u00f3w od kole\u017canek i koleg\u00f3w z Zarz\u0105du w Rzeszowie CBZC w Rzeszowie (Aczy\u0144sk)<\/p>\n\n\n\n<p>*+Edward Kyc od Ma\u0142gorzaty i Mariusza Noga (Zambia)<\/p>\n\n\n\n<p>*+Maria Borowiec od S\u0142awomira Borowca (RPA)<\/p>\n\n\n\n<p>*+Jan Koncewicz od rodziny Chorob\u00f3w z Bieszczad (J\u0119drzej\u00f3w)<\/p>\n\n\n\n<p><strong>Pi\u0105tek 7 lutego<\/strong><\/p>\n\n\n\n<p>7.00 +Wojciech Ko\u0142odziej<\/p>\n\n\n\n<p>7.00 +Stanis\u0142aw Ro\u017ckiewicz od rodziny Szczygie\u0142<\/p>\n\n\n\n<p>7.00 +Irena Kozik od syna Krzysztofa z rodzin\u0105<\/p>\n\n\n\n<p>18.00 +Mieczys\u0142aw, +Eugenia Kawa<\/p>\n\n\n\n<p>*Dzi\u0119kczynna za \u017cycie Krzysia Florasa oraz o Bo\u017ce b\u0142og. dla rodzic\u00f3w, si\u00f3str i dziadk\u00f3w od kole\u017canek i koleg\u00f3w z Zarz\u0105du w Rzeszowie CBZC w Rzeszowie (Aczy\u0144sk)<\/p>\n\n\n\n<p>*+Stanis\u0142awa Tobiasz od \u015anie\u017ck\u00f3w z Korczyny (Zambia)<\/p>\n\n\n\n<p>*+Tadeusz Szczygie\u0142 od rodziny Ro\u017ckiewicz (RPA)<\/p>\n\n\n\n<p>*+Stanis\u0142awa Homik od Danuty z rodzin\u0105 (J\u0119drzej\u00f3w)<\/p>\n\n\n\n<p><strong>Sobota 8 lutego<\/strong><\/p>\n\n\n\n<p>7.00 +J\u00f3zefa Huchla od rodziny G\u0142odowskich i Chmiel\u00f3w<\/p>\n\n\n\n<p>18.00 +Edward Mac od rodziny (10 rocz.)<\/p>\n\n\n\n<p>18.00 +W\u0142adys\u0142awa Ciura od c\u00f3rki (5 rocz.)<\/p>\n\n\n\n<p>18.00 +Marian D\u0105browski<\/p>\n\n\n\n<p>*Dzi\u0119kczynna za \u017cycie Krzysia Florasa oraz o Bo\u017ce b\u0142og. dla rodzic\u00f3w, si\u00f3str i dziadk\u00f3w od kole\u017canek i koleg\u00f3w z Zarz\u0105du w Rzeszowie CBZC w Rzeszowie (Aczy\u0144sk)<\/p>\n\n\n\n<p>*+Waldemar Matejek od rodziny Krupa (Zambia)<\/p>\n\n\n\n<p>*+Tadeusz Szczygie\u0142 od rodziny Konkol (RPA)<\/p>\n\n\n\n<p>*+Adam Miku\u0142a od rodziny Michalskich (J\u0119drzej\u00f3w)<\/p>\n\n\n\n<p><strong>Niedziela 9 lutego<\/strong><\/p>\n\n\n\n<p>7.00 +Czes\u0142awa, +W\u0142adys\u0142aw Szwed<\/p>\n\n\n\n<p>9.00 +Zofia Janda od m\u0119\u017ca (1 rocz.)<\/p>\n\n\n\n<p>* Dzi\u0119kczynna za \u017cycie Krzysia Florasa oraz o Bo\u017ce b\u0142og. dla rodzic\u00f3w, si\u00f3str i dziadk\u00f3w od kole\u017canek i koleg\u00f3w z Zarz\u0105du w Rzeszowie CBZC w Rzeszowie (Aczy\u0144sk)<\/p>\n\n\n\n<p>*Dzi\u0119kczynna za \u017cycie Emilki Kawa oraz o Bo\u017ce b\u0142og. dla rodzic\u00f3w, brata i dziadk\u00f3w od Renaty Krok<\/p>\n\n\n\n<p>*+Irena Borowiec od Ryszarda Mi\u0105sika (Zambia)<\/p>\n\n\n\n<p>*+Tadeusz Szczygie\u0142 od rodziny Pozdyk\u00f3w (RPA)<\/p>\n\n\n\n<p>10.30 +Alfred Ro\u017ckiewicz od&nbsp; rodziny<\/p>\n\n\n\n<p>12.00 Za parafian \u017cywych i zmar\u0142ych<\/p>\n\n\n\n<p>16.00 +Eugenia (38 rocz.), +J\u00f3zef Matu\u0142a<\/p>\n\n\n\n<p>18.00 O b\u0142ogos\u0142awie\u0144stwo Bo\u017ce dla Agaty G\u0142\u00f3d z racji urodzin i imienin<\/p>\n","protected":false},"excerpt":{"rendered":"<p>&#8230;<\/p>\n","protected":false},"author":1,"featured_media":7717,"comment_status":"closed","ping_status":"","sticky":false,"template":"","format":"standard","meta":{"ngg_post_thumbnail":0,"footnotes":""},"categories":[4,25,13],"tags":[],"class_list":["post-9725","post","type-post","status-publish","format-standard","has-post-thumbnail","hentry","category-intencje","category-news","category-newsy"],"_links":{"self":[{"href":"https:\/\/mbsniezna.rzeszow.pl\/index.php\/wp-json\/wp\/v2\/posts\/9725","targetHints":{"allow":["GET"]}}],"collection":[{"href":"https:\/\/mbsniezna.rzeszow.pl\/index.php\/wp-json\/wp\/v2\/posts"}],"about":[{"href":"https:\/\/mbsniezna.rzeszow.pl\/index.php\/wp-json\/wp\/v2\/types\/post"}],"author":[{"embeddable":true,"href":"https:\/\/mbsniezna.rzeszow.pl\/index.php\/wp-json\/wp\/v2\/users\/1"}],"replies":[{"embeddable":true,"href":"https:\/\/mbsniezna.rzeszow.pl\/index.php\/wp-json\/wp\/v2\/comments?post=9725"}],"version-history":[{"count":2,"href":"https:\/\/mbsniezna.rzeszow.pl\/index.php\/wp-json\/wp\/v2\/posts\/9725\/revisions"}],"predecessor-version":[{"id":9729,"href":"https:\/\/mbsniezna.rzeszow.pl\/index.php\/wp-json\/wp\/v2\/posts\/9725\/revisions\/9729"}],"wp:featuredmedia":[{"embeddable":true,"href":"https:\/\/mbsniezna.rzeszow.pl\/index.php\/wp-json\/wp\/v2\/media\/7717"}],"wp:attachment":[{"href":"https:\/\/mbsniezna.rzeszow.pl\/index.php\/wp-json\/wp\/v2\/media?parent=9725"}],"wp:term":[{"taxonomy":"category","embeddable":true,"href":"https:\/\/mbsniezna.rzeszow.pl\/index.php\/wp-json\/wp\/v2\/categories?post=9725"},{"taxonomy":"post_tag","embeddable":true,"href":"https:\/\/mbsniezna.rzeszow.pl\/index.php\/wp-json\/wp\/v2\/tags?post=9725"}],"curies":[{"name":"wp","href":"https:\/\/api.w.org\/{rel}","templated":true}]}}