{"id":9736,"date":"2025-02-15T23:33:35","date_gmt":"2025-02-15T22:33:35","guid":{"rendered":"https:\/\/mbsniezna.rzeszow.pl\/?p=9736"},"modified":"2025-02-15T23:33:35","modified_gmt":"2025-02-15T22:33:35","slug":"vi-niedziela-zwykla-16-lutego-2025-r","status":"publish","type":"post","link":"https:\/\/mbsniezna.rzeszow.pl\/index.php\/2025\/02\/15\/vi-niedziela-zwykla-16-lutego-2025-r\/","title":{"rendered":"VI NIEDZIELA ZWYK\u0141A \u2013 16 LUTEGO 2025 R."},"content":{"rendered":"\n<p>1. W poniedzia\u0142ek dzie\u0144 modlitwy za przyczyn\u0105 b\u0142ogos\u0142awionej rodziny Ulm\u00f3w.<\/p>\n\n\n\n<p>2. We wtorek Nabo\u017ce\u0144stwo do \u015bw. Antoniego.<\/p>\n\n\n\n<p>3. <a><\/a>We \u015brod\u0119 Nowenna do Matki Bo\u017cej \u015anie\u017cnej.<\/p>\n\n\n\n<p>4. We czwartek od 17.15 adoracja i mo\u017cliwo\u015b\u0107 spowiedzi.<\/p>\n\n\n\n<p>5. W pi\u0105tek Nabo\u017ce\u0144stwo do Bo\u017cego Mi\u0142osierdzia \u2013 zapraszamy cz\u0142onk\u00f3w Koronki za Konaj\u0105cych.<\/p>\n\n\n\n<p>6. W przysz\u0142\u0105 niedziel\u0119 go\u015bci\u0142 b\u0119dzie u nas ks. Dmytro Lavreniuk z Ko\u015bcio\u0142a grecko-katolickiego, kt\u00f3ry b\u0119dzie g\u0142osi\u0142 s\u0142owo na temat ikony.<\/p>\n\n\n\n<p>7. B\u00f3g zap\u0142a\u0107 za ofiary na sprz\u0105tanie ko\u015bcio\u0142a. W tym tygodniu prosimy rodziny z ul. Senatorskiej \u2013 numery parzyste od 2 do 100: 2, 6, 12, 14, 14a, 24, 26, 30, 34, 36, 38, 40, 42, 44, 68, 80, 82g\/2, 88, 90, 94, 96, 98, 100.<\/p>\n\n\n\n<p>8. Zapowiedzi: Karol Grzebyk i Magdalena Michna (zap. II), Piotr Bojda i Justyna Gierlicka (zap. II), Jakub Tomo\u0144 i Natalia Polaczek (zap. III).<\/p>\n\n\n\n<p>9. W dniach od 21 do 23 lutego w Domu Diecezjalnym Tabor rekolekcje dla dziewcz\u0105t. Szczeg\u00f3\u0142y na plakatach.<\/p>\n\n\n\n<p>10. Caritas Diecezji Rzeszowskiej prosi o przekazanie 1,5% odpisu podatkowego na organizacj\u0119 po\u017cytku publicznego \u201eBli\u017ani w potrzebie\u201d. Ulotki s\u0105 na stolikach.<\/p>\n\n\n\n<p>11. Na pielgrzymk\u0119 do \u0141agiewnik w dniu 8 marca s\u0105 jeszcze 4 miejsca. Zapraszamy. Dzisiaj w zakrystii przyjmujemy wp\u0142aty na pielgrzymk\u0119.<\/p>\n\n\n\n<p>12. We czwartek w Ostrowcu \u015awi\u0119tokrzyskim odby\u0142 si\u0119 pogrzeb \u015bp. s. El\u017cbiety Kami\u0144skiej, kt\u00f3ra kiedy\u015b przez 8 lat pracowa\u0142a w Budziwoju jako zakrystianka. W pogrzebie uczestniczy\u0142a delegacja z naszej parafii. Pom\u00f3dlmy si\u0119 teraz w intencji s. El\u017cbiety: \u201eOjcze nasz\u2026\u201d, \u201eWieczne odpoczywanie\u2026\u201d, \u201eNiech odpoczywa w pokoju wiecznym. Amen\u201d.<\/p>\n","protected":false},"excerpt":{"rendered":"<p>&#8230;<\/p>\n","protected":false},"author":1,"featured_media":8276,"comment_status":"closed","ping_status":"","sticky":false,"template":"","format":"standard","meta":{"ngg_post_thumbnail":0,"footnotes":""},"categories":[25,13,14],"tags":[],"class_list":["post-9736","post","type-post","status-publish","format-standard","has-post-thumbnail","hentry","category-news","category-newsy","category-ogloszenia_duszp"],"_links":{"self":[{"href":"https:\/\/mbsniezna.rzeszow.pl\/index.php\/wp-json\/wp\/v2\/posts\/9736","targetHints":{"allow":["GET"]}}],"collection":[{"href":"https:\/\/mbsniezna.rzeszow.pl\/index.php\/wp-json\/wp\/v2\/posts"}],"about":[{"href":"https:\/\/mbsniezna.rzeszow.pl\/index.php\/wp-json\/wp\/v2\/types\/post"}],"author":[{"embeddable":true,"href":"https:\/\/mbsniezna.rzeszow.pl\/index.php\/wp-json\/wp\/v2\/users\/1"}],"replies":[{"embeddable":true,"href":"https:\/\/mbsniezna.rzeszow.pl\/index.php\/wp-json\/wp\/v2\/comments?post=9736"}],"version-history":[{"count":1,"href":"https:\/\/mbsniezna.rzeszow.pl\/index.php\/wp-json\/wp\/v2\/posts\/9736\/revisions"}],"predecessor-version":[{"id":9737,"href":"https:\/\/mbsniezna.rzeszow.pl\/index.php\/wp-json\/wp\/v2\/posts\/9736\/revisions\/9737"}],"wp:featuredmedia":[{"embeddable":true,"href":"https:\/\/mbsniezna.rzeszow.pl\/index.php\/wp-json\/wp\/v2\/media\/8276"}],"wp:attachment":[{"href":"https:\/\/mbsniezna.rzeszow.pl\/index.php\/wp-json\/wp\/v2\/media?parent=9736"}],"wp:term":[{"taxonomy":"category","embeddable":true,"href":"https:\/\/mbsniezna.rzeszow.pl\/index.php\/wp-json\/wp\/v2\/categories?post=9736"},{"taxonomy":"post_tag","embeddable":true,"href":"https:\/\/mbsniezna.rzeszow.pl\/index.php\/wp-json\/wp\/v2\/tags?post=9736"}],"curies":[{"name":"wp","href":"https:\/\/api.w.org\/{rel}","templated":true}]}}