{"id":9751,"date":"2025-03-08T23:29:00","date_gmt":"2025-03-08T22:29:00","guid":{"rendered":"https:\/\/mbsniezna.rzeszow.pl\/?p=9751"},"modified":"2025-03-08T23:29:00","modified_gmt":"2025-03-08T22:29:00","slug":"i-niedziela-wielkiego-postu-9-marca-2025-roku","status":"publish","type":"post","link":"https:\/\/mbsniezna.rzeszow.pl\/index.php\/2025\/03\/08\/i-niedziela-wielkiego-postu-9-marca-2025-roku\/","title":{"rendered":"I NIEDZIELA WIELKIEGO POSTU 9 MARCA 2025 ROKU"},"content":{"rendered":"\n<p>1. W poniedzia\u0142ek dzie\u0144 modlitwy za przyczyn\u0105 b\u0142. rodziny Ulm\u00f3w.<\/p>\n\n\n\n<p>2. We wtorek na Msz\u0119 wieczorn\u0105 zapraszamy wszystkich kandydat\u00f3w do bierzmowania z klas VIII \u2013 b\u0119dzie przekazanie modlitewnik\u00f3w.<\/p>\n\n\n\n<p>3. <a><\/a>We wtorek o 19.00 w salce katecheza dla doros\u0142ych.<\/p>\n\n\n\n<p>4. We wtorek nabo\u017ce\u0144stwo do \u015bw. Antoniego.<\/p>\n\n\n\n<p>5. We \u015brod\u0119 o 16.30 zbi\u00f3rka kandydat\u00f3w na ministrant\u00f3w. Zapraszamy ch\u0142opc\u00f3w od klasy IV.<\/p>\n\n\n\n<p>6. We \u015brod\u0119 o 17.30 r\u00f3\u017caniec o poszanowanie \u017cycia, Nowenna do Matki Bo\u017cej \u015anie\u017cnej.<\/p>\n\n\n\n<p>7. We czwartek od 17.15 adoracja i spowied\u017a.<\/p>\n\n\n\n<p>8. We czwartek o 19.00 zbi\u00f3rka wszystkich ministrant\u00f3w.<\/p>\n\n\n\n<p>9. W pi\u0105tek Droga Krzy\u017cowej o 17.30 i 20.00.<\/p>\n\n\n\n<p>10. W pi\u0105tek spotkania oazy: 16.30- m\u0142odsza, 19.00 \u2013 starsza.<\/p>\n\n\n\n<p>11. W niedziel\u0119 o 6.30 Droga Krzy\u017cowa a o 17.00 Gorzkie \u017bale.<\/p>\n\n\n\n<p>12. W przysz\u0142\u0105 niedziel\u0119 prosimy o sk\u0142adk\u0119 na cele inwestycyjne.<\/p>\n\n\n\n<p>13. Za tydzie\u0144 tak\u017ce zbi\u00f3rka do puszek na misje.<\/p>\n\n\n\n<p>14. B\u00f3g zap\u0142a\u0107 za ofiary na sprz\u0105tanie ko\u015bcio\u0142a. W tym tygodniu prosimy rodziny z ul. Senatorskiej \u2013 numery parzyste od 232 do 362a: 232, 240, 240a, 260, 262b, 264, 266, 296, 298, 316f, 352, 358, 362, 362a.<\/p>\n\n\n\n<p>15.1.Rozpocz\u0119\u0142a si\u0119 rekrutacja do naszej szko\u0142y podstawowej i przedszkola na rok szkolny 2025\/26. Potrwa ona do 14 marca do godz. 15.00. Wnioski nale\u017cy wype\u0142ni\u0107 w systemie elektronicznym. Wydruki sk\u0142adamy w sekretariacie szko\u0142y i u wicedyrektora lub do wyznaczonych skrzynek. Nie decyduje kolejno\u015b\u0107 zg\u0142osze\u0144. Link do systemu rekrutacyjnego i szczeg\u00f3\u0142owe informacje podane s\u0105 na stronie szko\u0142y.<\/p>\n","protected":false},"excerpt":{"rendered":"<p>&#8230;<\/p>\n","protected":false},"author":1,"featured_media":8276,"comment_status":"closed","ping_status":"","sticky":false,"template":"","format":"standard","meta":{"ngg_post_thumbnail":0,"footnotes":""},"categories":[25,13,14],"tags":[],"class_list":["post-9751","post","type-post","status-publish","format-standard","has-post-thumbnail","hentry","category-news","category-newsy","category-ogloszenia_duszp"],"_links":{"self":[{"href":"https:\/\/mbsniezna.rzeszow.pl\/index.php\/wp-json\/wp\/v2\/posts\/9751","targetHints":{"allow":["GET"]}}],"collection":[{"href":"https:\/\/mbsniezna.rzeszow.pl\/index.php\/wp-json\/wp\/v2\/posts"}],"about":[{"href":"https:\/\/mbsniezna.rzeszow.pl\/index.php\/wp-json\/wp\/v2\/types\/post"}],"author":[{"embeddable":true,"href":"https:\/\/mbsniezna.rzeszow.pl\/index.php\/wp-json\/wp\/v2\/users\/1"}],"replies":[{"embeddable":true,"href":"https:\/\/mbsniezna.rzeszow.pl\/index.php\/wp-json\/wp\/v2\/comments?post=9751"}],"version-history":[{"count":1,"href":"https:\/\/mbsniezna.rzeszow.pl\/index.php\/wp-json\/wp\/v2\/posts\/9751\/revisions"}],"predecessor-version":[{"id":9752,"href":"https:\/\/mbsniezna.rzeszow.pl\/index.php\/wp-json\/wp\/v2\/posts\/9751\/revisions\/9752"}],"wp:featuredmedia":[{"embeddable":true,"href":"https:\/\/mbsniezna.rzeszow.pl\/index.php\/wp-json\/wp\/v2\/media\/8276"}],"wp:attachment":[{"href":"https:\/\/mbsniezna.rzeszow.pl\/index.php\/wp-json\/wp\/v2\/media?parent=9751"}],"wp:term":[{"taxonomy":"category","embeddable":true,"href":"https:\/\/mbsniezna.rzeszow.pl\/index.php\/wp-json\/wp\/v2\/categories?post=9751"},{"taxonomy":"post_tag","embeddable":true,"href":"https:\/\/mbsniezna.rzeszow.pl\/index.php\/wp-json\/wp\/v2\/tags?post=9751"}],"curies":[{"name":"wp","href":"https:\/\/api.w.org\/{rel}","templated":true}]}}