{"id":9756,"date":"2025-03-15T23:21:45","date_gmt":"2025-03-15T22:21:45","guid":{"rendered":"https:\/\/mbsniezna.rzeszow.pl\/?p=9756"},"modified":"2025-03-15T23:21:45","modified_gmt":"2025-03-15T22:21:45","slug":"intencje-mszalne-od-17-do-23-marca-2025-roku","status":"publish","type":"post","link":"https:\/\/mbsniezna.rzeszow.pl\/index.php\/2025\/03\/15\/intencje-mszalne-od-17-do-23-marca-2025-roku\/","title":{"rendered":"INTENCJE MSZALNE OD 17 DO 23 MARCA 2025 ROKU"},"content":{"rendered":"\n<p><strong>Poniedzia\u0142ek 17 marca<\/strong><\/p>\n\n\n\n<p>7.00 +Dzi\u0119kczynna w dniu imienin<\/p>\n\n\n\n<p>7.00 +ks. Stanis\u0142aw Jezierski<\/p>\n\n\n\n<p>18.00 O zdrowie i b\u0142ogos\u0142awie\u0144stwo Bo\u017ce dla J\u00f3zefa<\/p>\n\n\n\n<p>18.00&nbsp; +J\u00f3zef Wojtowicz<\/p>\n\n\n\n<p>18.00 +Zbigniew Obara i ++ z rodziny<\/p>\n\n\n\n<p>*+Adam Kyc od Haliny T\u0142uczek z rodzin\u0105 (Aczy\u0144sk)<\/p>\n\n\n\n<p>*+Stanis\u0142awa Tobiasz od rodziny Mac\u00f3w (Zambia)<\/p>\n\n\n\n<p>*+Stefan Pa\u0142ka od Zofii i Ma\u0142gorzaty Pa\u0142ka (RPA), *+Aniela Ko\u0144 (17)<\/p>\n\n\n\n<p><strong>Wtorek 18 marca<\/strong><\/p>\n\n\n\n<p>7.00 +J\u00f3zef M\u0119drek<\/p>\n\n\n\n<p>18.00 +J\u00f3zef, +Maria Bury, ++ z rodziny<\/p>\n\n\n\n<p>18.00 +J\u00f3zef, +Maria \u015alemp<\/p>\n\n\n\n<p>18.00 +Maria, +Longin Pa\u015bko<\/p>\n\n\n\n<p>*+Adam Kyc od Bronis\u0142awy Pitera (Aczy\u0144sk)<\/p>\n\n\n\n<p>*+Waldemar Matejek od rodziny Leszczak\u00f3w (Zambia)<\/p>\n\n\n\n<p>*+Aniela Kluz od rodziny Borowiec (RPA), *+Aniela Ko\u0144 (18)<\/p>\n\n\n\n<p><strong>\u015aroda 19 marca<\/strong><\/p>\n\n\n\n<p>7.00 +J\u00f3zef Jacek<\/p>\n\n\n\n<p>7.00 +J\u00f3zef&nbsp; G\u0142odowski \u2013 w dniu imienin<\/p>\n\n\n\n<p>18. 00 +Maria, +Antonina, +Marcin Tondera<\/p>\n\n\n\n<p>18.00 +Bogdan, +J\u00f3zef Szcz\u0119ch, +Augustyn Mazur<\/p>\n\n\n\n<p>*+Adam Kyc od Magdaleny i Patryka Kyc (Aczy\u0144sk)<\/p>\n\n\n\n<p>*+Irena Borowiec od Kamila Mi\u0105sik z rodzin\u0105 (Zambia)<\/p>\n\n\n\n<p>*+Zbigniew P\u0105czek od siostrzenicy Malwiny (RPA), *+Aniela Ko\u0144 (19)<\/p>\n\n\n\n<p><strong>Czwartek 20 marca<\/strong><\/p>\n\n\n\n<p>7.00 +J\u00f3zef Szyde\u0142ko od uczestnik\u00f3w pogrzebu<\/p>\n\n\n\n<p>18.00 +J\u00f3zef Kom\u00f3rek<\/p>\n\n\n\n<p>18.00 +Jan, +Maria Pa\u015bkiewicz<\/p>\n\n\n\n<p>18.00 +Zbigniew Filip (6 rocz.)<\/p>\n\n\n\n<p>*+Adam Kyc od Jacka Pa\u0142ki z rodzin\u0105 (Aczy\u0144sk)<\/p>\n\n\n\n<p>*+Boles\u0142awa Bara\u0144ska od swat\u00f3w Pa\u015bk\u00f3w (Zambia)<\/p>\n\n\n\n<p>*+Eugeniusz Raczak od Kazimierz Pa\u015bkiewicza z rodzin\u0105, *+Aniela Ko\u0144 (20)<\/p>\n\n\n\n<p><strong>Pi\u0105tek 21 marca<\/strong><\/p>\n\n\n\n<p>7.00 O \u0142ask\u0119 zdrowia, dary Ducha \u015awi\u0119tego, o Bo\u017ce b\u0142ogos\u0142awie\u0144stwo i opiek\u0119 Matki Bo\u017cej dla ks. Bogdana Hahna<\/p>\n\n\n\n<p>7.00 +Zofia, +Adam Wnuk<\/p>\n\n\n\n<p>18.00 Dzi\u0119kczynna za otrzymane \u0142aski<\/p>\n\n\n\n<p>18.00 +J\u00f3zef, +Stanis\u0142aw Naw\u00f3j<\/p>\n\n\n\n<p>18.00 +Stanis\u0142aw Michalski (10 rocz.)<\/p>\n\n\n\n<p>*+Adam Kyc od Jana Pitera z rodzin\u0105 (Aczy\u0144sk)<\/p>\n\n\n\n<p>*+Pawe\u0142 G\u0142owiak od wsp\u00f3\u0142pracownik\u00f3w c\u00f3rki z UM Krakowa (Zambia)<\/p>\n\n\n\n<p>*+Eugeniusz Per\u0142owski od s\u0105siad\u00f3w Pr\u0119dkich (RPA), *+Aniela Ko\u0144 (21)<\/p>\n\n\n\n<p><strong>Sobota 22 marca<\/strong><\/p>\n\n\n\n<p>7.00 +Teodozja Majcher (9 rocz.)<\/p>\n\n\n\n<p>18.00 +J\u00f3zef Ko\u0142wa<\/p>\n\n\n\n<p>18.00 +J\u00f3zef, +Julia, +El\u017cbieta<\/p>\n\n\n\n<p>18.00 +Leon, +Anna Pitera<\/p>\n\n\n\n<p>*+Adam Kyc od s\u0105siad\u00f3w z ul. Jana Paw\u0142a II (Aczy\u0144sk)<\/p>\n\n\n\n<p>*+Bronis\u0142aw Duma od pracownik\u00f3w Firmy Opella (Zambia)<\/p>\n\n\n\n<p>*+Jan Sysolak od Jurka i W\u0142adys\u0142awy Pryk (RPA), *+Aniela Ko\u0144 (22)<\/p>\n\n\n\n<p><strong>Niedziela 23 marca<\/strong><\/p>\n\n\n\n<p>7.00 O powr\u00f3t do zdrowia dla Les\u0142awa<\/p>\n\n\n\n<p>7.00 +J\u00f3zef, +Czes\u0142aw Burdasz, ++ z rodziny<\/p>\n\n\n\n<p>9.00 +Mariusz Bursztyn (3 rocz.) od \u017cony Marty<\/p>\n\n\n\n<p>9.00 +Anna, +J\u00f3zef Pa\u015bkiewicz<\/p>\n\n\n\n<p>*+Adam Kyc od Wandy Ziemniak (Aczy\u0144sk)<\/p>\n\n\n\n<p>*+Tadeusz S\u0142owik od Iwony z m\u0119\u017cem<\/p>\n\n\n\n<p>*+Jan Kuncewicz od rodziny Cmokiewicz (RPA), *+Aniela Ko\u0144 (23)<\/p>\n\n\n\n<p>10.30 +Stanis\u0142aw, +Stanis\u0142aw Misztal, +Wanda, +Krystyna<\/p>\n\n\n\n<p>12.00 Za parafian \u017cywych i zmar\u0142ych<\/p>\n\n\n\n<p>16.00 +Czes\u0142awa (4 rocz), +W\u0142adys\u0142aw Szwed<\/p>\n\n\n\n<p>18.00 +Tadeusz Pr\u0119dki, +Katarzyna<\/p>\n","protected":false},"excerpt":{"rendered":"<p>&#8230;<\/p>\n","protected":false},"author":1,"featured_media":7666,"comment_status":"closed","ping_status":"","sticky":false,"template":"","format":"standard","meta":{"ngg_post_thumbnail":0,"footnotes":""},"categories":[4,25,13],"tags":[],"class_list":["post-9756","post","type-post","status-publish","format-standard","has-post-thumbnail","hentry","category-intencje","category-news","category-newsy"],"_links":{"self":[{"href":"https:\/\/mbsniezna.rzeszow.pl\/index.php\/wp-json\/wp\/v2\/posts\/9756","targetHints":{"allow":["GET"]}}],"collection":[{"href":"https:\/\/mbsniezna.rzeszow.pl\/index.php\/wp-json\/wp\/v2\/posts"}],"about":[{"href":"https:\/\/mbsniezna.rzeszow.pl\/index.php\/wp-json\/wp\/v2\/types\/post"}],"author":[{"embeddable":true,"href":"https:\/\/mbsniezna.rzeszow.pl\/index.php\/wp-json\/wp\/v2\/users\/1"}],"replies":[{"embeddable":true,"href":"https:\/\/mbsniezna.rzeszow.pl\/index.php\/wp-json\/wp\/v2\/comments?post=9756"}],"version-history":[{"count":1,"href":"https:\/\/mbsniezna.rzeszow.pl\/index.php\/wp-json\/wp\/v2\/posts\/9756\/revisions"}],"predecessor-version":[{"id":9757,"href":"https:\/\/mbsniezna.rzeszow.pl\/index.php\/wp-json\/wp\/v2\/posts\/9756\/revisions\/9757"}],"wp:featuredmedia":[{"embeddable":true,"href":"https:\/\/mbsniezna.rzeszow.pl\/index.php\/wp-json\/wp\/v2\/media\/7666"}],"wp:attachment":[{"href":"https:\/\/mbsniezna.rzeszow.pl\/index.php\/wp-json\/wp\/v2\/media?parent=9756"}],"wp:term":[{"taxonomy":"category","embeddable":true,"href":"https:\/\/mbsniezna.rzeszow.pl\/index.php\/wp-json\/wp\/v2\/categories?post=9756"},{"taxonomy":"post_tag","embeddable":true,"href":"https:\/\/mbsniezna.rzeszow.pl\/index.php\/wp-json\/wp\/v2\/tags?post=9756"}],"curies":[{"name":"wp","href":"https:\/\/api.w.org\/{rel}","templated":true}]}}