{"id":9758,"date":"2025-03-15T23:22:22","date_gmt":"2025-03-15T22:22:22","guid":{"rendered":"https:\/\/mbsniezna.rzeszow.pl\/?p=9758"},"modified":"2025-03-15T23:22:22","modified_gmt":"2025-03-15T22:22:22","slug":"ii-niedziela-wielkiego-postu-16-marca-2025-r","status":"publish","type":"post","link":"https:\/\/mbsniezna.rzeszow.pl\/index.php\/2025\/03\/15\/ii-niedziela-wielkiego-postu-16-marca-2025-r\/","title":{"rendered":"II NIEDZIELA WIELKIEGO POSTU 16 MARCA 2025 R."},"content":{"rendered":"\n<ol class=\"wp-block-list\">\n<li>Jutro dzie\u0144 modlitwy za przyczyn\u0105 b\u0142. Rodziny Ulm\u00f3w.<\/li>\n<\/ol>\n\n\n\n<ol start=\"2\" class=\"wp-block-list\">\n<li>We wtorek nabo\u017ce\u0144stwo do \u015bw. Antoniego.<\/li>\n<\/ol>\n\n\n\n<ol start=\"3\" class=\"wp-block-list\">\n<li>We wtorek o 19.00 katecheza dla doros\u0142ych.<\/li>\n<\/ol>\n\n\n\n<ol start=\"4\" class=\"wp-block-list\">\n<li>We \u015brod\u0119 uroczysto\u015b\u0107 \u015bw. J\u00f3zefa oblubie\u0144ca Naj\u015bw. Maryi Panny.<\/li>\n<\/ol>\n\n\n\n<ol start=\"5\" class=\"wp-block-list\">\n<li>We \u015brod\u0119 o 16.30 zbi\u00f3rka kandydat\u00f3w na ministrant\u00f3w.<\/li>\n<\/ol>\n\n\n\n<ol start=\"6\" class=\"wp-block-list\">\n<li>W \u015brod\u0119 rozpoczyna si\u0119 Tydzie\u0144 Modlitw o Ochron\u0119 \u017bycia \u2013 zapoznawa\u0107 si\u0119 b\u0119dziemy z postaciami Polak\u00f3w kt\u00f3rzy maj\u0105 du\u017ce zas\u0142ugi w obronie \u017cycia. W uroczysto\u015b\u0107 zwiastowania Pa\u0144skiego \u2013 25 marca, b\u0119dzie mo\u017cliwo\u015b\u0107 przyst\u0105pienia do Duchowej Adopcji Dziecka Pocz\u0119tego.<\/li>\n<\/ol>\n\n\n\n<ol start=\"7\" class=\"wp-block-list\">\n<li>We czwartek od 17.15 adoracja i mo\u017cliwo\u015b\u0107 spowiedzi.<\/li>\n<\/ol>\n\n\n\n<ol start=\"8\" class=\"wp-block-list\">\n<li>We czwartek na Msz\u0119 \u015bw. Zapraszamy wszystkich kandydat\u00f3w do bierzmowania z klas VIII \u2013 b\u0119dzie obecny delegat ksi\u0119dza biskupa do spraw bierzmowania ks. dr Janusz Podlaszczak.<\/li>\n<\/ol>\n\n\n\n<ol start=\"9\" class=\"wp-block-list\">\n<li>We czwartek o 19 .00 zbi\u00f3rka wszystkich ministrant\u00f3w.<\/li>\n<\/ol>\n\n\n\n<ol start=\"10\" class=\"wp-block-list\">\n<li>W pi\u0105tek spotkania oazy: 16.30 m\u0142odsza, 19.00 starsza.<\/li>\n<\/ol>\n\n\n\n<ol start=\"11\" class=\"wp-block-list\">\n<li>W pi\u0105tek nabo\u017ce\u0144stwo Drogi Krzy\u017cowej o godz. 17.30 i 20.00.<\/li>\n<\/ol>\n\n\n\n<ol start=\"12\" class=\"wp-block-list\">\n<li>W sobot\u0119 o 7.00 wyjazd na Drog\u0119 Krzy\u017cow\u0105 z Rymanowa Zdroju\u00a0 do Iwonicza Zdroju. Prosimy uregulowa\u0107 op\u0142aty.<\/li>\n<\/ol>\n\n\n\n<ol start=\"13\" class=\"wp-block-list\">\n<li>W sobot\u0119 pr\u00f3ba scholii o godz. 10.00.<\/li>\n<\/ol>\n\n\n\n<ol start=\"14\" class=\"wp-block-list\">\n<li>W niedziel\u0119 Droga Krzy\u017cowa o 6.30, a o 17.00\u00a0 Gorzkie \u017bale.<\/li>\n<\/ol>\n\n\n\n<ol start=\"15\" class=\"wp-block-list\">\n<li>Zapowiedzi przed\u015blubne: Wojciech Jankowski \u2013 Marta Grochola (zap. I).<\/li>\n<\/ol>\n\n\n\n<ol start=\"16\" class=\"wp-block-list\">\n<li>B\u00f3g zap\u0142a\u0107 za ofiary na sprz\u0105tanie ko\u015bcio\u0142a. W tym tygodniu prosimy rodziny z <strong>ul. Senatorskiej \u2013 numery nieparzyste od 3 do 53g\/2<\/strong> \u2013 3, 11, 15, 17, 19a, 23, 27, 29, 39a, 41,, 53a\/2, 53b\/2, 53c\/1, 53d\/1, 53d\/2, 53e\/1, 53e\/2, 53f\/1, 53f\/2, 53g\/1, 53g\/2.<\/li>\n<\/ol>\n\n\n\n<ol start=\"17\" class=\"wp-block-list\">\n<li>Zmar\u0142 \u015bp. Eugeniusz Nitka z ul. Sportowc\u00f3w \u2013 tato ks. Bogdana Nitki. Pogrzeb b\u0119dzie we wtorek o godz. 13.00.<\/li>\n<\/ol>\n\n\n\n<ol start=\"18\" class=\"wp-block-list\">\n<li>Dzisiaj niedziela misyjna \u201eAd gentes \u2013 do narod\u00f3w\u201d \u2013 zbi\u00f3rka do puszek na misje.<\/li>\n<\/ol>\n","protected":false},"excerpt":{"rendered":"<p>&#8230;<\/p>\n","protected":false},"author":1,"featured_media":7640,"comment_status":"closed","ping_status":"","sticky":false,"template":"","format":"standard","meta":{"ngg_post_thumbnail":0,"footnotes":""},"categories":[25,13,14],"tags":[],"class_list":["post-9758","post","type-post","status-publish","format-standard","has-post-thumbnail","hentry","category-news","category-newsy","category-ogloszenia_duszp"],"_links":{"self":[{"href":"https:\/\/mbsniezna.rzeszow.pl\/index.php\/wp-json\/wp\/v2\/posts\/9758","targetHints":{"allow":["GET"]}}],"collection":[{"href":"https:\/\/mbsniezna.rzeszow.pl\/index.php\/wp-json\/wp\/v2\/posts"}],"about":[{"href":"https:\/\/mbsniezna.rzeszow.pl\/index.php\/wp-json\/wp\/v2\/types\/post"}],"author":[{"embeddable":true,"href":"https:\/\/mbsniezna.rzeszow.pl\/index.php\/wp-json\/wp\/v2\/users\/1"}],"replies":[{"embeddable":true,"href":"https:\/\/mbsniezna.rzeszow.pl\/index.php\/wp-json\/wp\/v2\/comments?post=9758"}],"version-history":[{"count":1,"href":"https:\/\/mbsniezna.rzeszow.pl\/index.php\/wp-json\/wp\/v2\/posts\/9758\/revisions"}],"predecessor-version":[{"id":9759,"href":"https:\/\/mbsniezna.rzeszow.pl\/index.php\/wp-json\/wp\/v2\/posts\/9758\/revisions\/9759"}],"wp:featuredmedia":[{"embeddable":true,"href":"https:\/\/mbsniezna.rzeszow.pl\/index.php\/wp-json\/wp\/v2\/media\/7640"}],"wp:attachment":[{"href":"https:\/\/mbsniezna.rzeszow.pl\/index.php\/wp-json\/wp\/v2\/media?parent=9758"}],"wp:term":[{"taxonomy":"category","embeddable":true,"href":"https:\/\/mbsniezna.rzeszow.pl\/index.php\/wp-json\/wp\/v2\/categories?post=9758"},{"taxonomy":"post_tag","embeddable":true,"href":"https:\/\/mbsniezna.rzeszow.pl\/index.php\/wp-json\/wp\/v2\/tags?post=9758"}],"curies":[{"name":"wp","href":"https:\/\/api.w.org\/{rel}","templated":true}]}}