{"id":9761,"date":"2025-03-22T20:58:24","date_gmt":"2025-03-22T19:58:24","guid":{"rendered":"https:\/\/mbsniezna.rzeszow.pl\/?p=9761"},"modified":"2025-03-22T20:58:24","modified_gmt":"2025-03-22T19:58:24","slug":"intencje-mszalne-24-30-marca-2025-r","status":"publish","type":"post","link":"https:\/\/mbsniezna.rzeszow.pl\/index.php\/2025\/03\/22\/intencje-mszalne-24-30-marca-2025-r\/","title":{"rendered":"INTENCJE MSZALNE 24 \u2013 30 MARCA 2025 R."},"content":{"rendered":"\n<p><strong>Poniedzia\u0142ek 24 marca<\/strong><\/p>\n\n\n\n<p>7.00 O zdrowie, dary Ducha \u015awi\u0119tego, Bo\u017ce b\u0142og. i opiek\u0119 Matki Bo\u017cej dla ks. J\u00f3zefa Treli<\/p>\n\n\n\n<p>7.00 +Helena Majcher (10 rocz.)<\/p>\n\n\n\n<p>18.00 +J\u00f3zef, +Wiktoria Borowiec<\/p>\n\n\n\n<p>18.00 +Franciszek, +Stanis\u0142awa, +Danuta Hajnosz (22 rocz.)<\/p>\n\n\n\n<p>*+Stanis\u0142awa Lasota od Tadeusza Kota z rodzin\u0105 (Zambia)<\/p>\n\n\n\n<p>*+Stanis\u0142awa Homik od Janusza Ko\u015bciaka z rodzin\u0105 (RPA)<\/p>\n\n\n\n<p>*+Aniela Ko\u0144 (24)<\/p>\n\n\n\n<p><strong>Wtorek 25 marca<\/strong><\/p>\n\n\n\n<p>7.00 O b\u0142ogos\u0142awie\u0144stwo Bo\u017ce dla pielgrzym\u00f3w do \u0141agiewnik i ich rodzin<\/p>\n\n\n\n<p>18.00 O zdrowie, b\u0142og. Bo\u017ce dla Szymona, o zdanie egzamin\u00f3w na studiach \u2013 od rodzic\u00f3w<\/p>\n\n\n\n<p>18.00 +Katarzyna, +J\u00f3zef Stachurski<\/p>\n\n\n\n<p>*+Edward Kyc od rodziny Pr\u0119dkich<\/p>\n\n\n\n<p>*+Adam Miku\u0142a od Genowefy Cioch (RPA)<\/p>\n\n\n\n<p>*+Aniela Ko\u0144 (25)<\/p>\n\n\n\n<p><strong>\u015aroda&nbsp; 26 marca<\/strong><\/p>\n\n\n\n<p>7.00 O b\u0142ogos\u0142awie\u0144stwo Bo\u017ce dla pielgrzym\u00f3w do \u0141agiewniki i ich rodzin<\/p>\n\n\n\n<p>18.00 +Maria Jaje<\/p>\n\n\n\n<p>18.00 +Stanis\u0142aw, +Bronis\u0142awa, +Antoni Kotula<\/p>\n\n\n\n<p>*Dzi\u0119kczynna za \u017cycie Emilki Kawa i o Bo\u017ce b\u0142og. dla rodzic\u00f3w, brata i dziadk\u00f3w<\/p>\n\n\n\n<p>*+Stanis\u0142awa Tobiasz od rodziny Cag\u00f3w (Zambia)<\/p>\n\n\n\n<p>*+Aniela Kawa (26)<\/p>\n\n\n\n<p><strong>Czwartek 27 marca<\/strong><\/p>\n\n\n\n<p>7.00 O zdrowie dla mamy Janiny<\/p>\n\n\n\n<p>18.00 Dzi\u0119kczynna i o Bo\u017ce b\u0142og. dla Ewy w 29 urodziny i dla Jana w 25 urodziny<\/p>\n\n\n\n<p>18.00 O zdrowie i b\u0142ogos\u0142awie\u0144stwo Bo\u017ce dla Anny w 30 urodziny<\/p>\n\n\n\n<p>18.00 +Leon Pitera<\/p>\n\n\n\n<p>*+Waldemar Matejek od rodziny Drogo\u0144 (Zambia)<\/p>\n\n\n\n<p>*+Zenon Piekarz od Jana P\u0142odzie\u0144 z rodzina (RPA)<\/p>\n\n\n\n<p>*+Aniela Ko\u0144 (27)<\/p>\n\n\n\n<p><strong>Pi\u0105tek 28 marca<\/strong><\/p>\n\n\n\n<p>7.00 +Wojciech Ko\u0142odziej<\/p>\n\n\n\n<p>18.00 +Irena Rakowiecka od Iwony Wac\u0142awek<\/p>\n\n\n\n<p>18.00 +Jan, +Julia, +Stanis\u0142aw Szczoczarz<\/p>\n\n\n\n<p>*+Irena Borowiec od Magdaleny Kawalec z rodzin\u0105 (Zambia)<\/p>\n\n\n\n<p>*+Zofia Grzebyk od El\u017cbiety Szalacha (RPA)<\/p>\n\n\n\n<p>*+Aniela Ko\u0144 (28)<\/p>\n\n\n\n<p><strong>Sobota 29 marca<\/strong><\/p>\n\n\n\n<p>7.00 O b\u0142ogos\u0142awie\u0144stwo Bo\u017ce dla pielgrzym\u00f3w do \u0141agiewnik i ich rodzin<\/p>\n\n\n\n<p>18.00 O b\u0142ogos\u0142awie\u0144stwo Bo\u017ce dla Zosi od rodzic\u00f3w chrzestnych<\/p>\n\n\n\n<p>18.00 O Bo\u017ce b\u0142ogos\u0142awie\u0144stwo dla Aleksandry i Ma\u0142gorzaty<\/p>\n\n\n\n<p>*+Pawe\u0142 G\u0142owiak od swat\u00f3w i ich c\u00f3rki (Zambia)<\/p>\n\n\n\n<p>*+Tadeusz Szczygie\u0142 od Bo\u017ceny i Zdzis\u0142awa Ciuba z rodzin\u0105 (RPA)<\/p>\n\n\n\n<p>*+Aniela Ko\u0144 (29)<\/p>\n\n\n\n<p><strong>Niedziela 30 marca<\/strong><\/p>\n\n\n\n<p>7.00 +J\u00f3zefa Kuc, ++ z rodziny<\/p>\n\n\n\n<p>9.00 +Maria, +J\u00f3zef Cenkar<\/p>\n\n\n\n<p>*+Bronis\u0142aw Duma od Lucyny i Jacka Szylar (Zambia)<\/p>\n\n\n\n<p>*+Czes\u0142aw Rojek od Anny Winiarskiej z rodzin\u0105 (RPA)<\/p>\n\n\n\n<p>*+Aniela Ko\u0144 (30) \u2013 zako\u0144czenie Mszy gregoria\u0144skich<\/p>\n\n\n\n<p>10.30 +Jan Kielar (30 rocz.)<\/p>\n\n\n\n<p>12.00 za parafian \u017cywych i zmar\u0142ych<\/p>\n\n\n\n<p>16.00 +Ludwik, +Stefania (10 rocz.) G\u0142odowski<\/p>\n\n\n\n<p>18.00 Bierzmowanie<\/p>\n","protected":false},"excerpt":{"rendered":"<p>&#8230;<\/p>\n","protected":false},"author":1,"featured_media":7647,"comment_status":"closed","ping_status":"","sticky":false,"template":"","format":"standard","meta":{"ngg_post_thumbnail":0,"footnotes":""},"categories":[4,25,13],"tags":[],"class_list":["post-9761","post","type-post","status-publish","format-standard","has-post-thumbnail","hentry","category-intencje","category-news","category-newsy"],"_links":{"self":[{"href":"https:\/\/mbsniezna.rzeszow.pl\/index.php\/wp-json\/wp\/v2\/posts\/9761","targetHints":{"allow":["GET"]}}],"collection":[{"href":"https:\/\/mbsniezna.rzeszow.pl\/index.php\/wp-json\/wp\/v2\/posts"}],"about":[{"href":"https:\/\/mbsniezna.rzeszow.pl\/index.php\/wp-json\/wp\/v2\/types\/post"}],"author":[{"embeddable":true,"href":"https:\/\/mbsniezna.rzeszow.pl\/index.php\/wp-json\/wp\/v2\/users\/1"}],"replies":[{"embeddable":true,"href":"https:\/\/mbsniezna.rzeszow.pl\/index.php\/wp-json\/wp\/v2\/comments?post=9761"}],"version-history":[{"count":1,"href":"https:\/\/mbsniezna.rzeszow.pl\/index.php\/wp-json\/wp\/v2\/posts\/9761\/revisions"}],"predecessor-version":[{"id":9762,"href":"https:\/\/mbsniezna.rzeszow.pl\/index.php\/wp-json\/wp\/v2\/posts\/9761\/revisions\/9762"}],"wp:featuredmedia":[{"embeddable":true,"href":"https:\/\/mbsniezna.rzeszow.pl\/index.php\/wp-json\/wp\/v2\/media\/7647"}],"wp:attachment":[{"href":"https:\/\/mbsniezna.rzeszow.pl\/index.php\/wp-json\/wp\/v2\/media?parent=9761"}],"wp:term":[{"taxonomy":"category","embeddable":true,"href":"https:\/\/mbsniezna.rzeszow.pl\/index.php\/wp-json\/wp\/v2\/categories?post=9761"},{"taxonomy":"post_tag","embeddable":true,"href":"https:\/\/mbsniezna.rzeszow.pl\/index.php\/wp-json\/wp\/v2\/tags?post=9761"}],"curies":[{"name":"wp","href":"https:\/\/api.w.org\/{rel}","templated":true}]}}