{"id":9763,"date":"2025-03-22T20:59:07","date_gmt":"2025-03-22T19:59:07","guid":{"rendered":"https:\/\/mbsniezna.rzeszow.pl\/?p=9763"},"modified":"2025-03-22T20:59:07","modified_gmt":"2025-03-22T19:59:07","slug":"iii-niedziela-wielkiego-postu-23-marca-2025-r","status":"publish","type":"post","link":"https:\/\/mbsniezna.rzeszow.pl\/index.php\/2025\/03\/22\/iii-niedziela-wielkiego-postu-23-marca-2025-r\/","title":{"rendered":"III NIEDZIELA WIELKIEGO POSTU 23 MARCA 2025 R."},"content":{"rendered":"\n<ol class=\"wp-block-list\">\n<li>Trwa Tydzie\u0144 Modlitwy o Poszanowanie \u017bycia.<\/li>\n<\/ol>\n\n\n\n<ol start=\"2\" class=\"wp-block-list\">\n<li>We wtorek Uroczysto\u015b\u0107 Zwiastowania Pa\u0144skiego \u2013 Dzie\u0144 \u015awi\u0119to\u015bci \u017bycia. Na Mszy wieczornej przyj\u0119cie do Dzie\u0142a Duchowej Adopcji Dziecka Pocz\u0119tego. Zapraszamy do przyst\u0105pienia. Na stoliku s\u0105 deklaracje, kt\u00f3re wype\u0142nione prosimy przynie\u015b\u0107 \u00a0 we wtorek.<\/li>\n<\/ol>\n\n\n\n<ol start=\"3\" class=\"wp-block-list\">\n<li>We wtorek o 19.00 w salce katecheza dla doros\u0142ych.<\/li>\n<\/ol>\n\n\n\n<ol start=\"4\" class=\"wp-block-list\">\n<li>We \u015brod\u0119 o 16.30 zbi\u00f3rka kandydat\u00f3w na ministrant\u00f3w \u2013 zapraszamy ch\u0142opc\u00f3w od klasy IV.<\/li>\n<\/ol>\n\n\n\n<ol start=\"5\" class=\"wp-block-list\">\n<li>W czwartek i pi\u0105tek b\u0119d\u0105 rekolekcje wielkopostne dla dzieci z naszej szko\u0142y. Nosz\u0105 one has\u0142o \u201eZ Jezusem do nieba\u201d. Rekolekcje poprowadzi ks. Piotr W\u0105sacz \u2013 wikariusz w Nockowej. Program na plakatach i FB.<\/li>\n<\/ol>\n\n\n\n<ol start=\"6\" class=\"wp-block-list\">\n<li>We czwartek od 17.15 adoracja i mo\u017cliwo\u015b\u0107 spowiedzi.<\/li>\n<\/ol>\n\n\n\n<ol start=\"7\" class=\"wp-block-list\">\n<li>W czwartek o 19.00 zbi\u00f3rka wszystkich ministrant\u00f3w.<\/li>\n<\/ol>\n\n\n\n<ol start=\"8\" class=\"wp-block-list\">\n<li>W czwartek o 19.00 pr\u00f3ba wszystkich kandydat\u00f3w do bierzmowania.<\/li>\n<\/ol>\n\n\n\n<ol start=\"9\" class=\"wp-block-list\">\n<li>W pi\u0105tek od 16.00 do 18.00 spowied\u017a kandydat\u00f3w do bierzmowania, ich bliskich oraz \u015bwiadk\u00f3w.<\/li>\n<\/ol>\n\n\n\n<ol start=\"10\" class=\"wp-block-list\">\n<li>W pi\u0105tek nabo\u017ce\u0144stwo Drogi Krzy\u017cowej o 17.30 i 20.00.<\/li>\n<\/ol>\n\n\n\n<ol start=\"11\" class=\"wp-block-list\">\n<li>W pi\u0105tek dzie\u0144 modlitwy za przyczyn\u0105 \u015bw. Szarbela.<\/li>\n<\/ol>\n\n\n\n<ol start=\"12\" class=\"wp-block-list\">\n<li>W pi\u0105tek spotkania oazy: 16.30 \u2013 m\u0142odsza, 19.00 \u2013 starsza.<\/li>\n<\/ol>\n\n\n\n<ol start=\"13\" class=\"wp-block-list\">\n<li>W sobot\u0119 o 19.00 pr\u00f3ba generalna przed bierzmowaniem \u2013 zapraszamy wszystkich kandydat\u00f3w oraz \u015bwiadk\u00f3w.<\/li>\n<\/ol>\n\n\n\n<ol start=\"14\" class=\"wp-block-list\">\n<li>W niedziel\u0119 Droga Krzy\u017cowa o 6.30 i Gorzkie \u017bale o godz. 17.00 \u2013 prosimy o sk\u0142adk\u0119 na kwiaty do Bo\u017cego Grobu.<\/li>\n<\/ol>\n\n\n\n<ol start=\"15\" class=\"wp-block-list\">\n<li>W niedziel\u0119 na Mszy o godz. 18.00 bierzmowanie m\u0142odzie\u017cy z klas VIII, kt\u00f3rego dokona ks. bp Edward Bia\u0142og\u0142owski. Na Msz\u0119 zapraszamy rodzic\u00f3w, rodzic\u00f3w chrzestnych, rodze\u0144stwo i dziadk\u00f3w bierzmowanych. Zach\u0119camy, aby wieczorem urz\u0105dzi\u0107 rodzinne spotkanie przy stole, kt\u00f3re tak\u017ce podkre\u015bli rang\u0119 tego wydarzenia.<\/li>\n<\/ol>\n\n\n\n<ol start=\"16\" class=\"wp-block-list\">\n<li>Zapowiedzi przed\u015blubne: Wojciech Jankowski \u2013 Marta Grochola (zap. II).<\/li>\n<\/ol>\n\n\n\n<ol start=\"17\" class=\"wp-block-list\">\n<li>B\u00f3g zap\u0142a\u0107 za ofiary na sprz\u0105tanie ko\u015bcio\u0142a. W tym tygodniu prosimy rodziny z ul. Senatorskiej \u2013 numery nieparzyste od 53i\/1 do 63: 53i\/1, 53i\/2, 53ki\/1, 53l\/1, 53m\/2, 53n\/1, 53u\/1, 53p\/1, 53r\/1, 53s\/1, 53t\/1, 53t\/2, 53w\/1, 53w\/2, 55,59, 57, 59, 61, 63.<\/li>\n<\/ol>\n\n\n\n<ol start=\"18\" class=\"wp-block-list\">\n<li>W zakrystii s\u0105 do nabycia baranki wielkanocne Caritas \u2013 po 10 z\u0142.<\/li>\n<\/ol>\n\n\n\n<ol start=\"19\" class=\"wp-block-list\">\n<li>Za tydzie\u0144 przyb\u0119d\u0105 do nas wolontariusze, kt\u00f3rzy w ramach og\u00f3lnopolskiej akcji \u201ePola nadziei\u201d zbiera\u0107 b\u0119d\u0105 ofiary do puszek na rzecz hospicjum dla dzieci w Rzeszowie.<\/li>\n<\/ol>\n\n\n\n<ol start=\"20\" class=\"wp-block-list\">\n<li>Zrodzi\u0142a si\u0119 inicjatywa, aby na naszym Osiedlu powsta\u0142y struktury Zwi\u0105zku Strzeleckiego \u201eStrzelec\u201d J\u00f3zefa Pi\u0142sudskiego. Zwi\u0105zek jest organizacj\u0105 proobronn\u0105 maj\u0105c\u0105 na celu kultywowanie w\u015br\u00f3d m\u0142odzie\u017cy warto\u015bci patriotycznych. Ch\u0119tne dziewcz\u0119ta i ch\u0142opc\u00f3w w wieku 14-18 lat zapraszamy do wst\u0105pienia w szeregi Zwi\u0105zku, kt\u00f3ry b\u0119dzie te\u017c kultywowa\u0142 tradycj\u0119 Strzelc\u00f3w Budziwojskich.<\/li>\n<\/ol>\n\n\n\n<p>Spotkanie organizacyjne b\u0119dzie we wtorek 25 marca o godzinie 17.00 w Szkole Podstawowej nr 15 w Budziwoju, w sali nr 3 (osoby niepe\u0142noletnie prosimy o przybicie z rodzicem). Zapraszamy. Na parafialnym FB s\u0105 filmiki o Zwi\u0105zku Strzeleckim.<\/p>\n","protected":false},"excerpt":{"rendered":"<p>&#8230;<\/p>\n","protected":false},"author":1,"featured_media":6844,"comment_status":"closed","ping_status":"","sticky":false,"template":"","format":"standard","meta":{"ngg_post_thumbnail":0,"footnotes":""},"categories":[25,13,14],"tags":[],"class_list":["post-9763","post","type-post","status-publish","format-standard","has-post-thumbnail","hentry","category-news","category-newsy","category-ogloszenia_duszp"],"_links":{"self":[{"href":"https:\/\/mbsniezna.rzeszow.pl\/index.php\/wp-json\/wp\/v2\/posts\/9763","targetHints":{"allow":["GET"]}}],"collection":[{"href":"https:\/\/mbsniezna.rzeszow.pl\/index.php\/wp-json\/wp\/v2\/posts"}],"about":[{"href":"https:\/\/mbsniezna.rzeszow.pl\/index.php\/wp-json\/wp\/v2\/types\/post"}],"author":[{"embeddable":true,"href":"https:\/\/mbsniezna.rzeszow.pl\/index.php\/wp-json\/wp\/v2\/users\/1"}],"replies":[{"embeddable":true,"href":"https:\/\/mbsniezna.rzeszow.pl\/index.php\/wp-json\/wp\/v2\/comments?post=9763"}],"version-history":[{"count":1,"href":"https:\/\/mbsniezna.rzeszow.pl\/index.php\/wp-json\/wp\/v2\/posts\/9763\/revisions"}],"predecessor-version":[{"id":9764,"href":"https:\/\/mbsniezna.rzeszow.pl\/index.php\/wp-json\/wp\/v2\/posts\/9763\/revisions\/9764"}],"wp:featuredmedia":[{"embeddable":true,"href":"https:\/\/mbsniezna.rzeszow.pl\/index.php\/wp-json\/wp\/v2\/media\/6844"}],"wp:attachment":[{"href":"https:\/\/mbsniezna.rzeszow.pl\/index.php\/wp-json\/wp\/v2\/media?parent=9763"}],"wp:term":[{"taxonomy":"category","embeddable":true,"href":"https:\/\/mbsniezna.rzeszow.pl\/index.php\/wp-json\/wp\/v2\/categories?post=9763"},{"taxonomy":"post_tag","embeddable":true,"href":"https:\/\/mbsniezna.rzeszow.pl\/index.php\/wp-json\/wp\/v2\/tags?post=9763"}],"curies":[{"name":"wp","href":"https:\/\/api.w.org\/{rel}","templated":true}]}}