{"id":9765,"date":"2025-03-29T22:20:49","date_gmt":"2025-03-29T21:20:49","guid":{"rendered":"https:\/\/mbsniezna.rzeszow.pl\/?p=9765"},"modified":"2025-03-29T22:20:49","modified_gmt":"2025-03-29T21:20:49","slug":"intencje-mszalne-31-o3-6-04-2025-r","status":"publish","type":"post","link":"https:\/\/mbsniezna.rzeszow.pl\/index.php\/2025\/03\/29\/intencje-mszalne-31-o3-6-04-2025-r\/","title":{"rendered":"INTENCJE MSZALNE 31.O3 \u2013 6.04. 2025 R."},"content":{"rendered":"\n<p><strong>Poniedzia\u0142ek 31 marca<\/strong><\/p>\n\n\n\n<p>7.00 O zdrowie dla Ewy i potrzebne \u0142aski<\/p>\n\n\n\n<p>7.00 O Bo\u017ce b\u0142ogos\u0142awie\u0144stwo dla pielgrzym\u00f3w do \u0141agiewnik i ich rodzin<\/p>\n\n\n\n<p>18.00 O zdrowie dla Ewy od pracownik\u00f3w Przedszkola Si\u00f3str<\/p>\n\n\n\n<p>18.00 O Bo\u017ce b\u0142ogos\u0142awie\u0144stwo dla Leona z racji urodzin<\/p>\n\n\n\n<p>18.00 +Bronis\u0142aw Duma<\/p>\n\n\n\n<p><strong>Wtorek 1 kwietnia<\/strong><\/p>\n\n\n\n<p>7.00 O zdrowie, Bo\u017ce b\u0142ogos\u0142awie\u0144stwo i opiek\u0119 Matki Bo\u017cej dla Jana Tabora<\/p>\n\n\n\n<p>7.00 O zdrowie i opiek\u0119 Matki Bo\u017cej dla ci\u0119\u017cko chorego Paw\u0142a od matki chrzestnej<\/p>\n\n\n\n<p>7.00 ++ z rodzin Bobr\u00f3w, Kaw\u00f3w i Wielgus\u00f3w<\/p>\n\n\n\n<p>18.00 +o. Adam, +Janina, +Marian Kotula<\/p>\n\n\n\n<p>18.00 +Roman Pa\u0142ka (6 rocz.)<\/p>\n\n\n\n<p>18 .00 +Mariusz, +Tadeusz \u015alemp<\/p>\n\n\n\n<p>*+Zdzis\u0142aw Tabisz od kolegi Romana Ba\u0142y z rodzin\u0105 (RPA)<\/p>\n\n\n\n<p>*+Helena Jakubiec od rodziny Kuczy\u0144skich (Zambia)<\/p>\n\n\n\n<p>*+Ludwika Per\u0142owska (1) -rozpocz\u0119cie Mszy gregoria\u0144skich w J\u0119drzejowie<\/p>\n\n\n\n<p><strong>\u015aroda 2 kwietnia<\/strong><\/p>\n\n\n\n<p>7.00 +Jerzy Krzto\u0144 od Mariusza Dr\u0105\u017cek z rodzin\u0105<\/p>\n\n\n\n<p>7.00 +Stanis\u0142aw, +Maria Szczygie\u0142<\/p>\n\n\n\n<p>18.00 + Stanis\u0142awa Lubera od kole\u017canki<\/p>\n\n\n\n<p>18.00 +Henryk Wojturski (8 rocz.)<\/p>\n\n\n\n<p>*+Helena Biestek od Anny Szwed z rodzin\u0105 (RPA)<\/p>\n\n\n\n<p>*+Helena Jakubiec od rodziny Kawalc\u00f3w z Niechobrza<\/p>\n\n\n\n<p>*+Ludwika Per\u0142owska (2)<\/p>\n\n\n\n<p><strong>Czwartek 3 kwietnia<\/strong><\/p>\n\n\n\n<p>7.00 +Eugeniusz Baran od \u017cony<\/p>\n\n\n\n<p>7.00 +Eugeniusz Baran od Marii i Stanis\u0142awa Warzybok<\/p>\n\n\n\n<p>18.00 O b\u0142og. Bo\u017ce i opiek\u0119 Matki Bo\u017cej dla Ksawerego w 9 urodziny<\/p>\n\n\n\n<p>18.00 +Adam Gawe\u0142 (16 rocz.)<\/p>\n\n\n\n<p>*+Robert R\u0105czka od rodziny z Trzciany (RPA)<\/p>\n\n\n\n<p>*+Helena Jakubiec od rodziny Kalandyk (Zambia)<\/p>\n\n\n\n<p>*+Ludwika Per\u0142owska (3)<\/p>\n\n\n\n<p><strong>Pi\u0105tek 4 kwietnia<\/strong><\/p>\n\n\n\n<p>7.00 +s. El\u017cbieta Kami\u0144ska<\/p>\n\n\n\n<p>7.00 +Stefan Pa\u0142ka od rodziny Homik\u00f3w<\/p>\n\n\n\n<p>7.00 +Aniela Kluz od Rozalii i Stanis\u0142awa Miku\u0142a<\/p>\n\n\n\n<p>18.00 O Bo\u017ce b\u0142ogos\u0142awie\u0144stwo i opiek\u0119 Matki Bo\u017cej dla taty w 60 urodziny<\/p>\n\n\n\n<p>18.00+Eugeniusz Baran od \u017cony<\/p>\n\n\n\n<p>*+Andrzej Malak od rodziny Korbeckich (RPA)<\/p>\n\n\n\n<p>*+Adam Kyc od s\u0105siad\u00f3w z Herbowej (Zambia)<\/p>\n\n\n\n<p>*+Ludwika Per\u0142owska (4)<\/p>\n\n\n\n<p><strong>Sobota 5 kwietnia<\/strong><\/p>\n\n\n\n<p>7.00 Wynagradzaj\u0105ca&nbsp; za zniewagi&nbsp; Niepokalanemu Sercu NMP<\/p>\n\n\n\n<p>7.00 +Wojciech Paul (15 rocz.)<\/p>\n\n\n\n<p>7.00 +Jerzy Krzto\u0144 od Alicji i Zdzis\u0142awa Myrda<\/p>\n\n\n\n<p>18.00 +Stanis\u0142aw Kotula (8 rocz.), +Eugenia Janusz<\/p>\n\n\n\n<p>18.00 +Adam Cag (10 rocz.)<\/p>\n\n\n\n<p>18.00 +Zofia Rachelska (3 rocz.), +Miros\u0142aw (8 rocz.)<\/p>\n\n\n\n<p>*+Zygmunt Hydzik od rodziny G\u00f3ra (RPA)<\/p>\n\n\n\n<p>*+Adam Kyc od Krystyny z rodzin\u0105<\/p>\n\n\n\n<p>*+Ludwika Per\u0142owska (5)<\/p>\n\n\n\n<p><strong>Niedziela 6 kwietnia<\/strong><\/p>\n\n\n\n<p>7.00 O zdrowie i Bo\u017ce b\u0142ogos\u0142awie\u0144stwo dla si\u00f3str z r\u00f3\u017cy Marty Rabczak i \u017cycie wieczne dla +Teresy Basiura<\/p>\n\n\n\n<p>7.00 +Stanis\u0142aw Podg\u00f3rski (5 rocz.)<\/p>\n\n\n\n<p>9.00 +W\u0142adys\u0142aw, +Katarzyna Lasota<\/p>\n\n\n\n<p>9.00 +Bogdan Pasternak, +Katarzyna Kawa<\/p>\n\n\n\n<p>*+Anatol Pitera od rodziny Harchut (RPA)<\/p>\n\n\n\n<p>*+Adam Kyc od rodziny Borowc\u00f3w i Fornali (Zambia)<\/p>\n\n\n\n<p>*+Ludwika Per\u0142owska (6)<\/p>\n\n\n\n<p>10.30 +Stefania, +Jan, +Zdzis\u0142aw Tabisz<\/p>\n\n\n\n<p>10.30 +Marian Tobiasz<\/p>\n\n\n\n<p>12.00 Za parafian \u017cywych i zmar\u0142ych<\/p>\n\n\n\n<p>16.00 +Agnieszka Maci\u0105 od brata<\/p>\n\n\n\n<p>18.00 +Alfreda (4 rocz.), Wac\u0142aw Piekie\u0142ek (2 rocz.)<\/p>\n","protected":false},"excerpt":{"rendered":"<p>&#8230;<\/p>\n","protected":false},"author":1,"featured_media":7644,"comment_status":"closed","ping_status":"","sticky":false,"template":"","format":"standard","meta":{"ngg_post_thumbnail":0,"footnotes":""},"categories":[4,25,13],"tags":[],"class_list":["post-9765","post","type-post","status-publish","format-standard","has-post-thumbnail","hentry","category-intencje","category-news","category-newsy"],"_links":{"self":[{"href":"https:\/\/mbsniezna.rzeszow.pl\/index.php\/wp-json\/wp\/v2\/posts\/9765","targetHints":{"allow":["GET"]}}],"collection":[{"href":"https:\/\/mbsniezna.rzeszow.pl\/index.php\/wp-json\/wp\/v2\/posts"}],"about":[{"href":"https:\/\/mbsniezna.rzeszow.pl\/index.php\/wp-json\/wp\/v2\/types\/post"}],"author":[{"embeddable":true,"href":"https:\/\/mbsniezna.rzeszow.pl\/index.php\/wp-json\/wp\/v2\/users\/1"}],"replies":[{"embeddable":true,"href":"https:\/\/mbsniezna.rzeszow.pl\/index.php\/wp-json\/wp\/v2\/comments?post=9765"}],"version-history":[{"count":1,"href":"https:\/\/mbsniezna.rzeszow.pl\/index.php\/wp-json\/wp\/v2\/posts\/9765\/revisions"}],"predecessor-version":[{"id":9766,"href":"https:\/\/mbsniezna.rzeszow.pl\/index.php\/wp-json\/wp\/v2\/posts\/9765\/revisions\/9766"}],"wp:featuredmedia":[{"embeddable":true,"href":"https:\/\/mbsniezna.rzeszow.pl\/index.php\/wp-json\/wp\/v2\/media\/7644"}],"wp:attachment":[{"href":"https:\/\/mbsniezna.rzeszow.pl\/index.php\/wp-json\/wp\/v2\/media?parent=9765"}],"wp:term":[{"taxonomy":"category","embeddable":true,"href":"https:\/\/mbsniezna.rzeszow.pl\/index.php\/wp-json\/wp\/v2\/categories?post=9765"},{"taxonomy":"post_tag","embeddable":true,"href":"https:\/\/mbsniezna.rzeszow.pl\/index.php\/wp-json\/wp\/v2\/tags?post=9765"}],"curies":[{"name":"wp","href":"https:\/\/api.w.org\/{rel}","templated":true}]}}