{"id":9782,"date":"2025-04-19T23:32:54","date_gmt":"2025-04-19T21:32:54","guid":{"rendered":"https:\/\/mbsniezna.rzeszow.pl\/?p=9782"},"modified":"2025-04-19T23:32:54","modified_gmt":"2025-04-19T21:32:54","slug":"intencje-mszalne-21-27-kwietnia-2025-r","status":"publish","type":"post","link":"https:\/\/mbsniezna.rzeszow.pl\/index.php\/2025\/04\/19\/intencje-mszalne-21-27-kwietnia-2025-r\/","title":{"rendered":"INTENCJE MSZALNE 21 \u2013 27 KWIETNIA 2025 R."},"content":{"rendered":"\n<p><strong>Poniedzia\u0142ek Wielkanocny \u2013 21 kwietnia<\/strong><\/p>\n\n\n\n<p>7.00 O b\u0142ogos\u0142awie\u0144stwo Bo\u017ce dla uczestnik\u00f3w plenerowej Drogi Krzy\u017cowej i ich rodzin<\/p>\n\n\n\n<p>9.00 O b\u0142og. Bo\u017ce dla stra\u017cak\u00f3w i ich rodzin z OSP Budziw\u00f3j i OSP D\u0119bina oraz za zmar\u0142ych stra\u017cak\u00f3w<\/p>\n\n\n\n<p>9.00 +Bronis\u0142aw, +Gra\u017cyna Syno\u015b<\/p>\n\n\n\n<p>*+Anatol Pitera od rodziny Guga\u0142\u00f3w (Zambia)<\/p>\n\n\n\n<p>*+Adam Kyc od Danuty Giero\u0144 (RPA)<\/p>\n\n\n\n<p>*+Ludwika Per\u0142owska (20)<\/p>\n\n\n\n<p>10.30&nbsp; Dzi\u0119kczynna i o Bo\u017ce b\u0142og. dla Grzegorza i Marii Jacek w 30-lecie ma\u0142\u017ce\u0144stwa<\/p>\n\n\n\n<p>12.00 Za parafian \u017cywych i zmar\u0142ych<\/p>\n\n\n\n<p>16.00 +Dorota Cerbi\u0144ska<\/p>\n\n\n\n<p>18.00 +Krzysztof Urbanek od znajomych ze studi\u00f3w syna Adriana<\/p>\n\n\n\n<p><strong>Wtorek \u2013 22 kwietnia<\/strong><\/p>\n\n\n\n<p>7.00 +Wiktoria, +J\u00f3zef, +Franciszek Rak<\/p>\n\n\n\n<p>7.00 +Jerzy Krzto\u0144 od Krystyny i Wac\u0142awa Pitera z rodzin\u0105<\/p>\n\n\n\n<p>18.00 +Anna G\u0142owacka, +J\u00f3zef Dyl\u0105g<\/p>\n\n\n\n<p>18.00 +Czes\u0142awa Pa\u015bkiewicz (3 rocz.), ++ z rodziny<\/p>\n\n\n\n<p>*+Zygmunt Hydzik od przyjaci\u00f3\u0142ek Doroty<\/p>\n\n\n\n<p>*+J\u00f3zef Ocieczek od rodziny Stachurskich (RPA)<\/p>\n\n\n\n<p>*+Ludwika Per\u0142owska (21)<\/p>\n\n\n\n<p><strong>\u015aroda 23 kwietnia<\/strong><\/p>\n\n\n\n<p>7.00 +Zofia Dr\u0105g od Ch\u00f3ru Fontes<\/p>\n\n\n\n<p>7.00 +Eugeniusz Baran od wnuczki Joanny z rodzin\u0105<\/p>\n\n\n\n<p>18.00 +El\u017cbieta Wac\u0142awik&nbsp; (4 rocz.)<\/p>\n\n\n\n<p>18.00 +Stefan Pa\u0142ka od syna<\/p>\n\n\n\n<p>*+Andrzej Malak od kole\u017canek i koleg\u00f3w z MPGK Rzesz\u00f3w (Zambia)<\/p>\n\n\n\n<p>*+Marian Pr\u0119dki od Krystyny i Zbigniewa Flis (RPA)<\/p>\n\n\n\n<p>*+Ludwika Per\u0142owska (22)<\/p>\n\n\n\n<p><strong>Czwartek 24 kwietnia<\/strong><\/p>\n\n\n\n<p>7.00 W intencji Bogu wiadomej<\/p>\n\n\n\n<p>7.00 +Anna Kluz od Janiny Domino z rodzin\u0105<\/p>\n\n\n\n<p>18.00 +Joanna, +Zenon Pryk<\/p>\n\n\n\n<p>18.00 +Zbigniew P\u0105czek od syna Damiana<\/p>\n\n\n\n<p>*+Robert R\u0105czka od rodziny B\u0142\u0105d\u00f3w (Zambia)<\/p>\n\n\n\n<p>*+Maria G\u0142odowska od rodziny Bomb\u00f3w i Janik\u00f3w (RPA)<\/p>\n\n\n\n<p>*+Ludwika Per\u0142owska (23)<\/p>\n\n\n\n<p><strong>Pi\u0105tek 25 kwietnia<\/strong><\/p>\n\n\n\n<p>7 .00 Dzi\u0119kczynna za wszelkie \u0142aski oraz o b\u0142ogos\u0142awie\u0144stwo dla Mariusza i jego rodziny<\/p>\n\n\n\n<p>7.00 +Zbigniew P\u0105czek od syna Damiana (zako\u0144czenie Mszy pogrzebowych)<\/p>\n\n\n\n<p>7.00 +Aniela Kluz od Andrzeja Pa\u015bko z rodzin\u0105<\/p>\n\n\n\n<p>18.00 +Janina Koc\u00f3r (4 rocz.)<\/p>\n\n\n\n<p>18.00 +Genowefa, +Bogdan, +Agnieszka&nbsp; Klonowscy<\/p>\n\n\n\n<p>18.00 +Eugeniusz Baran od c\u00f3rki Haliny z m\u0119\u017cem (zako\u0144czenie Mszy pogrzebowych)<\/p>\n\n\n\n<p>*+Robert R\u0105czka od kole\u017canek z pracy \u017cony Magdaleny (Zambia)<\/p>\n\n\n\n<p>*+Edward T\u0142uczek od rodziny Tomczyk (RPA)<\/p>\n\n\n\n<p>*+Ludwika Per\u0142owska (24)<\/p>\n\n\n\n<p><strong>Sobota 26 kwietnia<\/strong><\/p>\n\n\n\n<p>7.00 O Bo\u017ce b\u0142ogos\u0142awie\u0144stwo dla Romana i odzyskanie ojcowizny<\/p>\n\n\n\n<p>7.00 +Stefan Pa\u0142ka od Renaty \u017bmuda<\/p>\n\n\n\n<p>18.00 +Zofia Woli\u0144ska (4 rocz.)<\/p>\n\n\n\n<p>18.00 +Edward Witek (6 rocz.)<\/p>\n\n\n\n<p>*+Helena Biestek od Tadeusza Matu\u0142y z rodzin\u0105 (Zambia)<\/p>\n\n\n\n<p>*+Anatol Pitera od rodziny Smo\u0142kowicz (RPA)<\/p>\n\n\n\n<p>*+Ludwika Per\u0142owska (25)<\/p>\n\n\n\n<p><strong>Niedziela 27 kwietnia<\/strong><\/p>\n\n\n\n<p>7.00 O b\u0142ogos\u0142awie\u0144stwo Bo\u017ce dla si\u00f3str z r\u00f3\u017cy Olgi Kotula i za zmar\u0142e siostry<\/p>\n\n\n\n<p>9.00 Dzi\u0119kczynna za otrzymane \u0142aski i o Bo\u017ce b\u0142ogos\u0142awie\u0144stwo dla Jakuba w 5 urodziny<\/p>\n\n\n\n<p>9.00 O zdrowie duszy cia\u0142a dla dzieci i wnuk\u00f3w od Bogumi\u0142y<\/p>\n\n\n\n<p>*+Zdzis\u0142aw Tabisz od Haliny Szczypek (Zambia)<\/p>\n\n\n\n<p>*+Anatol Pitera od Zofii Kr\u00f3l z rodzin\u0105 (RPA)<\/p>\n\n\n\n<p>*+Ludwika Per\u0142owska (26)<\/p>\n\n\n\n<p>10.30 +Anna Krasowska (6 rocz.), +Bronis\u0142aw<\/p>\n\n\n\n<p>12.00 za parafian \u017cywych i zmar\u0142ych<\/p>\n\n\n\n<p>16.00 +Ks. W\u0142adys\u0142aw Rybka, Piotr, +Karolina Rybka<\/p>\n\n\n\n<p>18.00 +Aleksandra, +Antoni G\u0142odowski<\/p>\n","protected":false},"excerpt":{"rendered":"<p>&#8230;<\/p>\n","protected":false},"author":1,"featured_media":6845,"comment_status":"closed","ping_status":"","sticky":false,"template":"","format":"standard","meta":{"ngg_post_thumbnail":0,"footnotes":""},"categories":[4,25,13],"tags":[],"class_list":["post-9782","post","type-post","status-publish","format-standard","has-post-thumbnail","hentry","category-intencje","category-news","category-newsy"],"_links":{"self":[{"href":"https:\/\/mbsniezna.rzeszow.pl\/index.php\/wp-json\/wp\/v2\/posts\/9782","targetHints":{"allow":["GET"]}}],"collection":[{"href":"https:\/\/mbsniezna.rzeszow.pl\/index.php\/wp-json\/wp\/v2\/posts"}],"about":[{"href":"https:\/\/mbsniezna.rzeszow.pl\/index.php\/wp-json\/wp\/v2\/types\/post"}],"author":[{"embeddable":true,"href":"https:\/\/mbsniezna.rzeszow.pl\/index.php\/wp-json\/wp\/v2\/users\/1"}],"replies":[{"embeddable":true,"href":"https:\/\/mbsniezna.rzeszow.pl\/index.php\/wp-json\/wp\/v2\/comments?post=9782"}],"version-history":[{"count":1,"href":"https:\/\/mbsniezna.rzeszow.pl\/index.php\/wp-json\/wp\/v2\/posts\/9782\/revisions"}],"predecessor-version":[{"id":9783,"href":"https:\/\/mbsniezna.rzeszow.pl\/index.php\/wp-json\/wp\/v2\/posts\/9782\/revisions\/9783"}],"wp:featuredmedia":[{"embeddable":true,"href":"https:\/\/mbsniezna.rzeszow.pl\/index.php\/wp-json\/wp\/v2\/media\/6845"}],"wp:attachment":[{"href":"https:\/\/mbsniezna.rzeszow.pl\/index.php\/wp-json\/wp\/v2\/media?parent=9782"}],"wp:term":[{"taxonomy":"category","embeddable":true,"href":"https:\/\/mbsniezna.rzeszow.pl\/index.php\/wp-json\/wp\/v2\/categories?post=9782"},{"taxonomy":"post_tag","embeddable":true,"href":"https:\/\/mbsniezna.rzeszow.pl\/index.php\/wp-json\/wp\/v2\/tags?post=9782"}],"curies":[{"name":"wp","href":"https:\/\/api.w.org\/{rel}","templated":true}]}}