{"id":9784,"date":"2025-04-19T23:33:37","date_gmt":"2025-04-19T21:33:37","guid":{"rendered":"https:\/\/mbsniezna.rzeszow.pl\/?p=9784"},"modified":"2025-04-19T23:33:37","modified_gmt":"2025-04-19T21:33:37","slug":"niedziela-wielkanocna-20-kwietnia-2025-r","status":"publish","type":"post","link":"https:\/\/mbsniezna.rzeszow.pl\/index.php\/2025\/04\/19\/niedziela-wielkanocna-20-kwietnia-2025-r\/","title":{"rendered":"NIEDZIELA WIELKANOCNA \u201320 KWIETNIA 2025 R."},"content":{"rendered":"\n<ol class=\"wp-block-list\">\n<li>Dzisiaj Niedziela Zmartwychwstania \u2013 porz\u0105dek Mszy\u00a0 niedzielny.<\/li>\n<\/ol>\n\n\n\n<ol start=\"2\" class=\"wp-block-list\">\n<li>Jutro drugi dzie\u0144 \u015awi\u0105t \u2013 porz\u0105dek Mszy tak\u017ce niedzielny.<\/li>\n<\/ol>\n\n\n\n<ol start=\"3\" class=\"wp-block-list\">\n<li>Trwa Nowenna przed \u015awi\u0119tem Mi\u0142osierdzia \u2013 b\u0119dzie po Mszy wieczornej.<\/li>\n<\/ol>\n\n\n\n<ol start=\"4\" class=\"wp-block-list\">\n<li>W czwartek od 17.15 adoracja i spowied\u017a.<\/li>\n<\/ol>\n\n\n\n<ol start=\"5\" class=\"wp-block-list\">\n<li>We czwartek o 19.00 zbi\u00f3rka wszystkich ministrant\u00f3w.<\/li>\n<\/ol>\n\n\n\n<ol start=\"6\" class=\"wp-block-list\">\n<li>W pi\u0105tek spotkania oazy: 16.30 m\u0142odsza, 19.00 starsza.<\/li>\n<\/ol>\n\n\n\n<ol start=\"7\" class=\"wp-block-list\">\n<li>W najbli\u017cszy pi\u0105tek o 19.30 zapraszamy na wieczorne nabo\u017ce\u0144stwo z cyklu \u201eJa jestem drog\u0105, prawd\u0105 i \u017cyciem\u201d \u2013 katecheza i adoracja. Temat: \u201eB\u0142ogos\u0142awieni, kt\u00f3rzy nie widzieli, a uwierzyli\u201d. Zapraszamy na modlitw\u0119.<\/li>\n<\/ol>\n\n\n\n<ol start=\"8\" class=\"wp-block-list\">\n<li>W przysz\u0142\u0105 niedziel\u0119 \u015awi\u0119to Bo\u017cego Mi\u0142osierdzia \u2013 sk\u0142adka na Caritas Diecezji Rzeszowskiej.<\/li>\n<\/ol>\n\n\n\n<ol start=\"9\" class=\"wp-block-list\">\n<li>B\u00f3g zap\u0142a\u0107 za ofiary na sprz\u0105tanie ko\u015bcio\u0142a. W tym tygodniu prosimy rodziny\u00a0 z ul. Senatorskiej, <strong>numery nieparzyste od 205 do 215i<\/strong> \u2013 205, 207, 207a, 207b,213, 215a, 215b, 215c, 215d, 215e, 215f, 215g, 215h, 215i.<\/li>\n<\/ol>\n\n\n\n<ol start=\"10\" class=\"wp-block-list\">\n<li>Zapowiedzi: Jakub Anto\u0144 i Julia Le\u015b, Arkadiusz Kalita i Karolina Wilk, Kamil Je\u017c i Diana Skoczylas.<\/li>\n<\/ol>\n\n\n\n<ol start=\"11\" class=\"wp-block-list\">\n<li>Bardzo serdecznie dzi\u0119kujemy wszystkim zaanga\u017cowanym w przygotowanie i przeprowadzenie liturgii Triduum Paschalnego:<\/li>\n<\/ol>\n\n\n\n<p>&#8211; Liturgicznej S\u0142u\u017cbie o\u0142tarza: ministrantom i lektorom<\/p>\n\n\n\n<p>&#8211; lektorom doros\u0142ym<\/p>\n\n\n\n<p>&#8211; panom szafarzom<\/p>\n\n\n\n<p>&#8211; oazie<\/p>\n\n\n\n<p>&#8211; scholii na czele z s. Aniel\u0105<\/p>\n\n\n\n<p>&#8211; panom organistom: Rafa\u0142owi, Krzysztofowi i Maciejowi<\/p>\n\n\n\n<p>&#8211; ch\u00f3rowi z panem dyrygentem Andrzejem<\/p>\n\n\n\n<p>&#8211; panom stra\u017cakom z OSP Budziw\u00f3j i OSP D\u0119bina<\/p>\n\n\n\n<p>&#8211; m\u0142odzie\u017cy ze \u201eStrzelca\u201d<\/p>\n\n\n\n<p>&#8211; pa\u0144stwu Annie i Piotrowi \u2013 sprz\u0105taj\u0105cym ko\u015bci\u00f3\u0142<\/p>\n\n\n\n<p>&#8211; siostrze zakrystiance Teresie za przygotowanie Ciemnicy i Bo\u017cego Grobu i udekorowanie ko\u015bcio\u0142a na \u015bwi\u0119ta \u2013 podzi\u0119kowanie dla grupy os\u00f3b, kt\u00f3re siostr\u0119 w tej pracy ofiarnie wspomagaj\u0105<\/p>\n\n\n\n<p>&#8211; dzi\u0119kujemy za ofiary na kwiaty, za dar wielkoczwartkowy&nbsp;<\/p>\n\n\n\n<p>&#8211; dzi\u0119kujemy za sk\u0142adan\u0105 w \u015arod\u0119 Popielcow\u0105 i do skarbony wielkopostn\u0105 ja\u0142mu\u017cn\u0119 na budow\u0119 studni na Madagaskarze, z\u0142o\u017cono 12 tys. z\u0142. Na FB mamy podzi\u0119kowanie, kt\u00f3re przes\u0142a\u0142 nam ks. abp Tomasz Grysa \u2013 Nuncjusz Apostolski na Madagaskarze. Nadto&nbsp; 2&nbsp;800 z\u0142 przekazano naszym siostrom do RPA na akcj\u0119 \u201eChleb dla dzieci\u201d.<\/p>\n\n\n\n<p>&#8211; serdeczne podzi\u0119kowania sk\u0142adam ksi\u0119\u017com wsp\u00f3\u0142pracownikom \u2013 ks. Micha\u0142owi i ks. Szymonowi \u2013 za pos\u0142ug\u0119 w konfesjonale, za g\u0142oszenie s\u0142owa Bo\u017cego oraz za przygotowanie i przeprowadzenie liturgii Triduum.<\/p>\n","protected":false},"excerpt":{"rendered":"<p>&#8230;<\/p>\n","protected":false},"author":1,"featured_media":6844,"comment_status":"closed","ping_status":"","sticky":false,"template":"","format":"standard","meta":{"ngg_post_thumbnail":0,"footnotes":""},"categories":[25,13,14],"tags":[],"class_list":["post-9784","post","type-post","status-publish","format-standard","has-post-thumbnail","hentry","category-news","category-newsy","category-ogloszenia_duszp"],"_links":{"self":[{"href":"https:\/\/mbsniezna.rzeszow.pl\/index.php\/wp-json\/wp\/v2\/posts\/9784","targetHints":{"allow":["GET"]}}],"collection":[{"href":"https:\/\/mbsniezna.rzeszow.pl\/index.php\/wp-json\/wp\/v2\/posts"}],"about":[{"href":"https:\/\/mbsniezna.rzeszow.pl\/index.php\/wp-json\/wp\/v2\/types\/post"}],"author":[{"embeddable":true,"href":"https:\/\/mbsniezna.rzeszow.pl\/index.php\/wp-json\/wp\/v2\/users\/1"}],"replies":[{"embeddable":true,"href":"https:\/\/mbsniezna.rzeszow.pl\/index.php\/wp-json\/wp\/v2\/comments?post=9784"}],"version-history":[{"count":1,"href":"https:\/\/mbsniezna.rzeszow.pl\/index.php\/wp-json\/wp\/v2\/posts\/9784\/revisions"}],"predecessor-version":[{"id":9785,"href":"https:\/\/mbsniezna.rzeszow.pl\/index.php\/wp-json\/wp\/v2\/posts\/9784\/revisions\/9785"}],"wp:featuredmedia":[{"embeddable":true,"href":"https:\/\/mbsniezna.rzeszow.pl\/index.php\/wp-json\/wp\/v2\/media\/6844"}],"wp:attachment":[{"href":"https:\/\/mbsniezna.rzeszow.pl\/index.php\/wp-json\/wp\/v2\/media?parent=9784"}],"wp:term":[{"taxonomy":"category","embeddable":true,"href":"https:\/\/mbsniezna.rzeszow.pl\/index.php\/wp-json\/wp\/v2\/categories?post=9784"},{"taxonomy":"post_tag","embeddable":true,"href":"https:\/\/mbsniezna.rzeszow.pl\/index.php\/wp-json\/wp\/v2\/tags?post=9784"}],"curies":[{"name":"wp","href":"https:\/\/api.w.org\/{rel}","templated":true}]}}