{"id":9875,"date":"2025-09-21T13:38:02","date_gmt":"2025-09-21T11:38:02","guid":{"rendered":"https:\/\/mbsniezna.rzeszow.pl\/?p=9875"},"modified":"2025-09-21T13:42:18","modified_gmt":"2025-09-21T11:42:18","slug":"xxv-niedziela-zwykla-21-wrzesnia-2025-r","status":"publish","type":"post","link":"https:\/\/mbsniezna.rzeszow.pl\/index.php\/2025\/09\/21\/xxv-niedziela-zwykla-21-wrzesnia-2025-r\/","title":{"rendered":"XXV NIEDZIELA ZWYK\u0141A \u2013 21 WRZE\u015aNIA 2025 R."},"content":{"rendered":"\n<p><a><\/a>1. Dzisiaj zbi\u00f3rka do puszek na utrzymanie Katolickiego Radia \u201eVIA\u201d.<\/p>\n\n\n\n<p>2. We wtorek wspomnienie \u015bw. o. Pio.<\/p>\n\n\n\n<p>3. We wtorek o 16.30 w ko\u015bciele zbi\u00f3rka kandydat\u00f3w na ministrant\u00f3w. Zapraszamy ch\u0142opc\u00f3w od klasy IV.<\/p>\n\n\n\n<p>4. W tym tygodniu b\u0119d\u0105 spotkania dla rodzic\u00f3w i dzieci komunijnych z klas III \u2013 we wtorek klasa IIIa i IIIb, a we \u015brod\u0119 IIIc i IIId. Spotkania rozpoczynaj\u0105 si\u0119 Msz\u0105 \u015bw. o godz. 18.00, podczas kt\u00f3rej dzieci otrzymaj\u0105 r\u00f3\u017ca\u0144ce, a po Mszy kr\u00f3tkie spotkanie organizacyjne. Zapraszamy.<\/p>\n\n\n\n<p>5. We \u015brod\u0119 o 17.30 r\u00f3\u017caniec w intencji poszanowania \u017cycia \u2013 zapraszamy cz\u0142onk\u00f3w Duchowej Adopcji, po Mszy Nowenna do Matki Bo\u017cej \u015anie\u017cnej.<\/p>\n\n\n\n<p>6. We czwartek od 17.15 adoracja i mo\u017cliwo\u015b\u0107 spowiedzi.<\/p>\n\n\n\n<p>7. We czwartek o 19.00 w ko\u015bciele spotkanie kandydat\u00f3w do bierzmowania z klas VIII z naszej szko\u0142y i tych co ucz\u0119szczaj\u0105 do szk\u00f3\u0142 poza parafi\u0105.<\/p>\n\n\n\n<p>8. W pi\u0105tek nabo\u017ce\u0144stwo do Bo\u017cego Mi\u0142osierdzia \u2013 zapraszamy cz\u0142onk\u00f3w Koronki za Konaj\u0105cych.<\/p>\n\n\n\n<p>9. W pi\u0105tek spotkania oazy: o 16.30 m\u0142odsza, a o 19.00 starsza.<\/p>\n\n\n\n<p>10. W sobot\u0119 o 10.00 pr\u00f3ba scholii.<\/p>\n\n\n\n<p>11. W sobot\u0119 o 15.30 Msza \u015bw. w intencji \u017cywych i zmar\u0142ych cz\u0142onk\u00f3w OSP D\u0119bina z racji 70-lecia jednostki i po\u015bwi\u0119cenia nowych samochod\u00f3w stra\u017cackich.<\/p>\n\n\n\n<p>12. W niedziel\u0119 z racji 28 dnia miesi\u0105ca modli\u0107 si\u0119 b\u0119dziemy za przyczyn\u0105 \u015bw. Szarbela przy jego relikwiach.<\/p>\n\n\n\n<p>13. W niedziel\u0119 w Rzeszowie Marsz dla \u017cycia i rodziny. O godz. 14.00 Msza w ko\u015bciele akademickim, nast\u0119pnie marsz \u2013 fina\u0142 przy fontannie multimedialnej.<\/p>\n\n\n\n<p>14. W tym tygodniu rozpoczynamy odprawianie Mszy pogrzebowych z listopada i grudnia 2023 r. Zapraszamy rodziny.<\/p>\n\n\n\n<p>15. Zapowiedzi: Karol Mianowski i Irmina Florek (zap. I).<\/p>\n\n\n\n<p>16. B\u00f3g zap\u0142a\u0107 za ofiary na sprz\u0105tanie ko\u015bcio\u0142a. W tym tygodniu prosimy rodziny z ul. Kwiatowej w ca\u0142o\u015bci: 1, 2, 3, 7, 8, 10, 11, 12, 13, 14, 15, 18a, 19, 20, 21, 22, 29, 30b, 31, 31, 35.<\/p>\n\n\n\n<p>17. W najbli\u017cszy czwartek od godz. 15.30 na naszym parkingu b\u0119dzie ambulans diagnostyczny w kt\u00f3rym b\u0119dzie mo\u017cna wykona\u0107 badania g\u0119sto\u015bci ko\u015bci, wydolno\u015bci oskrzeli i p\u0142uc oraz zakwaszenia organizmu. Badania bez skierowania. P\u0142atne. Szczeg\u00f3\u0142y na plakacie i na ulotkach.<\/p>\n","protected":false},"excerpt":{"rendered":"<p>&#8230;<\/p>\n","protected":false},"author":1,"featured_media":9265,"comment_status":"closed","ping_status":"closed","sticky":false,"template":"","format":"standard","meta":{"ngg_post_thumbnail":0,"footnotes":""},"categories":[13],"tags":[],"class_list":["post-9875","post","type-post","status-publish","format-standard","has-post-thumbnail","hentry","category-newsy"],"_links":{"self":[{"href":"https:\/\/mbsniezna.rzeszow.pl\/index.php\/wp-json\/wp\/v2\/posts\/9875","targetHints":{"allow":["GET"]}}],"collection":[{"href":"https:\/\/mbsniezna.rzeszow.pl\/index.php\/wp-json\/wp\/v2\/posts"}],"about":[{"href":"https:\/\/mbsniezna.rzeszow.pl\/index.php\/wp-json\/wp\/v2\/types\/post"}],"author":[{"embeddable":true,"href":"https:\/\/mbsniezna.rzeszow.pl\/index.php\/wp-json\/wp\/v2\/users\/1"}],"replies":[{"embeddable":true,"href":"https:\/\/mbsniezna.rzeszow.pl\/index.php\/wp-json\/wp\/v2\/comments?post=9875"}],"version-history":[{"count":2,"href":"https:\/\/mbsniezna.rzeszow.pl\/index.php\/wp-json\/wp\/v2\/posts\/9875\/revisions"}],"predecessor-version":[{"id":9880,"href":"https:\/\/mbsniezna.rzeszow.pl\/index.php\/wp-json\/wp\/v2\/posts\/9875\/revisions\/9880"}],"wp:featuredmedia":[{"embeddable":true,"href":"https:\/\/mbsniezna.rzeszow.pl\/index.php\/wp-json\/wp\/v2\/media\/9265"}],"wp:attachment":[{"href":"https:\/\/mbsniezna.rzeszow.pl\/index.php\/wp-json\/wp\/v2\/media?parent=9875"}],"wp:term":[{"taxonomy":"category","embeddable":true,"href":"https:\/\/mbsniezna.rzeszow.pl\/index.php\/wp-json\/wp\/v2\/categories?post=9875"},{"taxonomy":"post_tag","embeddable":true,"href":"https:\/\/mbsniezna.rzeszow.pl\/index.php\/wp-json\/wp\/v2\/tags?post=9875"}],"curies":[{"name":"wp","href":"https:\/\/api.w.org\/{rel}","templated":true}]}}