{"id":9877,"date":"2025-09-21T13:40:24","date_gmt":"2025-09-21T11:40:24","guid":{"rendered":"https:\/\/mbsniezna.rzeszow.pl\/?p=9877"},"modified":"2025-09-21T13:42:01","modified_gmt":"2025-09-21T11:42:01","slug":"intencje-mszalne-od-22-do-28-wrzesnia-2025-r","status":"publish","type":"post","link":"https:\/\/mbsniezna.rzeszow.pl\/index.php\/2025\/09\/21\/intencje-mszalne-od-22-do-28-wrzesnia-2025-r\/","title":{"rendered":"INTENCJE MSZALNE OD 22 DO 28 WRZE\u015aNIA 2025 R."},"content":{"rendered":"\n<p><a><\/a>Poniedzia\u0142ek 22 wrze\u015bnia<\/p>\n\n\n\n<p>7.00 O szcz\u0119\u015bliw\u0105 operacj\u0119 i zdrowie dla Dawida<\/p>\n\n\n\n<p>7.00 +Marianna, +J\u00f3zef Kyc<\/p>\n\n\n\n<p>18.00 Dzi\u0119kczynno-przeb\u0142agalna w dniu urodzin Szymona<\/p>\n\n\n\n<p>18.00 +Andrzej Stolarski (1 rocz.)<\/p>\n\n\n\n<p>*+Janusz Mucha od rodziny Ziemniak\u00f3w (Syberia)<\/p>\n\n\n\n<p>*+Helena Jakubiec od Wandy Ziemniak z rodzin\u0105 (J\u0119drzej\u00f3w)<\/p>\n\n\n\n<p>*+Stanis\u0142awa Tobiasz od Katarzyny Mac \u2013 Kanwidze (RPA)<\/p>\n\n\n\n<p>Wtorek 23 wrze\u015bnia<\/p>\n\n\n\n<p>7.00 +Janusz Mucha od \u017cony Anny<\/p>\n\n\n\n<p>7.00 +Zenon Piekarz od te\u015bcia Stanis\u0142awa<\/p>\n\n\n\n<p>7.00 +Maria Borowiec od siostry z Bieszczad<\/p>\n\n\n\n<p>18.00 Dzi\u0119kczynna za otrzymane \u0142aski z pro\u015bb\u0105 o zdrowie i Bo\u017ce b\u0142ogos\u0142awie\u0144stwo<\/p>\n\n\n\n<p>18.00 O uzdrowienie z na\u0142ogu<\/p>\n\n\n\n<p>18.00 +Krzysztof Ba\u0142a<\/p>\n\n\n\n<p>*+Mariusz Mucha od Marii i Kazimierza Budzisz z rodzin\u0105 (Syberia)<\/p>\n\n\n\n<p>*+Teresa Basiura od pracownik\u00f3w Media Expert w Przemy\u015blu (J\u0119drzej\u00f3w)<\/p>\n\n\n\n<p>*+Edward Kyc od Renaty Stoch\u0142a z rodzin\u0105 (RPA)<\/p>\n\n\n\n<p>\u015aroda 24 wrze\u015bnia<\/p>\n\n\n\n<p>7.00 +Janusz Mucha od c\u00f3rki Patrycji<\/p>\n\n\n\n<p>7.00 +Czes\u0142aw Rojek od Tadeusza Kot z rodzin\u0105<\/p>\n\n\n\n<p>18.00 W intencji pielgrzym\u00f3w do Rumunii o Bo\u017ce b\u0142ogos\u0142awie\u0144stwo<\/p>\n\n\n\n<p>18.00 +Anna Ofiara od m\u0119\u017ca Stanis\u0142awa<\/p>\n\n\n\n<p>*+Janusz Mucha od Gra\u017cyny i Reginy (Syberia)<\/p>\n\n\n\n<p>*+Teresa Basiura od Krzysztofa i Ewy Wagiel z rodzin\u0105 (J\u0119drzej\u00f3w)<\/p>\n\n\n\n<p>*+Stanis\u0142awa Lasota od Eugeniusza Lasota (RPA)<\/p>\n\n\n\n<p>Czwartek 25 wrze\u015bnia<\/p>\n\n\n\n<p>7.00 +Zofia Grzebyk od syna Andrzeja z \u017cona Agat\u0105<\/p>\n\n\n\n<p>7.00 +Tadeusz Szczygie\u0142 od Lucyny i Krystyny z synem<\/p>\n\n\n\n<p>7.00 +Czes\u0142aw Rojek od wnuka Dominika<\/p>\n\n\n\n<p>18.00 Dzi\u0119kczynna za \u017cycie Emilki Kawa i o Bo\u017ce b\u0142ogos\u0142awie\u0144stwo dla ca\u0142ej rodziny od brata Marcina z rodzin\u0105<\/p>\n\n\n\n<p>18.00 +Zenon Piekarz od \u017cony Krystyny<\/p>\n\n\n\n<p>*+Janusz Mucha od Aleksandry Bomba (Syberia)<\/p>\n\n\n\n<p>*Wanda Migut od Dominika Cisek z rodzina (J\u0119drzej\u00f3w)<\/p>\n\n\n\n<p>*+Bronis\u0142aw Duma od swatowej Stefanii (RPA)<\/p>\n\n\n\n<p>Pi\u0105tek 26 wrze\u015bnia<\/p>\n\n\n\n<p>7.00 +Zofia Grzebyk od Bronis\u0142awa Pietrzyka<\/p>\n\n\n\n<p>18.00 Dzi\u0119kczynna i o Bo\u017ce b\u0142ogos\u0142awie\u0144stwo dla Anny i Grzegorza w 25-lecie \u015blubu<\/p>\n\n\n\n<p>18.00 Dzi\u0119kczynna za \u017cycie Emilki Kawa i o Bo\u017ce b\u0142ogos\u0142awie\u0144stwo dla ca\u0142ej rodziny od siostry Angeliki<\/p>\n\n\n\n<p>18.00 +Zofia Ko\u0142wa, +W\u0142adys\u0142aw (20 rocz.)<\/p>\n\n\n\n<p>*+Janusz Mucha od Zespo\u0142u Budziwojce z Kapel\u0105 (Syberia)<\/p>\n\n\n\n<p>*+Emil Podg\u00f3rski od s\u0105siada Janusza z rodzin\u0105 (J\u0119drzej\u00f3w)<\/p>\n\n\n\n<p>*+Zdzis\u0142aw Tabisz od Agnieszki Kuleszczyk (RPA)<\/p>\n\n\n\n<p>Sobota 27 wrze\u015bnia<\/p>\n\n\n\n<p>7.00 +Janusz Mucha od \u017cony Anny<\/p>\n\n\n\n<p>7.00 +Tadeusz Szczygie\u0142 od Jacka i Barbary Kotula<\/p>\n\n\n\n<p>15.30 W intencji \u017cywych i zmar\u0142ych cz\u0142onk\u00f3w OSP D\u0119bina<\/p>\n\n\n\n<p>18.00 O opiek\u0119 Matki Bo\u017cej \u015anie\u017cnej dla Anny w 4 urodziny<\/p>\n\n\n\n<p>18.00 +Maria, +Micha\u0142 Landa<\/p>\n\n\n\n<p>*+Janusz Mucha od rodziny Anny i Zbigniewa Mucha (Syberia)<\/p>\n\n\n\n<p>*+Hubert Pr\u0119dki od kuzynki Oli Porada (J\u0119drzej\u00f3w)<\/p>\n\n\n\n<p>*+Pawe\u0142 G\u0142owiak od kuzynek Alicji i Teresy (RPA)<\/p>\n\n\n\n<p>Niedziela 28 wrze\u015bnia<\/p>\n\n\n\n<p>7.00 O b\u0142ogos\u0142awie\u0144stwo Bo\u017ce dla si\u00f3str z r\u00f3\u017cy El\u017cbiety G\u0142odowskiej i za zmar\u0142e siostry<\/p>\n\n\n\n<p>9.00 O b\u0142ogos\u0142awie\u0144stwo Bo\u017ce dla s. Anieli i dzi\u0119kczynna za wieloletni\u0105 pos\u0142ug\u0119 wobec scholii \u015anie\u017cynki Maryi<\/p>\n\n\n\n<p>9.00 +Emil, +Wac\u0142aw Zg\u00f3rski<\/p>\n\n\n\n<p>*+Janusz Mucha od Zespo\u0142u Weso\u0142e Kumoszki (Syberia)<\/p>\n\n\n\n<p>*+Maria Gliwa od wnuczki Magdaleny z rodzina (J\u0119drzej\u00f3w)<\/p>\n\n\n\n<p>*+Pawe\u0142 G\u0142owiak od Edyty i Arkadiusza Skrzek (RPA)<\/p>\n\n\n\n<p>10.30+Stanis\u0142awa Pa\u015bko (4 rocz.), +Eugeniusz od syna z rodzin\u0105<\/p>\n\n\n\n<p>12.00 Za parafian \u017cywych i zmar\u0142ych<\/p>\n\n\n\n<p>16.00 +Aleksandra (6 rocz.), +Antoni G\u0142odowski<\/p>\n\n\n\n<p>18.00 +Joanna, +Roman Pa\u0142ka<\/p>\n","protected":false},"excerpt":{"rendered":"<p>&#8230;<\/p>\n","protected":false},"author":1,"featured_media":7666,"comment_status":"closed","ping_status":"closed","sticky":false,"template":"","format":"standard","meta":{"ngg_post_thumbnail":0,"footnotes":""},"categories":[13],"tags":[],"class_list":["post-9877","post","type-post","status-publish","format-standard","has-post-thumbnail","hentry","category-newsy"],"_links":{"self":[{"href":"https:\/\/mbsniezna.rzeszow.pl\/index.php\/wp-json\/wp\/v2\/posts\/9877","targetHints":{"allow":["GET"]}}],"collection":[{"href":"https:\/\/mbsniezna.rzeszow.pl\/index.php\/wp-json\/wp\/v2\/posts"}],"about":[{"href":"https:\/\/mbsniezna.rzeszow.pl\/index.php\/wp-json\/wp\/v2\/types\/post"}],"author":[{"embeddable":true,"href":"https:\/\/mbsniezna.rzeszow.pl\/index.php\/wp-json\/wp\/v2\/users\/1"}],"replies":[{"embeddable":true,"href":"https:\/\/mbsniezna.rzeszow.pl\/index.php\/wp-json\/wp\/v2\/comments?post=9877"}],"version-history":[{"count":2,"href":"https:\/\/mbsniezna.rzeszow.pl\/index.php\/wp-json\/wp\/v2\/posts\/9877\/revisions"}],"predecessor-version":[{"id":9879,"href":"https:\/\/mbsniezna.rzeszow.pl\/index.php\/wp-json\/wp\/v2\/posts\/9877\/revisions\/9879"}],"wp:featuredmedia":[{"embeddable":true,"href":"https:\/\/mbsniezna.rzeszow.pl\/index.php\/wp-json\/wp\/v2\/media\/7666"}],"wp:attachment":[{"href":"https:\/\/mbsniezna.rzeszow.pl\/index.php\/wp-json\/wp\/v2\/media?parent=9877"}],"wp:term":[{"taxonomy":"category","embeddable":true,"href":"https:\/\/mbsniezna.rzeszow.pl\/index.php\/wp-json\/wp\/v2\/categories?post=9877"},{"taxonomy":"post_tag","embeddable":true,"href":"https:\/\/mbsniezna.rzeszow.pl\/index.php\/wp-json\/wp\/v2\/tags?post=9877"}],"curies":[{"name":"wp","href":"https:\/\/api.w.org\/{rel}","templated":true}]}}