{"id":9881,"date":"2025-09-28T07:21:13","date_gmt":"2025-09-28T05:21:13","guid":{"rendered":"https:\/\/mbsniezna.rzeszow.pl\/?p=9881"},"modified":"2025-09-28T07:21:13","modified_gmt":"2025-09-28T05:21:13","slug":"xxvi-niedziela-zwykla-28-wrzesnia-2025-r","status":"publish","type":"post","link":"https:\/\/mbsniezna.rzeszow.pl\/index.php\/2025\/09\/28\/xxvi-niedziela-zwykla-28-wrzesnia-2025-r\/","title":{"rendered":"XXVI NIEDZIELA ZWYK\u0141A \u2013 28 WRZE\u015aNIA 2025 R."},"content":{"rendered":"\n<p><a><\/a>1. Dzisiaj jest og\u00f3lno\u015bwiatowa akcja modlitewna \u201eKoronka na ulicach \u015bwiata\u201d \u2013 zapraszamy na koronk\u0119 o godz. 15.00 przy krzy\u017cu misyjnym.<\/p>\n\n\n\n<p>2. Jutro \u015bwi\u0119to \u015bwi\u0119tych Archanio\u0142\u00f3w Micha\u0142a, Gabriela i Rafa\u0142a.<\/p>\n\n\n\n<p>3. We wtorek wspomnienie \u015bw. Hieronima \u2013 nabo\u017ce\u0144stwo do \u015bw. Antoniego.<\/p>\n\n\n\n<p>4. We wtorek o 16.30 zbi\u00f3rka kandydat\u00f3w na ministrant\u00f3w. Zapraszamy ch\u0142opc\u00f3w od 4 kl.<\/p>\n\n\n\n<p>5. We wtorek o 19.00 w salce katecheza dla doros\u0142ych.<\/p>\n\n\n\n<p>6. W \u015brod\u0119 rozpoczynaj\u0105 si\u0119 pa\u017adziernikowe nabo\u017ce\u0144stwa r\u00f3\u017ca\u0144cowe. Serdecznie zapraszamy rodzinami, zw\u0142aszcza rodziny z dzie\u0107mi I-komunijnymi. W dni powszednie r\u00f3\u017caniec b\u0119dzie po Mszy wieczornej, a w niedziel\u0119 po Mszy porannej.<\/p>\n\n\n\n<p>7. We \u015brod\u0119 o 19.00 spotkanie kandydat\u00f3w do bierzmowania klasy VIIIa i VIIIb.<\/p>\n\n\n\n<p>8. I czwartek miesi\u0105ca \u2013 od 17.15 adoracja i spowied\u017a; o 19.00 zbi\u00f3rka ministrant\u00f3w.<\/p>\n\n\n\n<p>9. I pi\u0105tek miesi\u0105ca \u2013 spowied\u017a 6.30 \u2013 7.00 i po po\u0142udniu od 16.00 do 18.00 z Komuni\u0105 co p\u00f3\u0142 godziny. Wyjazd do chorych o 8.30.<\/p>\n\n\n\n<p>10. W pi\u0105tek spotkania oazy: 16.30 m\u0142odsza, 19.00<\/p>\n\n\n\n<p>11. I sobota miesi\u0105ca \u2013 po Mszy wieczornej r\u00f3\u017caniec fatimski.<\/p>\n\n\n\n<p>12. W sobot\u0119 o 10.00 pr\u00f3ba scholii \u2013 zapraszamy nowe dziewczyny.<\/p>\n\n\n\n<p>13. I niedziela miesi\u0105ca \u2013 po prymarii zmiana tajemnic, na ka\u017cdej Mszy \u015bw. aspersja.<\/p>\n\n\n\n<p>14. W przysz\u0142\u0105 niedziel\u0119 go\u015bci\u0142 b\u0119dzie u nas ks. W\u0142adys\u0142aw Srebrny \u2013 proboszcz parafii b\u0142. W\u0142adys\u0142awa Findysza w Rzeszowie, kt\u00f3ry b\u0119dzie g\u0142osi\u0142 s\u0142owo Bo\u017ce, a po Mszach \u015bw. przed ko\u015bcio\u0142em zbiera\u0142 b\u0119dzie ofiary na budow\u0119 ich ko\u015bcio\u0142a.<\/p>\n\n\n\n<p>15. Zapowiedzi: Karol Mianowski i Irmina Florek (zap. II).<\/p>\n\n\n\n<p>16. B\u00f3g zap\u0142a\u0107 za ofiary na sprz\u0105tanie ko\u015bcio\u0142a. W tym tygodniu prosimy rodziny z ul. Poselskiej \u2013 numery parzyste od 2 do 108:2, 8, 10, 14, 20, 22, 24, 30a, 36, 40, 42, 46, 50, 56, 58, 68, 70, 74, 78, 80, 84, 88, 94, 98, 102, 104, 108.<\/p>\n\n\n\n<p>17. B\u00f3g zap\u0142a\u0107 za sk\u0142adk\u0119 inwestycyjn\u0105 z ubieg\u0142ej niedzieli \u2013 z\u0142o\u017cono 10 tysi\u0119cy z\u0142. Dzi\u0119kujemy za ofiary wp\u0142acane na konto parafialne.<\/p>\n\n\n\n<p>18. Od dzisiaj w zakrystii mo\u017cna wp\u0142aca\u0107 na pielgrzymk\u0119 do Cz\u0119stochowy.<\/p>\n\n\n\n<p>19. W pi\u0105tek w katedrze o 19.00 rozpoczyna si\u0119 katecheza przedma\u0142\u017ce\u0144ska \u2013 tzw. Kurs.<\/p>\n\n\n\n<p>20. W niedziel\u0119 5 pa\u017adziernika w godzinach od 8.00 do 14.00 Dzie\u0144 Otwarty w Przychodni Medyk na ul. Budziwojskiej. Wiele darmowych bada\u0144. Szczeg\u00f3\u0142y na plakacie.<\/p>\n\n\n\n<p>21. W sobot\u0119 11 pa\u017adziernika planowany jest parafialny wyjazd integracyjny do Kro\u015bcienka nad Dunajcem \u2013 do grobu ks. Blachnickiego. Plan: 6.00 wyjazd z parkingu przy ko\u015bciele, 10.00 Msza \u015bw. przy grobie ks. Blachnickiego, 11.00 zwiedzanie kompleksu Centrum Ruchu \u015awiat\u0142o-\u017bycie, 12.30 spacer wzd\u0142u\u017c Dunajca, 14.30 wyjazd powrotny. Koszt 60 z\u0142., prowiant we w\u0142asnym zakresie, zapisy w zakrystii.<\/p>\n\n\n\n<p>22. Jest nowy numer darmowej gazety \u201eDobre Nowiny\u201d \u2013 zapraszamy do lektury.<\/p>\n","protected":false},"excerpt":{"rendered":"<p>&#8230;<\/p>\n","protected":false},"author":1,"featured_media":8276,"comment_status":"closed","ping_status":"","sticky":false,"template":"","format":"standard","meta":{"ngg_post_thumbnail":0,"footnotes":""},"categories":[13],"tags":[],"class_list":["post-9881","post","type-post","status-publish","format-standard","has-post-thumbnail","hentry","category-newsy"],"_links":{"self":[{"href":"https:\/\/mbsniezna.rzeszow.pl\/index.php\/wp-json\/wp\/v2\/posts\/9881","targetHints":{"allow":["GET"]}}],"collection":[{"href":"https:\/\/mbsniezna.rzeszow.pl\/index.php\/wp-json\/wp\/v2\/posts"}],"about":[{"href":"https:\/\/mbsniezna.rzeszow.pl\/index.php\/wp-json\/wp\/v2\/types\/post"}],"author":[{"embeddable":true,"href":"https:\/\/mbsniezna.rzeszow.pl\/index.php\/wp-json\/wp\/v2\/users\/1"}],"replies":[{"embeddable":true,"href":"https:\/\/mbsniezna.rzeszow.pl\/index.php\/wp-json\/wp\/v2\/comments?post=9881"}],"version-history":[{"count":1,"href":"https:\/\/mbsniezna.rzeszow.pl\/index.php\/wp-json\/wp\/v2\/posts\/9881\/revisions"}],"predecessor-version":[{"id":9882,"href":"https:\/\/mbsniezna.rzeszow.pl\/index.php\/wp-json\/wp\/v2\/posts\/9881\/revisions\/9882"}],"wp:featuredmedia":[{"embeddable":true,"href":"https:\/\/mbsniezna.rzeszow.pl\/index.php\/wp-json\/wp\/v2\/media\/8276"}],"wp:attachment":[{"href":"https:\/\/mbsniezna.rzeszow.pl\/index.php\/wp-json\/wp\/v2\/media?parent=9881"}],"wp:term":[{"taxonomy":"category","embeddable":true,"href":"https:\/\/mbsniezna.rzeszow.pl\/index.php\/wp-json\/wp\/v2\/categories?post=9881"},{"taxonomy":"post_tag","embeddable":true,"href":"https:\/\/mbsniezna.rzeszow.pl\/index.php\/wp-json\/wp\/v2\/tags?post=9881"}],"curies":[{"name":"wp","href":"https:\/\/api.w.org\/{rel}","templated":true}]}}