{"id":9885,"date":"2025-09-28T07:22:28","date_gmt":"2025-09-28T05:22:28","guid":{"rendered":"https:\/\/mbsniezna.rzeszow.pl\/?p=9885"},"modified":"2025-09-28T07:22:28","modified_gmt":"2025-09-28T05:22:28","slug":"intencje-mszalne-od-29-wrzesnia-do-5-pazdziernika-2025-r","status":"publish","type":"post","link":"https:\/\/mbsniezna.rzeszow.pl\/index.php\/2025\/09\/28\/intencje-mszalne-od-29-wrzesnia-do-5-pazdziernika-2025-r\/","title":{"rendered":"INTENCJE MSZALNE OD 29 WRZE\u015aNIA DO 5 PA\u0179DZIERNIKA 2025 R."},"content":{"rendered":"\n<p><a><\/a>Poniedzia\u0142ek 29 wrze\u015bnia<\/p>\n\n\n\n<p>7.00 +Zofia Raczak, +J\u00f3zefa Przyby\u0142o<\/p>\n\n\n\n<p>18.00 +Franciszek, +Bronis\u0142awa Warzybok<\/p>\n\n\n\n<p>18.00 +Zofia Borowiec od m\u0119\u017ca Stanis\u0142awa<\/p>\n\n\n\n<p>*+Janusz Mucha od Zespo\u0142u Sztajerek (Syberia)<\/p>\n\n\n\n<p>*+Zdzis\u0142aw G\u0142odowski od kole\u017canek z kuchni z przedszkola (J\u0119drzej\u00f3w)<\/p>\n\n\n\n<p>*+Andrzej Malak od kolegi Zenka Malaka (RPA)<\/p>\n\n\n\n<p>Wtorek 30 wrze\u015bnia<\/p>\n\n\n\n<p>7.00 +Stefania, +Stanis\u0142aw Piz\u0142o<\/p>\n\n\n\n<p>7.00 +Czes\u0142aw Rojek od swat\u00f3w B\u0142a\u017cejowskich<\/p>\n\n\n\n<p>7.00 +Maria Borowiec od s\u0105siad\u00f3w Kotul\u00f3w<\/p>\n\n\n\n<p>18.00 O pomy\u015blny przebieg operacji<\/p>\n\n\n\n<p>18.00 Dzi\u0119kczynna za \u017cycie Emilki Kawa i o Bo\u017ce b\u0142ogos\u0142awie\u0144stwo dla rodzic\u00f3w, brata i dziadk\u00f3w<\/p>\n\n\n\n<p>18.00 +Maria, +Stanis\u0142aw Borowiec od zi\u0119cia Stanis\u0142awa<\/p>\n\n\n\n<p>*+Janusz Mucha od Joanny i Mariusza Pa\u0142ka (Syberia)<\/p>\n\n\n\n<p>*+Zofia Witek od J\u00f3zefa Kyca z rodzin\u0105 (J\u0119drzej\u00f3w)<\/p>\n\n\n\n<p>*+Anatol Pitera od rodziny Cios\u00f3w (RPA)<\/p>\n\n\n\n<p>\u015aroda 1 pa\u017adziernika<\/p>\n\n\n\n<p>7.00 Dzi\u0119kczynna i o Bo\u017ce b\u0142ogos\u0142awie\u0144stwo<\/p>\n\n\n\n<p>7.00 +Zenon Piekarz od Anny i Jerzego Tendelskich<\/p>\n\n\n\n<p>18.00 O zdrowie dla ks. Zbigniewa<\/p>\n\n\n\n<p>18.00 +Zdzis\u0142aw Wac\u0142awek (11 rocz.), +Dariusz<\/p>\n\n\n\n<p>18.00 +o. Adam, +Janina, +Marian Kotula<\/p>\n\n\n\n<p>*+Janusz Mucha (1) \u2013 J\u0119drzej\u00f3w<\/p>\n\n\n\n<p>*+Jan Koza od Wojciecha Kozy z \u017con\u0105 (RPA)<\/p>\n\n\n\n<p>Czwartek 2 pa\u017adziernika<\/p>\n\n\n\n<p>7.00 +Zofia Grzebyk od siostry Bronis\u0142awy<\/p>\n\n\n\n<p>7.00 +Tadeusz Szczygie\u0142 od rodziny Ro\u017ckiewicz<\/p>\n\n\n\n<p>18.00 +Anto\u015b od babci i dziadzia<\/p>\n\n\n\n<p>18.00 +Wiktoria Kotula (2 rocz.), +Franciszek<\/p>\n\n\n\n<p>18.00 +Boles\u0142aw, +Maria Kyc<\/p>\n\n\n\n<p>*+Janusz Mucha (2)<\/p>\n\n\n\n<p>*+Ryszard Mi\u0105sik od rodziny Sitarzy (RPA)<\/p>\n\n\n\n<p>Pi\u0105tek 3 pa\u017adziernika<\/p>\n\n\n\n<p>7.00 +Maria Borowiec od kuzynki Krystyny i J\u00f3zefa Mla\u015b<\/p>\n\n\n\n<p>7.00 +Zofia Grzebyk od rodziny Boles\u0142awa Szpiecha<\/p>\n\n\n\n<p>18.00 +Teresa Depa z racji imienin<\/p>\n\n\n\n<p>*+Janusz Mucha (3)<\/p>\n\n\n\n<p>*+Ryszard Mi\u0105sik od Heleny Dworak z Mrowli (RPA)<\/p>\n\n\n\n<p>Sobota 4 pa\u017adziernika<\/p>\n\n\n\n<p>7.00 +Wynagradzaj\u0105ca za zniewagi wobec Niepokalanego Serca NMP<\/p>\n\n\n\n<p>18.00 O Bo\u017ce b\u0142ogos\u0142awie\u0144stwo dla s. Teresy i wszystkich si\u00f3str<\/p>\n\n\n\n<p>18.00 +Eugeniusz Raczak (2 rocz.)<\/p>\n\n\n\n<p>*+Janusz Mucha (4)<\/p>\n\n\n\n<p>*+Krzysztof Urbanek od Weroniki Blicharz z dzie\u0107mi (RPA)<\/p>\n\n\n\n<p>Niedziela 5 pa\u017adziernika<\/p>\n\n\n\n<p>7.00 O Bo\u017ce b\u0142ogos\u0142awie\u0144stwo dla si\u00f3str z r\u00f3\u017cy Krystyny \u015al\u0105czka i za zmar\u0142e siostry<\/p>\n\n\n\n<p>7.00 O Bo\u017ce b\u0142ogos\u0142awie\u0144stwo dla si\u00f3str z r\u00f3\u017cy El\u017cbiety G\u0142odowskiej i za zmar\u0142e siostry<\/p>\n\n\n\n<p>9.00 +J\u00f3zef Ko\u0142wa (4 rocz.)<\/p>\n\n\n\n<p>*+Janusz Mucha (5)<\/p>\n\n\n\n<p>*+Krzysztof Urbanek od Janusza Czech<\/p>\n\n\n\n<p>10.30 O Bo\u017ce b\u0142ogos\u0142awie\u0144stwo i opiek\u0119 Matki Bo\u017cej \u015anie\u017cnej dla Mi\u0142osza w 9 urodziny<\/p>\n\n\n\n<p>12.00 Za parafian \u017cywych i zmar\u0142ych<\/p>\n\n\n\n<p>16.00 +Maria Pinda<\/p>\n\n\n\n<p>18.00 +Wies\u0142aw Materna (11 rocz.)<\/p>\n","protected":false},"excerpt":{"rendered":"<p>&#8230;<\/p>\n","protected":false},"author":1,"featured_media":7768,"comment_status":"closed","ping_status":"","sticky":false,"template":"","format":"standard","meta":{"ngg_post_thumbnail":0,"footnotes":""},"categories":[13],"tags":[],"class_list":["post-9885","post","type-post","status-publish","format-standard","has-post-thumbnail","hentry","category-newsy"],"_links":{"self":[{"href":"https:\/\/mbsniezna.rzeszow.pl\/index.php\/wp-json\/wp\/v2\/posts\/9885","targetHints":{"allow":["GET"]}}],"collection":[{"href":"https:\/\/mbsniezna.rzeszow.pl\/index.php\/wp-json\/wp\/v2\/posts"}],"about":[{"href":"https:\/\/mbsniezna.rzeszow.pl\/index.php\/wp-json\/wp\/v2\/types\/post"}],"author":[{"embeddable":true,"href":"https:\/\/mbsniezna.rzeszow.pl\/index.php\/wp-json\/wp\/v2\/users\/1"}],"replies":[{"embeddable":true,"href":"https:\/\/mbsniezna.rzeszow.pl\/index.php\/wp-json\/wp\/v2\/comments?post=9885"}],"version-history":[{"count":1,"href":"https:\/\/mbsniezna.rzeszow.pl\/index.php\/wp-json\/wp\/v2\/posts\/9885\/revisions"}],"predecessor-version":[{"id":9886,"href":"https:\/\/mbsniezna.rzeszow.pl\/index.php\/wp-json\/wp\/v2\/posts\/9885\/revisions\/9886"}],"wp:featuredmedia":[{"embeddable":true,"href":"https:\/\/mbsniezna.rzeszow.pl\/index.php\/wp-json\/wp\/v2\/media\/7768"}],"wp:attachment":[{"href":"https:\/\/mbsniezna.rzeszow.pl\/index.php\/wp-json\/wp\/v2\/media?parent=9885"}],"wp:term":[{"taxonomy":"category","embeddable":true,"href":"https:\/\/mbsniezna.rzeszow.pl\/index.php\/wp-json\/wp\/v2\/categories?post=9885"},{"taxonomy":"post_tag","embeddable":true,"href":"https:\/\/mbsniezna.rzeszow.pl\/index.php\/wp-json\/wp\/v2\/tags?post=9885"}],"curies":[{"name":"wp","href":"https:\/\/api.w.org\/{rel}","templated":true}]}}