{"id":9888,"date":"2025-10-04T19:17:02","date_gmt":"2025-10-04T17:17:02","guid":{"rendered":"https:\/\/mbsniezna.rzeszow.pl\/?p=9888"},"modified":"2025-10-04T19:17:02","modified_gmt":"2025-10-04T17:17:02","slug":"xxvii-niedziela-zwykla-5-pazdziernika-2025-r","status":"publish","type":"post","link":"https:\/\/mbsniezna.rzeszow.pl\/index.php\/2025\/10\/04\/xxvii-niedziela-zwykla-5-pazdziernika-2025-r\/","title":{"rendered":"XXVII NIEDZIELA ZWYK\u0141A \u2013 5 PA\u0179DZIERNIKA 2025 R."},"content":{"rendered":"\n<p><a><\/a>1. Zapraszamy na pa\u017adziernikowe nabo\u017ce\u0144stwa r\u00f3\u017ca\u0144cowe \u2013 w dni powszednie po Mszy wieczornej i w niedziele po prymarii.<\/p>\n\n\n\n<p>2. Jutro o 5.00 rano wyjazd pielgrzymki do Cz\u0119stochowy z dolnego parkingu. Samochody zostawiamy na parkingu g\u00f3rnym.<\/p>\n\n\n\n<p>3. We wtorek wspomnienie Matki Bo\u017cej R\u00f3\u017ca\u0144cowej.<\/p>\n\n\n\n<p>4. We wtorek o godz. 16.30 zbi\u00f3rka kandydat\u00f3w na ministrant\u00f3w. Zapraszamy ch\u0142opc\u00f3w od klasy IV.<\/p>\n\n\n\n<p>5. We czwartek od 17.15 adoracja i spowied\u017a \u2013 r\u00f3\u017caniec na zako\u0144czenie adoracji przed Msz\u0105 \u015bw.<\/p>\n\n\n\n<p>6. We czwartek o 19.00 w ko\u015bciele spotkania kandydat\u00f3w do bierzmowania \u2013 klasa VIIIc oraz ci uczniowie co chodz\u0105 do szk\u00f3\u0142 poza parafi\u0105.<\/p>\n\n\n\n<p>7. We czwartek o 19.00 w salce zbi\u00f3rka wszystkich ministrant\u00f3w.<\/p>\n\n\n\n<p>8. W pi\u0105tek spotkania oazy: 16.30 m\u0142odsza, 19.00 starsza.<\/p>\n\n\n\n<p>9. W sobot\u0119 11 pa\u017adziernika planowany jest parafialny wyjazd integracyjny do Kro\u015bcienka nad Dunajcem \u2013 do grobu ks. Blachnickiego. Plan: 6.00 wyjazd z parkingu przy ko\u015bciele, 10.00 Msza \u015bw. przy grobie ks. Blachnickiego, 11.00 zwiedzanie kompleksu Centrum Ruchu \u015awiat\u0142o-\u017bycie, 12.30 spacer wzd\u0142u\u017c Dunajca, 14.30 wyjazd powrotny. Koszt 60 z\u0142., prowiant we w\u0142asnym zakresie, zapisy w zakrystii. Zapraszamy do wyjazdu.<\/p>\n\n\n\n<p>10. W niedziel\u0119 za tydzie\u0144 prze\u017cywa\u0107 b\u0119dziemy XXV Dzie\u0144 Papieski pod has\u0142em \u201eJan Pawe\u0142 II prorok nadziei\u201d. B\u0119dzie zbi\u00f3rka do puszek na Fundacj\u0119 \u201eDzie\u0142o Nowego Tysi\u0105clecia\u201d.<\/p>\n\n\n\n<p>11. B\u00f3g zap\u0142a\u0107 za ofiary na sprz\u0105tanie ko\u015bcio\u0142a. W tym tygodniu prosimy rodziny z ul. Poselskiej numery nieparzyste od 1 do 81: 1, 3, 5, 9, 17, 27, 39, 41a, 43, 57, 59, 61, 65, 67, 69, 71, 71a, 73, 79, 81.<\/p>\n\n\n\n<p>12. Zapowiedzi: Karol Mianowski i Irmina Florek (zap. III).<\/p>\n\n\n\n<p>13. Dzisiaj od 8.00 do 14.00 dzie\u0144 otwarty w Przychodni Medyk na ul. Budziwojskiej.<\/p>\n\n\n\n<p>14. Bardzo serdecznie dzi\u0119kujemy ks. W\u0142adys\u0142awowi Srebrnemu z parafii b\u0142. ks. W\u0142adys\u0142awa Findysza w Rzeszowie za wyg\u0142oszone s\u0142owo. Po Mszy \u015bw. cz\u0142onkowie komitetu budowy ko\u015bcio\u0142a b\u0119d\u0105 zbiera\u0107 ofiary na jego wyko\u0144czenie.<\/p>\n","protected":false},"excerpt":{"rendered":"<p>&#8230;<\/p>\n","protected":false},"author":1,"featured_media":8276,"comment_status":"closed","ping_status":"","sticky":false,"template":"","format":"standard","meta":{"ngg_post_thumbnail":0,"footnotes":""},"categories":[13],"tags":[],"class_list":["post-9888","post","type-post","status-publish","format-standard","has-post-thumbnail","hentry","category-newsy"],"_links":{"self":[{"href":"https:\/\/mbsniezna.rzeszow.pl\/index.php\/wp-json\/wp\/v2\/posts\/9888","targetHints":{"allow":["GET"]}}],"collection":[{"href":"https:\/\/mbsniezna.rzeszow.pl\/index.php\/wp-json\/wp\/v2\/posts"}],"about":[{"href":"https:\/\/mbsniezna.rzeszow.pl\/index.php\/wp-json\/wp\/v2\/types\/post"}],"author":[{"embeddable":true,"href":"https:\/\/mbsniezna.rzeszow.pl\/index.php\/wp-json\/wp\/v2\/users\/1"}],"replies":[{"embeddable":true,"href":"https:\/\/mbsniezna.rzeszow.pl\/index.php\/wp-json\/wp\/v2\/comments?post=9888"}],"version-history":[{"count":1,"href":"https:\/\/mbsniezna.rzeszow.pl\/index.php\/wp-json\/wp\/v2\/posts\/9888\/revisions"}],"predecessor-version":[{"id":9889,"href":"https:\/\/mbsniezna.rzeszow.pl\/index.php\/wp-json\/wp\/v2\/posts\/9888\/revisions\/9889"}],"wp:featuredmedia":[{"embeddable":true,"href":"https:\/\/mbsniezna.rzeszow.pl\/index.php\/wp-json\/wp\/v2\/media\/8276"}],"wp:attachment":[{"href":"https:\/\/mbsniezna.rzeszow.pl\/index.php\/wp-json\/wp\/v2\/media?parent=9888"}],"wp:term":[{"taxonomy":"category","embeddable":true,"href":"https:\/\/mbsniezna.rzeszow.pl\/index.php\/wp-json\/wp\/v2\/categories?post=9888"},{"taxonomy":"post_tag","embeddable":true,"href":"https:\/\/mbsniezna.rzeszow.pl\/index.php\/wp-json\/wp\/v2\/tags?post=9888"}],"curies":[{"name":"wp","href":"https:\/\/api.w.org\/{rel}","templated":true}]}}